{"id":125743,"date":"2022-05-08T10:47:09","date_gmt":"2022-05-08T13:47:09","guid":{"rendered":"http:\/\/www.r2cpress.com.br\/v1\/?p=125743"},"modified":"2022-05-09T09:47:18","modified_gmt":"2022-05-09T12:47:18","slug":"do-fundo-do-bau-de-jose-leite-478","status":"publish","type":"post","link":"https:\/\/www.r2cpress.com.br\/v1\/2022\/05\/08\/do-fundo-do-bau-de-jose-leite-478\/","title":{"rendered":"DO FUNDO DO BA\u00da DE JOS\u00c9 LEITE."},"content":{"rendered":"<p style=\"text-align: center;\"><a href=\"http:\/\/www.r2cpress.com.br\/v1\/wp-content\/uploads\/2022\/03\/bau-1-300x214-1.jpg\"><img loading=\"lazy\" class=\"aligncenter size-full wp-image-125467\" src=\"http:\/\/www.r2cpress.com.br\/v1\/wp-content\/uploads\/2022\/03\/bau-1-300x214-1.jpg\" alt=\"\" width=\"300\" height=\"214\" \/><\/a><\/p>\n<p style=\"text-align: center;\"><strong>1) 62 ANOS DE JOS\u00c9 LEITE EM ILH\u00c9US. <\/strong><\/p>\n<p style=\"text-align: center;\"><strong>2) VISITAS DA SEMANA. <\/strong><\/p>\n<p style=\"text-align: center;\"><strong>3) A HIST\u00d3RIA DA IMPRENSA BAHIANA NO ANO DE 1953 (8\u00aa PARTE). <\/strong><\/p>\n<p style=\"text-align: center;\"><strong>4) UMA SUGEST\u00c3O PARA AS FESTAS NATALINAS. <\/strong><\/p>\n<p style=\"text-align: center;\"><strong>5) AS FOTOS DESTAQUES DA SEMANA. <\/strong><!--more--><\/p>\n<p style=\"text-align: center;\"><strong>1) 62 ANOS DE JOS\u00c9 LEITE EM ILH\u00c9US.<a href=\"http:\/\/www.r2cpress.com.br\/v1\/wp-content\/uploads\/2022\/03\/1.jpg\"><img loading=\"lazy\" class=\"aligncenter size-medium wp-image-125469\" src=\"http:\/\/www.r2cpress.com.br\/v1\/wp-content\/uploads\/2022\/03\/1-300x137.jpg\" alt=\"\" width=\"300\" height=\"137\" srcset=\"https:\/\/www.r2cpress.com.br\/v1\/wp-content\/uploads\/2022\/03\/1-300x137.jpg 300w, https:\/\/www.r2cpress.com.br\/v1\/wp-content\/uploads\/2022\/03\/1.jpg 600w\" sizes=\"(max-width: 300px) 100vw, 300px\" \/><\/a> <\/strong><\/p>\n<p style=\"text-align: center;\">Meus amigos de ILH\u00c9US, JUAZEIRO DO NORTE e de todo o BRASIL, gra\u00e7as ao meu BOM DEUS e ao PADRE C\u00cdCERO DO JUAZEIRO e S\u00c3O JORGE DOS ILH\u00c9US, conseguimos chegar em 2022 com SA\u00daDE. Essa coluna \u00e9 a d\u00e9cima s\u00e9tima desse ANO. Vamos pedir a DEUS que tenhamos um ano de muita sa\u00fade para todos n\u00f3s, o resto, com ajuda do TODO PODEROSO, vamos conseguir. SALVE 2022!<a href=\"http:\/\/www.r2cpress.com.br\/v1\/wp-content\/uploads\/2022\/05\/2.jpg\"><img loading=\"lazy\" class=\"aligncenter size-medium wp-image-125744\" src=\"http:\/\/www.r2cpress.com.br\/v1\/wp-content\/uploads\/2022\/05\/2-258x300.jpg\" alt=\"\" width=\"258\" height=\"300\" srcset=\"https:\/\/www.r2cpress.com.br\/v1\/wp-content\/uploads\/2022\/05\/2-258x300.jpg 258w, https:\/\/www.r2cpress.com.br\/v1\/wp-content\/uploads\/2022\/05\/2.jpg 509w\" sizes=\"(max-width: 258px) 100vw, 258px\" \/><\/a><\/p>\n<p style=\"text-align: center;\">E foi assim a inaugura\u00e7\u00e3o do CENTRO DE PESQUISAS DO CACAU (CEPLAC), com muitas autoridades presentes. Leia a not\u00edcia na foto acima divulgada no JORNAL DI\u00c1RIO DA TARDE, edi\u00e7\u00e3o de 08-06-1972, 50 anos atr\u00e1s.<\/p>\n<p style=\"text-align: center;\">Clique na foto para ampliar!<\/p>\n<p style=\"text-align: center;\"><strong>2) VISITAS DA SEMANA.<a href=\"http:\/\/www.r2cpress.com.br\/v1\/wp-content\/uploads\/2022\/05\/3.jpg\"><img loading=\"lazy\" class=\"aligncenter size-medium wp-image-125745\" src=\"http:\/\/www.r2cpress.com.br\/v1\/wp-content\/uploads\/2022\/05\/3-300x166.jpg\" alt=\"\" width=\"300\" height=\"166\" srcset=\"https:\/\/www.r2cpress.com.br\/v1\/wp-content\/uploads\/2022\/05\/3-300x166.jpg 300w, https:\/\/www.r2cpress.com.br\/v1\/wp-content\/uploads\/2022\/05\/3.jpg 600w\" sizes=\"(max-width: 300px) 100vw, 300px\" \/><\/a> <\/strong><\/p>\n<p style=\"text-align: center;\">Na \u00faltima quarta-feira (04-05-2022) quem visitou JOS\u00c9 LEITE foi o jovem ex. Vereador e Professor MAKRISI ANGELI DE S\u00c1. Uma observa\u00e7\u00e3o: O Professor MAKRISI foi o primeiro Professor de inform\u00e1tica de JOS\u00c9 LEITE a quase 20 anos atr\u00e1s.<a href=\"http:\/\/www.r2cpress.com.br\/v1\/wp-content\/uploads\/2022\/05\/4.jpg\"><img loading=\"lazy\" class=\"aligncenter size-medium wp-image-125746\" src=\"http:\/\/www.r2cpress.com.br\/v1\/wp-content\/uploads\/2022\/05\/4-300x198.jpg\" alt=\"\" width=\"300\" height=\"198\" srcset=\"https:\/\/www.r2cpress.com.br\/v1\/wp-content\/uploads\/2022\/05\/4-300x198.jpg 300w, https:\/\/www.r2cpress.com.br\/v1\/wp-content\/uploads\/2022\/05\/4.jpg 600w\" sizes=\"(max-width: 300px) 100vw, 300px\" \/><\/a><\/p>\n<p style=\"text-align: center;\">Tamb\u00e9m na quarta-feira (04-05-2022) a visita foi do Mega Empres\u00e1rio JERIEL SILVA SANTOS (INTERVIG) agora com novo visual. Est\u00e1 parecendo um cantor. Foi bom te ver assim amig\u00e3o!<a href=\"http:\/\/www.r2cpress.com.br\/v1\/wp-content\/uploads\/2022\/05\/5.jpg\"><img loading=\"lazy\" class=\"aligncenter size-medium wp-image-125747\" src=\"http:\/\/www.r2cpress.com.br\/v1\/wp-content\/uploads\/2022\/05\/5-225x300.jpg\" alt=\"\" width=\"225\" height=\"300\" srcset=\"https:\/\/www.r2cpress.com.br\/v1\/wp-content\/uploads\/2022\/05\/5-225x300.jpg 225w, https:\/\/www.r2cpress.com.br\/v1\/wp-content\/uploads\/2022\/05\/5.jpg 450w\" sizes=\"(max-width: 225px) 100vw, 225px\" \/><\/a><\/p>\n<p style=\"text-align: center;\">Na ter\u00e7a-feira (03-05-2022) a visita foi de dois amigos que JOS\u00c9 LEITE conhece desde o tempo de adolescentes. MARCELO e RAPOSO. DEUS ABEN\u00c7OE OS DOIS!<\/p>\n<p style=\"text-align: center;\"><strong>3) A HIST\u00d3RIA DA IMPRENSA BAHIANA NO ANO DE 1953 (8\u00aa PARTE). <\/strong><\/p>\n<p style=\"text-align: center;\">Antes de chegar a ILH\u00c9US, no final da d\u00e9cada de 1950, OSWALDO BERNARDES DE SOUZA (O homem do terno marrom) j\u00e1 era um grande jornalista de destaque em SALVADOR. No ano de 1953, lan\u00e7ou um \u00e1lbum com fotografias (foto) contando a importante hist\u00f3ria da IMPRENSA BAHIANA at\u00e9 aquela \u00e9poca. Um trabalho muito importante porque tamb\u00e9m conta a hist\u00f3ria da Imprensa no Interior do Estado da BAHIA, inclusive ILH\u00c9US. Clique na foto para ampliar.<a href=\"http:\/\/www.r2cpress.com.br\/v1\/wp-content\/uploads\/2022\/05\/6.jpg\"><img loading=\"lazy\" class=\"aligncenter size-medium wp-image-125748\" src=\"http:\/\/www.r2cpress.com.br\/v1\/wp-content\/uploads\/2022\/05\/6-300x207.jpg\" alt=\"\" width=\"300\" height=\"207\" srcset=\"https:\/\/www.r2cpress.com.br\/v1\/wp-content\/uploads\/2022\/05\/6-300x207.jpg 300w, https:\/\/www.r2cpress.com.br\/v1\/wp-content\/uploads\/2022\/05\/6.jpg 600w\" sizes=\"(max-width: 300px) 100vw, 300px\" \/><\/a><\/p>\n<p style=\"text-align: center;\">No ano de 1953, ITABUNA j\u00e1 tinha Emissora de R\u00c1DIO, mas os servi\u00e7os de ALTO FALANTES tamb\u00e9m eram sucesso. Para quem n\u00e3o conhece, em cada esquina das Ruas do Centro tinham um ALTO FALANTE no parapeito dos Pr\u00e9dios. \u201cA V\u00d3Z DA LIBERDADE\u201d fez sucesso em ITABUNA.<\/p>\n<p style=\"text-align: center;\">Clique na foto para ampliar!<a href=\"http:\/\/www.r2cpress.com.br\/v1\/wp-content\/uploads\/2022\/05\/7.jpg\"><img loading=\"lazy\" class=\"aligncenter size-medium wp-image-125749\" src=\"http:\/\/www.r2cpress.com.br\/v1\/wp-content\/uploads\/2022\/05\/7-300x210.jpg\" alt=\"\" width=\"300\" height=\"210\" srcset=\"https:\/\/www.r2cpress.com.br\/v1\/wp-content\/uploads\/2022\/05\/7-300x210.jpg 300w, https:\/\/www.r2cpress.com.br\/v1\/wp-content\/uploads\/2022\/05\/7.jpg 600w\" sizes=\"(max-width: 300px) 100vw, 300px\" \/><\/a><\/p>\n<p style=\"text-align: center;\">Outro servi\u00e7o de ALTO FALANTE que tamb\u00e9m marcou \u00e9poca foi o da foto acima.<\/p>\n<p style=\"text-align: center;\">Clique na foto para ampliar!<a href=\"http:\/\/www.r2cpress.com.br\/v1\/wp-content\/uploads\/2022\/05\/8.jpg\"><img loading=\"lazy\" class=\"aligncenter size-medium wp-image-125750\" src=\"http:\/\/www.r2cpress.com.br\/v1\/wp-content\/uploads\/2022\/05\/8-300x206.jpg\" alt=\"\" width=\"300\" height=\"206\" srcset=\"https:\/\/www.r2cpress.com.br\/v1\/wp-content\/uploads\/2022\/05\/8-300x206.jpg 300w, https:\/\/www.r2cpress.com.br\/v1\/wp-content\/uploads\/2022\/05\/8.jpg 600w\" sizes=\"(max-width: 300px) 100vw, 300px\" \/><\/a><\/p>\n<p style=\"text-align: center;\">Queremos homenagear \u201cIM MEMORIAN\u201d o saudoso Jornalista OSWALDO BERNARDES DE SOUZA por resgatar a HIST\u00d3RIA DA IMPRENSA BAHIANA.<\/p>\n<p style=\"text-align: center;\">Clique na foto para ampliar!<\/p>\n<p style=\"text-align: center;\"><strong>4) UMA SUGEST\u00c3O PARA AS FESTAS NATALINAS.<a href=\"http:\/\/www.r2cpress.com.br\/v1\/wp-content\/uploads\/2022\/05\/9.jpg\"><img loading=\"lazy\" class=\"aligncenter size-medium wp-image-125751\" src=\"http:\/\/www.r2cpress.com.br\/v1\/wp-content\/uploads\/2022\/05\/9-300x198.jpg\" alt=\"\" width=\"300\" height=\"198\" srcset=\"https:\/\/www.r2cpress.com.br\/v1\/wp-content\/uploads\/2022\/05\/9-300x198.jpg 300w, https:\/\/www.r2cpress.com.br\/v1\/wp-content\/uploads\/2022\/05\/9.jpg 600w\" sizes=\"(max-width: 300px) 100vw, 300px\" \/><\/a> <\/strong><\/p>\n<p style=\"text-align: center;\">N\u00e3o meus amigos, essa sugest\u00e3o n\u00e3o \u00e9 para AS FESTAS DESSE ANO DE 2022, e sim para AS FESTAS em que se comemoram os 500 ANOS DE ILH\u00c9US (2034), daqui a 12 anos! Clique na foto para ampliar!<a href=\"http:\/\/www.r2cpress.com.br\/v1\/wp-content\/uploads\/2022\/05\/10.jpg\"><img loading=\"lazy\" class=\"aligncenter size-medium wp-image-125752\" src=\"http:\/\/www.r2cpress.com.br\/v1\/wp-content\/uploads\/2022\/05\/10-300x198.jpg\" alt=\"\" width=\"300\" height=\"198\" srcset=\"https:\/\/www.r2cpress.com.br\/v1\/wp-content\/uploads\/2022\/05\/10-300x198.jpg 300w, https:\/\/www.r2cpress.com.br\/v1\/wp-content\/uploads\/2022\/05\/10.jpg 600w\" sizes=\"(max-width: 300px) 100vw, 300px\" \/><\/a><\/p>\n<p style=\"text-align: center;\">No ano de 2034, JOS\u00c9 LEITE vai estar com 91 ANOS. Ser\u00e1 que ele vai conseguir ver essa decora\u00e7\u00e3o da foto acima? DEUS \u00c9 QUEM SABE!<\/p>\n<p style=\"text-align: center;\">Clique na foto para ampliar!<\/p>\n<p style=\"text-align: center;\"><strong>5) AS FOTOS DESTAQUES DA SEMANA.<a href=\"http:\/\/www.r2cpress.com.br\/v1\/wp-content\/uploads\/2022\/05\/11.jpg\"><img loading=\"lazy\" class=\"aligncenter size-medium wp-image-125753\" src=\"http:\/\/www.r2cpress.com.br\/v1\/wp-content\/uploads\/2022\/05\/11-300x169.jpg\" alt=\"\" width=\"300\" height=\"169\" srcset=\"https:\/\/www.r2cpress.com.br\/v1\/wp-content\/uploads\/2022\/05\/11-300x169.jpg 300w, https:\/\/www.r2cpress.com.br\/v1\/wp-content\/uploads\/2022\/05\/11.jpg 600w\" sizes=\"(max-width: 300px) 100vw, 300px\" \/><\/a> <\/strong><\/p>\n<p style=\"text-align: center;\">Aconteceu na \u00faltima sexta-feira (29-04-2022) uma bonita Reuni\u00e3o Festiva do ROTARY CLUB DE ILH\u00c9US no Sal\u00e3o de Festas do HOTEL JARDIM ATL\u00c2NTICO, onde tomou Posse como o mais novo Rotariano, RAIMUNDO MACHADO J\u00daNIOR.<\/p>\n<p style=\"text-align: center;\">1\u00aa Foto: O Presidente JOSEVANDRO NASCIMENTO colocando a ins\u00edgnia do ROTARY na Lapela do Palet\u00f3 de J\u00daNIOR.<\/p>\n<p style=\"text-align: center;\">2\u00aa Foto: Momento do discurso do mais novo Rotariano, RAIMUNDO MACHADO J\u00daNIOR, ladeado por sua esposa N\u00c9IA e o Diretor PAULO MOREIRA.<\/p>\n<p style=\"text-align: center;\">Clique na foto para ampliar!<a href=\"http:\/\/www.r2cpress.com.br\/v1\/wp-content\/uploads\/2022\/05\/12.jpg\"><img loading=\"lazy\" class=\"aligncenter size-medium wp-image-125754\" src=\"http:\/\/www.r2cpress.com.br\/v1\/wp-content\/uploads\/2022\/05\/12-300x131.jpg\" alt=\"\" width=\"300\" height=\"131\" srcset=\"https:\/\/www.r2cpress.com.br\/v1\/wp-content\/uploads\/2022\/05\/12-300x131.jpg 300w, https:\/\/www.r2cpress.com.br\/v1\/wp-content\/uploads\/2022\/05\/12.jpg 600w\" sizes=\"(max-width: 300px) 100vw, 300px\" \/><\/a><\/p>\n<p style=\"text-align: center;\">No \u00faltimo s\u00e1bado (30-04-2022) aconteceu, na LOJA MA\u00c7\u00d4NICA REGENERA\u00c7\u00c3O SULBAHIANA, uma Feijoada em prol da Festa do Centen\u00e1rio da Loja que acontecer\u00e1 no pr\u00f3ximo dia 02-07-2022. Quase 200 MA\u00c7ONS e convidados compareceram. Tamb\u00e9m, a FEIJOADA com o tempero preparado pelo IRM\u00c3O AN\u00cdBAL \u00e9 uma DEL\u00cdCIA!<\/p>\n<p style=\"text-align: center;\">2\u00ba Foto: Da esquerda para direita, o Irm\u00e3o e Ex. Vener\u00e1vel da Loja ANT\u00d4NIO OCKE, o Ma\u00e7om Cel. C\u00c2MARA E O ATUAL Vener\u00e1vel da LOJA MA\u00c7ONICA, DEUSDETE. Clique na foto para ampliar!<a href=\"http:\/\/www.r2cpress.com.br\/v1\/wp-content\/uploads\/2022\/05\/13.jpg\"><img loading=\"lazy\" class=\"aligncenter size-medium wp-image-125755\" src=\"http:\/\/www.r2cpress.com.br\/v1\/wp-content\/uploads\/2022\/05\/13-300x196.jpg\" alt=\"\" width=\"300\" height=\"196\" srcset=\"https:\/\/www.r2cpress.com.br\/v1\/wp-content\/uploads\/2022\/05\/13-300x196.jpg 300w, https:\/\/www.r2cpress.com.br\/v1\/wp-content\/uploads\/2022\/05\/13.jpg 600w\" sizes=\"(max-width: 300px) 100vw, 300px\" \/><\/a><\/p>\n<p style=\"text-align: center;\">Enquanto no \u00faltimo s\u00e1bado, a MA\u00c7ONARIA de ILH\u00c9US ofereceu FEIJOADA, observe na foto acima o que aconteceu no CLUBE BRILHO DO SOL, em JUAZEIRO da BAHIA na Festa da MA\u00c7ONARIA. 20 CONSTELONAS ASSADAS NA BRASA. Quem aparece na foto acima \u00e9 o amigo Cel. GERALDO DIAS DE ANDRADE, que convidou JOS\u00c9 LEITE, mas no ano que vem (2023) ele n\u00e3o vai perder! Clique na foto para ampliar!<a href=\"http:\/\/www.r2cpress.com.br\/v1\/wp-content\/uploads\/2022\/05\/14.jpg\"><img loading=\"lazy\" class=\"aligncenter size-medium wp-image-125756\" src=\"http:\/\/www.r2cpress.com.br\/v1\/wp-content\/uploads\/2022\/05\/14-300x158.jpg\" alt=\"\" width=\"300\" height=\"158\" srcset=\"https:\/\/www.r2cpress.com.br\/v1\/wp-content\/uploads\/2022\/05\/14-300x158.jpg 300w, https:\/\/www.r2cpress.com.br\/v1\/wp-content\/uploads\/2022\/05\/14.jpg 600w\" sizes=\"(max-width: 300px) 100vw, 300px\" \/><\/a><\/p>\n<p style=\"text-align: center;\">1\u00aa Foto: OLHA QUE FELIZ COINCID\u00caNCIA!<\/p>\n<p style=\"text-align: center;\">Aconteceu nessa \u00faltima quinta-feira (05-05-2022) o anivers\u00e1rio do amigo ALU\u00cdZIO FILHO, grande Radialista e Empres\u00e1rio de JUAZEIRO DO NORTE.<\/p>\n<p style=\"text-align: center;\">2\u00aa Foto: No mesmo dia foi o anivers\u00e1rio do amigo de ILH\u00c9US, LIB\u00c9RIO MENEZES FILHO, Empres\u00e1rio bem sucedido e Presidente da ASSOCIA\u00c7\u00c3O COMERCIAL DE ILH\u00c9US. MUITA SA\u00daDE PARA OS DOIS AMIGOS!<\/p>\n<p style=\"text-align: center;\">Clique na foto para ampliar!<a href=\"http:\/\/www.r2cpress.com.br\/v1\/wp-content\/uploads\/2022\/05\/15.jpg\"><img loading=\"lazy\" class=\"aligncenter size-medium wp-image-125757\" src=\"http:\/\/www.r2cpress.com.br\/v1\/wp-content\/uploads\/2022\/05\/15-300x225.jpg\" alt=\"\" width=\"300\" height=\"225\" srcset=\"https:\/\/www.r2cpress.com.br\/v1\/wp-content\/uploads\/2022\/05\/15-300x225.jpg 300w, https:\/\/www.r2cpress.com.br\/v1\/wp-content\/uploads\/2022\/05\/15.jpg 600w\" sizes=\"(max-width: 300px) 100vw, 300px\" \/><\/a><\/p>\n<p style=\"text-align: center;\">Olha a\u00ed meus amigos Cearenses visitando a Terra Natal de CHICO ANYSIO, onde se encontra na Pra\u00e7a principal da cidade de MARANGUAPE \u2013 CE, a Est\u00e1tua do grande artista que alegrou e alegra, mesmo depois de morto, com seu humor, a maioria dos brasileiros. Muito em breve teremos uma EST\u00c1TUA na Pra\u00e7a PADRE C\u00cdCERO em JUAZEIRO DO NORTE, do famoso Historiador DANIEL WALKER.<\/p>\n<p style=\"text-align: center;\">Clique na foto para ampliar!<a href=\"http:\/\/www.r2cpress.com.br\/v1\/wp-content\/uploads\/2022\/05\/16.jpg\"><img loading=\"lazy\" class=\"aligncenter size-medium wp-image-125758\" src=\"http:\/\/www.r2cpress.com.br\/v1\/wp-content\/uploads\/2022\/05\/16-300x198.jpg\" alt=\"\" width=\"300\" height=\"198\" srcset=\"https:\/\/www.r2cpress.com.br\/v1\/wp-content\/uploads\/2022\/05\/16-300x198.jpg 300w, https:\/\/www.r2cpress.com.br\/v1\/wp-content\/uploads\/2022\/05\/16.jpg 600w\" sizes=\"(max-width: 300px) 100vw, 300px\" \/><\/a><\/p>\n<p style=\"text-align: center;\">Como JOS\u00c9 LEITE prometeu dar os PARAB\u00c9NS para a PREFEITURA DE ILH\u00c9US quando completasse a 3\u00aa etapa do ASFALTO na Rua 7 de Setembro.<\/p>\n<p style=\"text-align: center;\">Observe as fotos acima! PARAB\u00c9NS!<\/p>\n<p style=\"text-align: center;\">Clique na foto para ampliar!<\/p>\n<p style=\"text-align: center;\"><strong>E NO MAIS&#8230;<a href=\"http:\/\/www.r2cpress.com.br\/v1\/wp-content\/uploads\/2022\/05\/17.jpeg\"><img loading=\"lazy\" class=\"aligncenter size-medium wp-image-125759\" src=\"http:\/\/www.r2cpress.com.br\/v1\/wp-content\/uploads\/2022\/05\/17-245x300.jpeg\" alt=\"\" width=\"245\" height=\"300\" srcset=\"https:\/\/www.r2cpress.com.br\/v1\/wp-content\/uploads\/2022\/05\/17-245x300.jpeg 245w, https:\/\/www.r2cpress.com.br\/v1\/wp-content\/uploads\/2022\/05\/17.jpeg 489w\" sizes=\"(max-width: 245px) 100vw, 245px\" \/><\/a> <\/strong><\/p>\n<p style=\"text-align: center;\">MINHA M\u00c3EZINHA QUERIDA DO CORA\u00c7\u00c3O, S\u00d3 QUERO TE DIZER: VOC\u00ca \u00c9 O MAIOR AMOR DA MINHA VIDA!!<\/p>\n<p style=\"text-align: center;\">UM FELIZ DIA PARA TODAS AS MAM\u00c3ES DE ILH\u00c9US, JUAZEIRO DO NORTE E DE TODO BRASIL!<\/p>\n<p style=\"text-align: center;\">PARA CONFERIR O BA\u00da ANTERIOR CLIQUE <a href=\"http:\/\/www.r2cpress.com.br\/v1\/2022\/04\/29\/do-fundo-do-bau-de-jose-leite-477\/\"><strong><span style=\"color: #ff0000;\">AQUI<\/span><\/strong><\/a><\/p>\n<p style=\"text-align: center;\">Texto e fotos: Jos\u00e9 Leite de Souza.<\/p>\n<p style=\"text-align: center;\">jleitesouza@hotmail.com<\/p>\n<p style=\"text-align: center;\">(73) 3634-3134.<\/p>\n<p>&nbsp;<\/p>\n<p>&nbsp;<\/p>\n<p>&nbsp;<\/p>\n<p>&nbsp;<\/p>\n<p>&nbsp;<\/p>\n<p>&nbsp;<\/p>\n<p>&nbsp;<\/p>\n<p>&nbsp;<\/p>\n<p>&nbsp;<\/p>\n<p>&nbsp;<\/p>\n<p>&nbsp;<\/p>\n<p>&nbsp;<\/p>\n<p>&nbsp;<\/p>\n<p>&nbsp;<\/p>\n<p>&nbsp;<\/p>\n<p>&nbsp;<\/p>\n<p>&nbsp;<\/p>\n<p>&nbsp;<\/p>\n<p>&nbsp;<\/p>\n<p>&nbsp;<\/p>\n<p>&nbsp;<\/p>\n<p>&nbsp;<\/p>\n<p>&nbsp;<\/p>\n<p>&nbsp;<\/p>\n<p>&nbsp;<\/p>\n<p>&nbsp;<\/p>\n<p>&nbsp;<\/p>\n<p>&nbsp;<\/p>\n<p>&nbsp;<\/p>\n<p>&nbsp;<\/p>\n<p>&nbsp;<\/p>\n<p>&nbsp;<\/p>\n<p>&nbsp;<\/p>\n<p>&nbsp;<\/p>\n<p>&nbsp;<\/p>\n<p>&nbsp;<\/p>\n<p>&nbsp;<\/p>\n<p>&nbsp;<\/p>\n<p>&nbsp;<\/p>\n<p>&nbsp;<\/p>\n<p>&nbsp;<\/p>\n<p>&nbsp;<\/p>\n<p>&nbsp;<\/p>\n<p>&nbsp;<\/p>\n<p>&nbsp;<\/p>\n<p>&nbsp;<\/p>\n<p>&nbsp;<\/p>\n<p>&nbsp;<\/p>\n<p>&nbsp;<\/p>\n<p>&nbsp;<\/p>\n<p>&nbsp;<\/p>\n<p>&nbsp;<\/p>\n<p>&nbsp;<\/p>\n<p>&nbsp;<\/p>\n<p>&nbsp;<\/p>\n<p>&nbsp;<\/p>\n<p>&nbsp;<\/p>\n<p>&nbsp;<\/p>\n<p>&nbsp;<\/p>\n<p>&nbsp;<\/p>\n","protected":false},"excerpt":{"rendered":"<p>1) 62 ANOS DE JOS\u00c9 LEITE EM ILH\u00c9US. 2) VISITAS DA SEMANA. 3) A HIST\u00d3RIA DA IMPRENSA BAHIANA NO ANO DE 1953 (8\u00aa PARTE). 4) UMA SUGEST\u00c3O PARA AS FESTAS NATALINAS. 5) AS FOTOS DESTAQUES DA SEMANA.<\/p>\n","protected":false},"author":2,"featured_media":0,"comment_status":"open","ping_status":"open","sticky":false,"template":"","format":"standard","meta":{"_links_to":"","_links_to_target":""},"categories":[39],"tags":[],"_links":{"self":[{"href":"https:\/\/www.r2cpress.com.br\/v1\/wp-json\/wp\/v2\/posts\/125743"}],"collection":[{"href":"https:\/\/www.r2cpress.com.br\/v1\/wp-json\/wp\/v2\/posts"}],"about":[{"href":"https:\/\/www.r2cpress.com.br\/v1\/wp-json\/wp\/v2\/types\/post"}],"author":[{"embeddable":true,"href":"https:\/\/www.r2cpress.com.br\/v1\/wp-json\/wp\/v2\/users\/2"}],"replies":[{"embeddable":true,"href":"https:\/\/www.r2cpress.com.br\/v1\/wp-json\/wp\/v2\/comments?post=125743"}],"version-history":[{"count":2,"href":"https:\/\/www.r2cpress.com.br\/v1\/wp-json\/wp\/v2\/posts\/125743\/revisions"}],"predecessor-version":[{"id":125761,"href":"https:\/\/www.r2cpress.com.br\/v1\/wp-json\/wp\/v2\/posts\/125743\/revisions\/125761"}],"wp:attachment":[{"href":"https:\/\/www.r2cpress.com.br\/v1\/wp-json\/wp\/v2\/media?parent=125743"}],"wp:term":[{"taxonomy":"category","embeddable":true,"href":"https:\/\/www.r2cpress.com.br\/v1\/wp-json\/wp\/v2\/categories?post=125743"},{"taxonomy":"post_tag","embeddable":true,"href":"https:\/\/www.r2cpress.com.br\/v1\/wp-json\/wp\/v2\/tags?post=125743"}],"curies":[{"name":"wp","href":"https:\/\/api.w.org\/{rel}","templated":true}]}}