{"id":12618,"date":"2011-04-08T21:15:59","date_gmt":"2011-04-09T00:15:59","guid":{"rendered":"http:\/\/www.r2cpress.com.br\/v1\/?p=12618"},"modified":"2011-04-08T21:15:59","modified_gmt":"2011-04-09T00:15:59","slug":"capacitacao-de-servidores-publicos-2011","status":"publish","type":"post","link":"https:\/\/www.r2cpress.com.br\/v1\/2011\/04\/08\/capacitacao-de-servidores-publicos-2011\/","title":{"rendered":"CAPACITA\u00c7\u00c3O DE SERVIDORES P\u00daBLICOS 2011"},"content":{"rendered":"<p>De: Mariza Reis <msreis @uesc.br><br \/>\nAssunto: <strong>CAPACITA\u00c7\u00c3O DE SERVIDORES P\u00daBLICOS 2011<br \/>\n<\/strong><br \/>\nCorpo da mensagem:<br \/>\nBoa noite Rabat.<\/p>\n<p>J\u00e1 est\u00e3o abertas as inscri\u00e7\u00f5es para as turmas de maio dos cursos de capacita\u00e7\u00e3o a dist\u00e2ncia oferecidos a servidores p\u00fablicos pelo Tribunal de Contas da Uni\u00e3o. Os cursos s\u00e3o introdut\u00f3rios e buscam disseminar normativos legais e boas pr\u00e1ticas administrativas que devem ser observados por todos os servidores em suas atribui\u00e7\u00f5es.<\/p>\n<p>     Para se inscrever basta acessar a p\u00e1gina www.tcu.gov.br\/gestor e escolher os cursos de sua prefer\u00eancia. As inscri\u00e7\u00f5es para as turmas de maio est\u00e3o abertas at\u00e9 o dia 17 deste m\u00eas. As aulas ocorrem de 2 a 27 de maio.<\/p>\n<p>     Est\u00e3o dispon\u00edveis quatro op\u00e7\u00f5es de cursos: Introdu\u00e7\u00e3o \u00e0 Lei de Responsabilidade Fiscal, Planejamento e Or\u00e7amento P\u00fablico, Presta\u00e7\u00e3o de Contas de Conv\u00eanios, e Licita\u00e7\u00f5es e Contratos Administrativos.<\/p>\n<p>Podem participar servidores federais, estaduais e municipais, independentemente do local onde atuem, pois as aulas s\u00e3o realizadas a dist\u00e2ncia por meio da internet. Al\u00e9m disso, os cursos s\u00e3o gratuitos.<\/p>\n<p>Grata,<br \/>\nMariza Reis<\/msreis><\/p>\n","protected":false},"excerpt":{"rendered":"<p>De: Mariza Reis Assunto: CAPACITA\u00c7\u00c3O DE SERVIDORES P\u00daBLICOS 2011 Corpo da mensagem: Boa noite Rabat. J\u00e1 est\u00e3o abertas as inscri\u00e7\u00f5es para as turmas de maio dos cursos de capacita\u00e7\u00e3o a dist\u00e2ncia oferecidos a servidores p\u00fablicos pelo Tribunal de Contas da Uni\u00e3o. Os cursos s\u00e3o introdut\u00f3rios e buscam disseminar normativos legais e boas pr\u00e1ticas administrativas que [&hellip;]<\/p>\n","protected":false},"author":2,"featured_media":0,"comment_status":"open","ping_status":"open","sticky":false,"template":"","format":"standard","meta":{"_links_to":"","_links_to_target":""},"categories":[10],"tags":[],"_links":{"self":[{"href":"https:\/\/www.r2cpress.com.br\/v1\/wp-json\/wp\/v2\/posts\/12618"}],"collection":[{"href":"https:\/\/www.r2cpress.com.br\/v1\/wp-json\/wp\/v2\/posts"}],"about":[{"href":"https:\/\/www.r2cpress.com.br\/v1\/wp-json\/wp\/v2\/types\/post"}],"author":[{"embeddable":true,"href":"https:\/\/www.r2cpress.com.br\/v1\/wp-json\/wp\/v2\/users\/2"}],"replies":[{"embeddable":true,"href":"https:\/\/www.r2cpress.com.br\/v1\/wp-json\/wp\/v2\/comments?post=12618"}],"version-history":[{"count":2,"href":"https:\/\/www.r2cpress.com.br\/v1\/wp-json\/wp\/v2\/posts\/12618\/revisions"}],"predecessor-version":[{"id":12620,"href":"https:\/\/www.r2cpress.com.br\/v1\/wp-json\/wp\/v2\/posts\/12618\/revisions\/12620"}],"wp:attachment":[{"href":"https:\/\/www.r2cpress.com.br\/v1\/wp-json\/wp\/v2\/media?parent=12618"}],"wp:term":[{"taxonomy":"category","embeddable":true,"href":"https:\/\/www.r2cpress.com.br\/v1\/wp-json\/wp\/v2\/categories?post=12618"},{"taxonomy":"post_tag","embeddable":true,"href":"https:\/\/www.r2cpress.com.br\/v1\/wp-json\/wp\/v2\/tags?post=12618"}],"curies":[{"name":"wp","href":"https:\/\/api.w.org\/{rel}","templated":true}]}}