{"id":12694,"date":"2011-04-10T09:07:37","date_gmt":"2011-04-10T12:07:37","guid":{"rendered":"http:\/\/www.r2cpress.com.br\/v1\/?p=12694"},"modified":"2011-04-10T09:07:37","modified_gmt":"2011-04-10T12:07:37","slug":"desorganizacao-revolta-e-desinformacao-deixam-candidatos-na-porta-das-escolas","status":"publish","type":"post","link":"https:\/\/www.r2cpress.com.br\/v1\/2011\/04\/10\/desorganizacao-revolta-e-desinformacao-deixam-candidatos-na-porta-das-escolas\/","title":{"rendered":"Desorganiza\u00e7\u00e3o, revolta e desinforma\u00e7\u00e3o deixam candidatos na porta das escolas"},"content":{"rendered":"<p><a href=\"http:\/\/www.r2cpress.com.br\/v1\/wp-content\/uploads\/mont-concurso.jpg\"><img loading=\"lazy\" src=\"http:\/\/www.r2cpress.com.br\/v1\/wp-content\/uploads\/mont-concurso.jpg\" alt=\"\" title=\"mont concurso\" width=\"300\" height=\"300\" class=\"alignright size-full wp-image-12695\" srcset=\"https:\/\/www.r2cpress.com.br\/v1\/wp-content\/uploads\/mont-concurso.jpg 300w, https:\/\/www.r2cpress.com.br\/v1\/wp-content\/uploads\/mont-concurso-150x150.jpg 150w\" sizes=\"(max-width: 300px) 100vw, 300px\" \/><\/a>Desorganiza\u00e7\u00e3o. Revolta. Sentimento de abandono. Neste domingo (10), pela manh\u00e3, muitos candidatos chegaram ao local de provas do concurso p\u00fablico da Prefeitura de Ilh\u00e9us, sem que tivessem a exata no\u00e7\u00e3o do que estava acontecendo. As escolas estavam vazias. Os port\u00f5es, fechados. N\u00e3o havia, sequer, um funcion\u00e1rio da empresa ou da Prefeitura para informar os motivos.<\/p>\n<p>Suspenso ontem \u00e0 tarde depois que a Pol\u00edcia Federal encontrou em m\u00e3os de um funcion\u00e1rio da empresa realizadora, gabaritos e provas que seriam aplicadas no dia seguinte, o concurso foi, pela quarta vez, transferido, agora, para 8 de maio. Mas muitos candidatos de outras cidades e at\u00e9 de Salvador j\u00e1 estavam \u00e0 caminho de Ilh\u00e9us e s\u00f3 ficaram sabendo minutos antes do hor\u00e1rio previsto para as provas que o concurso havia sido transferido mais uma vez.<\/p>\n<p><!--more--><\/p>\n<p>Carlos Salatiel Mascarenhas, saiu s\u00e1bado (09) \u00e0 noite de Feira de Santana. \u201cOlhei o site da empresa por volta das 23 horas e n\u00e3o havia absolutamente nenhuma informa\u00e7\u00e3o a respeito do cancelamento\u201d, garante. Ele disse que no cancelamento anterior ele chegou a ligar para a empresa SR para perguntar o que havia acontecido. \u201cEles me atenderam e me disseram um monte de desaforo e me mandaram ler a errata do edital. Cheguei a pedir desculpas pelo telefone\u201d. Salatiel disse que fez um esfor\u00e7o enorme para estar em Ilh\u00e9us neste domingo. \u201cN\u00e3o voltarei mais\u201d, afirmou.<\/p>\n<p>Tha\u00edse Santana saiu no s\u00e1bado de Camamu, dormiu em Itabuna e hoje (domingo) cedo veio fazer o concurso. \u201cUm absurdo n\u00e3o ter ningu\u00e9m aqui para dar uma informa\u00e7\u00e3o\u201d, dizia revoltada na porta no Instituto Municipal de Ensino, centro de Ilh\u00e9us. Ela disse que ir\u00e1 fazer as provas no dia 8 de maio: &#8220;fazer eu vou. Mas que essas coisas deixam a gente desconfiada, isso deixa\u201d. Reginaldo dos Santos \u00e9 de Barro Preto. Chegou cedo para as provas e garante que a maioria dos que voltaram da porta vai ingressar na Justi\u00e7a. Com l\u00e1pis e caneta nas m\u00e3os, Oljaques Silva Soares, de Itabuna, considerou o concurso \u201cuma bagun\u00e7a\u201d, antes de pegar carona numa moto e voltar pra casa.<\/p>\n<p>&#8212;<br \/>\nConfira toda a cronologia deste epis\u00f3dio no <a href = \"http:\/\/www.jornalbahiaonline.com.br\/index.asp?noticia=11788\" target = \"_news\"><b>Jornal Bahia Online<\/b><\/a><\/p>\n","protected":false},"excerpt":{"rendered":"<p>Desorganiza\u00e7\u00e3o. Revolta. Sentimento de abandono. Neste domingo (10), pela manh\u00e3, muitos candidatos chegaram ao local de provas do concurso p\u00fablico da Prefeitura de Ilh\u00e9us, sem que tivessem a exata no\u00e7\u00e3o do que estava acontecendo. As escolas estavam vazias. Os port\u00f5es, fechados. N\u00e3o havia, sequer, um funcion\u00e1rio da empresa ou da Prefeitura para informar os motivos. [&hellip;]<\/p>\n","protected":false},"author":2,"featured_media":0,"comment_status":"open","ping_status":"open","sticky":false,"template":"","format":"standard","meta":{"_links_to":"","_links_to_target":""},"categories":[14],"tags":[],"_links":{"self":[{"href":"https:\/\/www.r2cpress.com.br\/v1\/wp-json\/wp\/v2\/posts\/12694"}],"collection":[{"href":"https:\/\/www.r2cpress.com.br\/v1\/wp-json\/wp\/v2\/posts"}],"about":[{"href":"https:\/\/www.r2cpress.com.br\/v1\/wp-json\/wp\/v2\/types\/post"}],"author":[{"embeddable":true,"href":"https:\/\/www.r2cpress.com.br\/v1\/wp-json\/wp\/v2\/users\/2"}],"replies":[{"embeddable":true,"href":"https:\/\/www.r2cpress.com.br\/v1\/wp-json\/wp\/v2\/comments?post=12694"}],"version-history":[{"count":3,"href":"https:\/\/www.r2cpress.com.br\/v1\/wp-json\/wp\/v2\/posts\/12694\/revisions"}],"predecessor-version":[{"id":12698,"href":"https:\/\/www.r2cpress.com.br\/v1\/wp-json\/wp\/v2\/posts\/12694\/revisions\/12698"}],"wp:attachment":[{"href":"https:\/\/www.r2cpress.com.br\/v1\/wp-json\/wp\/v2\/media?parent=12694"}],"wp:term":[{"taxonomy":"category","embeddable":true,"href":"https:\/\/www.r2cpress.com.br\/v1\/wp-json\/wp\/v2\/categories?post=12694"},{"taxonomy":"post_tag","embeddable":true,"href":"https:\/\/www.r2cpress.com.br\/v1\/wp-json\/wp\/v2\/tags?post=12694"}],"curies":[{"name":"wp","href":"https:\/\/api.w.org\/{rel}","templated":true}]}}