{"id":12706,"date":"2011-04-10T11:10:25","date_gmt":"2011-04-10T14:10:25","guid":{"rendered":"http:\/\/www.r2cpress.com.br\/v1\/?p=12706"},"modified":"2011-04-10T11:10:25","modified_gmt":"2011-04-10T14:10:25","slug":"reciclagem-de-residuos-solidos","status":"publish","type":"post","link":"https:\/\/www.r2cpress.com.br\/v1\/2011\/04\/10\/reciclagem-de-residuos-solidos\/","title":{"rendered":"RECICLAGEM DE RES\u00cdDUOS S\u00d3LIDOS"},"content":{"rendered":"<p>Rabat:<\/p>\n<p><strong>RECICLAGEM DE RES\u00cdDUOS S\u00d3LIDOS<\/strong><\/p>\n<p>Seria muito bom que o nosso Prefeito Newton Lima e o pessoal da SEMA &#8211; Secretaria de Meio Ambiente de Ilh\u00e9us lessem not\u00edcia publicada na INFO, que come\u00e7a assim:<\/p>\n<p><strong>S\u00c3O PAULO<\/strong> \u2013 Em Boras, na Su\u00e9cia, a maior parte dos res\u00edduos s\u00f3lidos gerados pela popula\u00e7\u00e3o de cerca de 64 mil habitantes \u00e9 reciclada, tratada biologicamente ou transformada em energia (biog\u00e1s), que abastece a maioria das casas, estabelecimentos comerciais e a frota de 59 \u00f4nibus que integram o sistema de transporte p\u00fablico da cidade.<\/p>\n<p>Em fun\u00e7\u00e3o disso, o descarte de lixo no munic\u00edpio sueco \u00e9 quase nulo, e seu sistema de produ\u00e7\u00e3o de biog\u00e1s se tornou um dos mais avan\u00e7ados da Europa<br \/>\nE pode ser lida na \u00edntegra em:<\/p>\n<p><a href = \"http:\/\/info.abril.com.br\/noticias\/tecnologias-verdes\/cidade-sueca-e-padrao-em-reciclagem-09042011-9.shl\" target = \"_news\"><b>Tecnologias verdes<br \/>\nCidade su\u00e9ca \u00e9 padr\u00e3o em reciclagem<\/b><\/a><\/p>\n<p>Sei que o caminho \u00e9 longo para que cheguemos ao est\u00e1gio que eles chegaram , mas quem sabe conhecendo solu\u00e7\u00f5es como esta, eles tomam coragem e come\u00e7am a pensar em um Sistema de Tratamento de Res\u00edduos S\u00f3lidos para a nossa CIdade!<\/p>\n<p>&#8212;<br \/>\nCarlos da Silva Mascarenhas<br \/>\ncarlos.consultic@gmail.com<br \/>\n73 8147-0607<\/p>\n","protected":false},"excerpt":{"rendered":"<p>Rabat: RECICLAGEM DE RES\u00cdDUOS S\u00d3LIDOS Seria muito bom que o nosso Prefeito Newton Lima e o pessoal da SEMA &#8211; Secretaria de Meio Ambiente de Ilh\u00e9us lessem not\u00edcia publicada na INFO, que come\u00e7a assim: S\u00c3O PAULO \u2013 Em Boras, na Su\u00e9cia, a maior parte dos res\u00edduos s\u00f3lidos gerados pela popula\u00e7\u00e3o de cerca de 64 mil [&hellip;]<\/p>\n","protected":false},"author":2,"featured_media":0,"comment_status":"open","ping_status":"open","sticky":false,"template":"","format":"standard","meta":{"_links_to":"","_links_to_target":""},"categories":[10],"tags":[],"_links":{"self":[{"href":"https:\/\/www.r2cpress.com.br\/v1\/wp-json\/wp\/v2\/posts\/12706"}],"collection":[{"href":"https:\/\/www.r2cpress.com.br\/v1\/wp-json\/wp\/v2\/posts"}],"about":[{"href":"https:\/\/www.r2cpress.com.br\/v1\/wp-json\/wp\/v2\/types\/post"}],"author":[{"embeddable":true,"href":"https:\/\/www.r2cpress.com.br\/v1\/wp-json\/wp\/v2\/users\/2"}],"replies":[{"embeddable":true,"href":"https:\/\/www.r2cpress.com.br\/v1\/wp-json\/wp\/v2\/comments?post=12706"}],"version-history":[{"count":3,"href":"https:\/\/www.r2cpress.com.br\/v1\/wp-json\/wp\/v2\/posts\/12706\/revisions"}],"predecessor-version":[{"id":12709,"href":"https:\/\/www.r2cpress.com.br\/v1\/wp-json\/wp\/v2\/posts\/12706\/revisions\/12709"}],"wp:attachment":[{"href":"https:\/\/www.r2cpress.com.br\/v1\/wp-json\/wp\/v2\/media?parent=12706"}],"wp:term":[{"taxonomy":"category","embeddable":true,"href":"https:\/\/www.r2cpress.com.br\/v1\/wp-json\/wp\/v2\/categories?post=12706"},{"taxonomy":"post_tag","embeddable":true,"href":"https:\/\/www.r2cpress.com.br\/v1\/wp-json\/wp\/v2\/tags?post=12706"}],"curies":[{"name":"wp","href":"https:\/\/api.w.org\/{rel}","templated":true}]}}