{"id":127097,"date":"2023-04-16T09:47:57","date_gmt":"2023-04-16T12:47:57","guid":{"rendered":"https:\/\/www.r2cpress.com.br\/v1\/?p=127097"},"modified":"2023-04-16T09:47:57","modified_gmt":"2023-04-16T12:47:57","slug":"do-fundo-do-bau-de-jose-leite-516","status":"publish","type":"post","link":"https:\/\/www.r2cpress.com.br\/v1\/2023\/04\/16\/do-fundo-do-bau-de-jose-leite-516\/","title":{"rendered":"DO FUNDO DO BA\u00da DE JOS\u00c9 LEITE"},"content":{"rendered":"<p><a href=\"https:\/\/www.r2cpress.com.br\/v1\/wp-content\/uploads\/2022\/02\/bau-1-300x214-2.jpg\"><img loading=\"lazy\" class=\"aligncenter size-full wp-image-125387\" src=\"https:\/\/www.r2cpress.com.br\/v1\/wp-content\/uploads\/2022\/02\/bau-1-300x214-2.jpg\" alt=\"\" width=\"300\" height=\"214\" \/><\/a><\/p>\n<p style=\"text-align: center;\"><strong>1) 63 ANOS DE JOS\u00c9 LEITE EM ILH\u00c9US.<\/strong><br \/>\n<strong>2) FLASH DA VIAGEM PARA JUAZEIRO DO NORTE. -1\u00aa PARTE<\/strong><br \/>\n<strong>3) AS FOTOS DESTAQUES DA SEMANA.<\/strong><!--more--><\/p>\n<p style=\"text-align: center;\"><strong>1) 63 ANOS DE JOS\u00c9 LEITE EM ILH\u00c9US.<a href=\"https:\/\/www.r2cpress.com.br\/v1\/wp-content\/uploads\/2023\/04\/1-19.jpg\"><img loading=\"lazy\" class=\"aligncenter size-medium wp-image-127064\" src=\"https:\/\/www.r2cpress.com.br\/v1\/wp-content\/uploads\/2023\/04\/1-19-300x136.jpg\" alt=\"\" width=\"300\" height=\"136\" srcset=\"https:\/\/www.r2cpress.com.br\/v1\/wp-content\/uploads\/2023\/04\/1-19-300x136.jpg 300w, https:\/\/www.r2cpress.com.br\/v1\/wp-content\/uploads\/2023\/04\/1-19.jpg 600w\" sizes=\"(max-width: 300px) 100vw, 300px\" \/><\/a><\/strong><\/p>\n<p>Meus amigos de ILH\u00c9US, JUAZEIRO DO NORTE e de todo o BRASIL, gra\u00e7as ao meu BOM DEUS e ao PADRE C\u00cdCERO DO JUAZEIRO e S\u00c3O JORGE DOS ILH\u00c9US, conseguimos chegar em 2023 com SA\u00daDE. Essa coluna \u00e9 a d\u00e9cima terceira desse ANO. Vamos pedir a DEUS que tenhamos um ano de muita sa\u00fade para todos n\u00f3s, o resto, com ajuda do TODO PODEROSO, vamos conseguir. SALVE 2023!<a href=\"https:\/\/www.r2cpress.com.br\/v1\/wp-content\/uploads\/2023\/04\/2-23.jpg\"><img loading=\"lazy\" class=\"aligncenter size-medium wp-image-127098\" src=\"https:\/\/www.r2cpress.com.br\/v1\/wp-content\/uploads\/2023\/04\/2-23-213x300.jpg\" alt=\"\" width=\"213\" height=\"300\" srcset=\"https:\/\/www.r2cpress.com.br\/v1\/wp-content\/uploads\/2023\/04\/2-23-213x300.jpg 213w, https:\/\/www.r2cpress.com.br\/v1\/wp-content\/uploads\/2023\/04\/2-23.jpg 426w\" sizes=\"(max-width: 213px) 100vw, 213px\" \/><\/a><\/p>\n<p>Um dos Pr\u00e9dios mais lindos da JUSTI\u00c7A \u00e9 o do F\u00d3RUM RUI BARBOSA de SALVADOR. Come\u00e7ou na gest\u00e3o do Governo de JURAC\u00cd MAGALH\u00c3ES e foi conclu\u00eddo no Governo de OT\u00c1VIO MANGABEIRA. Not\u00edcia publicada no Jornal DI\u00c1RIO DA TARDE DE ILH\u00c9US, edi\u00e7\u00e3o de 16 de maio de 1952. Clique na foto para ampliar.<\/p>\n<p>&nbsp;<\/p>\n<p style=\"text-align: center;\"><strong>2) FLASH DA VIAGEM PARA JUAZEIRO DO NORTE. -1\u00aa PARTE<\/strong><\/p>\n<p>JOS\u00c9 LEITE aproveitou o feriado de SEMANA SANTA e foi passar a P\u00c1SCOA em JUAZEIRO DO NORTE. Viajou na quinta-feira (06-04-2023) e retornou na segunda-feira (10-04-2023). Veja o que aconteceu nas fotos mostradas.<a href=\"https:\/\/www.r2cpress.com.br\/v1\/wp-content\/uploads\/2023\/04\/3-14.jpg\"><img loading=\"lazy\" class=\"aligncenter size-medium wp-image-127099\" src=\"https:\/\/www.r2cpress.com.br\/v1\/wp-content\/uploads\/2023\/04\/3-14-300x227.jpg\" alt=\"\" width=\"300\" height=\"227\" srcset=\"https:\/\/www.r2cpress.com.br\/v1\/wp-content\/uploads\/2023\/04\/3-14-300x227.jpg 300w, https:\/\/www.r2cpress.com.br\/v1\/wp-content\/uploads\/2023\/04\/3-14.jpg 600w\" sizes=\"(max-width: 300px) 100vw, 300px\" \/><\/a><\/p>\n<p>No s\u00e1bado (08-04-2023) JOS\u00c9 LEITE foi o convidado especial do PROGRAMA S\u00c1BADO COM VOC\u00ca na R\u00c1DIO SOM ZOOM FM 106.5, apresentado pelo amigo Radialista e Jornalista ALUIZIO NERY. Clique na foto para ampliar!<a href=\"https:\/\/www.r2cpress.com.br\/v1\/wp-content\/uploads\/2023\/04\/4-15.jpg\"><img loading=\"lazy\" class=\"aligncenter size-medium wp-image-127100\" src=\"https:\/\/www.r2cpress.com.br\/v1\/wp-content\/uploads\/2023\/04\/4-15-300x170.jpg\" alt=\"\" width=\"300\" height=\"170\" srcset=\"https:\/\/www.r2cpress.com.br\/v1\/wp-content\/uploads\/2023\/04\/4-15-300x170.jpg 300w, https:\/\/www.r2cpress.com.br\/v1\/wp-content\/uploads\/2023\/04\/4-15.jpg 600w\" sizes=\"(max-width: 300px) 100vw, 300px\" \/><\/a><\/p>\n<p>Tamb\u00e9m no s\u00e1bado (08-03-2023) JOS\u00c9 LEITE se encontrou com Secret\u00e1rio de Turismo e Romaria de JUAZEIRO DO NORTE, RENATO WILAMIS que lhe falou que o Prefeito GL\u00caDSON BEZERRA autorizou, atrav\u00e9s da sua Secretaria, mandar fazer a Est\u00e1tua de DANIEL WALKER. QUE NOT\u00cdCIA BOA! Clique na foto para ampliar!<a href=\"https:\/\/www.r2cpress.com.br\/v1\/wp-content\/uploads\/2023\/04\/5-16.jpg\"><img loading=\"lazy\" class=\"aligncenter size-medium wp-image-127102\" src=\"https:\/\/www.r2cpress.com.br\/v1\/wp-content\/uploads\/2023\/04\/5-16-300x146.jpg\" alt=\"\" width=\"300\" height=\"146\" srcset=\"https:\/\/www.r2cpress.com.br\/v1\/wp-content\/uploads\/2023\/04\/5-16-300x146.jpg 300w, https:\/\/www.r2cpress.com.br\/v1\/wp-content\/uploads\/2023\/04\/5-16.jpg 600w\" sizes=\"(max-width: 300px) 100vw, 300px\" \/><\/a><\/p>\n<p>Muito bom ter participado de um delicioso almo\u00e7o na Resid\u00eancia do Dr. S\u00c1VIO LEITE BEZERRA e sua esposa ORLETE no S\u00e1bado de Aleluia (08-04-2024).<br \/>\nClique na foto para ampliar!<a href=\"https:\/\/www.r2cpress.com.br\/v1\/wp-content\/uploads\/2023\/04\/6-16.jpg\"><img loading=\"lazy\" class=\"aligncenter size-medium wp-image-127103\" src=\"https:\/\/www.r2cpress.com.br\/v1\/wp-content\/uploads\/2023\/04\/6-16-300x225.jpg\" alt=\"\" width=\"300\" height=\"225\" srcset=\"https:\/\/www.r2cpress.com.br\/v1\/wp-content\/uploads\/2023\/04\/6-16-300x225.jpg 300w, https:\/\/www.r2cpress.com.br\/v1\/wp-content\/uploads\/2023\/04\/6-16.jpg 600w\" sizes=\"(max-width: 300px) 100vw, 300px\" \/><\/a><\/p>\n<p>No domingo (09-04-2023) encontro na PRA\u00c7A PADRE C\u00cdCERO com amigos da Associa\u00e7\u00e3o dos Amigos da Pra\u00e7a PADRE C\u00cdCERO. Da direita para esquerda: JOCA, ALUIZIO NERY, ABRA\u00c3O BATISTA (Escritor e Cordelista), JOS\u00c9 LEITE, JEVAN SIQUEIRA e um amigo. Clique na foto para ampliar.<a href=\"https:\/\/www.r2cpress.com.br\/v1\/wp-content\/uploads\/2023\/04\/7-13.jpg\"><img loading=\"lazy\" class=\"aligncenter size-medium wp-image-127104\" src=\"https:\/\/www.r2cpress.com.br\/v1\/wp-content\/uploads\/2023\/04\/7-13-300x163.jpg\" alt=\"\" width=\"300\" height=\"163\" srcset=\"https:\/\/www.r2cpress.com.br\/v1\/wp-content\/uploads\/2023\/04\/7-13-300x163.jpg 300w, https:\/\/www.r2cpress.com.br\/v1\/wp-content\/uploads\/2023\/04\/7-13.jpg 600w\" sizes=\"(max-width: 300px) 100vw, 300px\" \/><\/a><\/p>\n<p>No domingo (09-04-2023) visita obrigat\u00f3ria ao Ex. Prefeito de JUAZEIRO DO NORTE, o amigo ARNON BEZERRA. Foi na sua gest\u00e3o que foi constru\u00edda a EST\u00c1TUA DE SEU LUNGA. Na primeira foto, JOS\u00c9 LEITE presenteou o amigo ARNON com uma camisa de LEMBRAN\u00c7A DA BEATIFICA\u00c7\u00c3O DA MENINA BENIGNA.<\/p>\n<p>2\u00aa Foto: Dr. ARNON BEZERRA e o amigo ALUIZIO NERY. Clique na foto para ampliar!<a href=\"https:\/\/www.r2cpress.com.br\/v1\/wp-content\/uploads\/2023\/04\/8-14.jpg\"><img loading=\"lazy\" class=\"aligncenter size-medium wp-image-127105\" src=\"https:\/\/www.r2cpress.com.br\/v1\/wp-content\/uploads\/2023\/04\/8-14-300x251.jpg\" alt=\"\" width=\"300\" height=\"251\" srcset=\"https:\/\/www.r2cpress.com.br\/v1\/wp-content\/uploads\/2023\/04\/8-14-300x251.jpg 300w, https:\/\/www.r2cpress.com.br\/v1\/wp-content\/uploads\/2023\/04\/8-14.jpg 600w\" sizes=\"(max-width: 300px) 100vw, 300px\" \/><\/a><\/p>\n<p>\u00c9 sempre assim! JOS\u00c9 LEITE chegando em JUAZEIRO DO NORTE, logo pela manh\u00e3, o seu caf\u00e9 \u00e9 no Mercado Municipal: Um Caldo de Mocot\u00f3 quente com Pimenta, e logo depois Cuscuz com Carne, Ovo e Caf\u00e9. \u00c9 BOM DEMAIS!<br \/>\nClique na foto para ampliar!<a href=\"https:\/\/www.r2cpress.com.br\/v1\/wp-content\/uploads\/2023\/04\/9-15.jpg\"><img loading=\"lazy\" class=\"aligncenter size-medium wp-image-127106\" src=\"https:\/\/www.r2cpress.com.br\/v1\/wp-content\/uploads\/2023\/04\/9-15-232x300.jpg\" alt=\"\" width=\"232\" height=\"300\" srcset=\"https:\/\/www.r2cpress.com.br\/v1\/wp-content\/uploads\/2023\/04\/9-15-232x300.jpg 232w, https:\/\/www.r2cpress.com.br\/v1\/wp-content\/uploads\/2023\/04\/9-15.jpg 463w\" sizes=\"(max-width: 232px) 100vw, 232px\" \/><\/a><\/p>\n<p>Em JUAZEIRO DO NORTE, JOS\u00c9 LEITE n\u00e3o deixa de visitar a EST\u00c1TUA DE SEU LUNGA, e marcar sua presen\u00e7a saindo na foto.<br \/>\nFoto: 09-04-2023.<a href=\"https:\/\/www.r2cpress.com.br\/v1\/wp-content\/uploads\/2023\/04\/10-15.jpg\"><img loading=\"lazy\" class=\"aligncenter size-medium wp-image-127107\" src=\"https:\/\/www.r2cpress.com.br\/v1\/wp-content\/uploads\/2023\/04\/10-15-300x184.jpg\" alt=\"\" width=\"300\" height=\"184\" srcset=\"https:\/\/www.r2cpress.com.br\/v1\/wp-content\/uploads\/2023\/04\/10-15-300x184.jpg 300w, https:\/\/www.r2cpress.com.br\/v1\/wp-content\/uploads\/2023\/04\/10-15.jpg 600w\" sizes=\"(max-width: 300px) 100vw, 300px\" \/><\/a><\/p>\n<p>Quando JOS\u00c9 LEITE chega na Sala de Embarque do Aeroporto de JUAZEIRO DO NORTE, n\u00e3o deixa de fotografar, e fica pensando: \u201cQuando \u00e9 que o Aeroporto de ILH\u00c9US vai ficar pronto?\u201d<\/p>\n<p style=\"text-align: center;\"><strong>3) AS FOTOS DESTAQUES DA SEMANA.<a href=\"https:\/\/www.r2cpress.com.br\/v1\/wp-content\/uploads\/2023\/04\/11-14.jpg\"><img loading=\"lazy\" class=\"aligncenter size-medium wp-image-127108\" src=\"https:\/\/www.r2cpress.com.br\/v1\/wp-content\/uploads\/2023\/04\/11-14-170x300.jpg\" alt=\"\" width=\"170\" height=\"300\" srcset=\"https:\/\/www.r2cpress.com.br\/v1\/wp-content\/uploads\/2023\/04\/11-14-170x300.jpg 170w, https:\/\/www.r2cpress.com.br\/v1\/wp-content\/uploads\/2023\/04\/11-14.jpg 339w\" sizes=\"(max-width: 170px) 100vw, 170px\" \/><\/a><\/strong><\/p>\n<p>A Reforma do Aeroporto de SALVADOR ficou pronta. Como ficou lindo! A Reforma do Aeroporto de ILH\u00c9US est\u00e1 cada dia pior. Que vergonha estamos passando. Ajuda a\u00ed Governador GER\u00d4NIMO, ILH\u00c9US n\u00e3o merece isso. Na foto: Uma Est\u00e1tua de JORGE AMADO colocada numa das lojas do Aeroporto de SALVADOR. Foto: 10-04-2023.<a href=\"https:\/\/www.r2cpress.com.br\/v1\/wp-content\/uploads\/2023\/04\/12-15.jpg\"><img loading=\"lazy\" class=\"aligncenter size-medium wp-image-127109\" src=\"https:\/\/www.r2cpress.com.br\/v1\/wp-content\/uploads\/2023\/04\/12-15-300x159.jpg\" alt=\"\" width=\"300\" height=\"159\" srcset=\"https:\/\/www.r2cpress.com.br\/v1\/wp-content\/uploads\/2023\/04\/12-15-300x159.jpg 300w, https:\/\/www.r2cpress.com.br\/v1\/wp-content\/uploads\/2023\/04\/12-15.jpg 600w\" sizes=\"(max-width: 300px) 100vw, 300px\" \/><\/a><\/p>\n<p>Na \u00faltima quarta-feira (12-04-2023), JOS\u00c9 LEITE DE SOUZA FILHO (ZEZINHO) aniversariou (29 anos). \u00c0 noite convidei ele e a m\u00e3e VERA para irmos a um Restaurante. Ele aceitou, mas primeiro queria passar na Igreja para ouvir o culto de um Pastor, e fomos. Fiquei emocionado vendo meu filho orando. Veja fotos acima.<br \/>\nClique na foto para ampliar!<a href=\"https:\/\/www.r2cpress.com.br\/v1\/wp-content\/uploads\/2023\/04\/13-16.jpg\"><img loading=\"lazy\" class=\"aligncenter size-medium wp-image-127110\" src=\"https:\/\/www.r2cpress.com.br\/v1\/wp-content\/uploads\/2023\/04\/13-16-300x214.jpg\" alt=\"\" width=\"300\" height=\"214\" srcset=\"https:\/\/www.r2cpress.com.br\/v1\/wp-content\/uploads\/2023\/04\/13-16-300x214.jpg 300w, https:\/\/www.r2cpress.com.br\/v1\/wp-content\/uploads\/2023\/04\/13-16.jpg 600w\" sizes=\"(max-width: 300px) 100vw, 300px\" \/><\/a><\/p>\n<p>Recebemos o Convite para participar da Assinatura da ORDEM DE SERVI\u00c7O DE REFORMA DO CENTRO CULTURAL DANIEL WALKER. PARAB\u00c9NS para o Prefeito GL\u00caDSON BEZERRA! Leia o convite acima. Clique na foto para ampliar!<a href=\"https:\/\/www.r2cpress.com.br\/v1\/wp-content\/uploads\/2023\/04\/14-15.jpg\"><img loading=\"lazy\" class=\"aligncenter size-medium wp-image-127111\" src=\"https:\/\/www.r2cpress.com.br\/v1\/wp-content\/uploads\/2023\/04\/14-15-272x300.jpg\" alt=\"\" width=\"272\" height=\"300\" srcset=\"https:\/\/www.r2cpress.com.br\/v1\/wp-content\/uploads\/2023\/04\/14-15-272x300.jpg 272w, https:\/\/www.r2cpress.com.br\/v1\/wp-content\/uploads\/2023\/04\/14-15.jpg 544w\" sizes=\"(max-width: 272px) 100vw, 272px\" \/><\/a><\/p>\n<p>JAMILLE LAINHA na Praia do Sul ladeada pelo esposo UWE KARL e seu pai JOS\u00c9 LEITE. Foto: 26-03-2023.<a href=\"https:\/\/www.r2cpress.com.br\/v1\/wp-content\/uploads\/2023\/04\/15-13.jpg\"><img loading=\"lazy\" class=\"aligncenter size-medium wp-image-127112\" src=\"https:\/\/www.r2cpress.com.br\/v1\/wp-content\/uploads\/2023\/04\/15-13-300x146.jpg\" alt=\"\" width=\"300\" height=\"146\" srcset=\"https:\/\/www.r2cpress.com.br\/v1\/wp-content\/uploads\/2023\/04\/15-13-300x146.jpg 300w, https:\/\/www.r2cpress.com.br\/v1\/wp-content\/uploads\/2023\/04\/15-13.jpg 600w\" sizes=\"(max-width: 300px) 100vw, 300px\" \/><\/a><\/p>\n<p>A Ex. Musa Ilheense DENISE KRUSCHEWSKY desfilando no CLUBE SOCIAL DE ILH\u00c9US na d\u00e9cada de 1970. Foto colorizada por \u00c2NGELO LEITE. Clique na foto para ampliar!<a href=\"https:\/\/www.r2cpress.com.br\/v1\/wp-content\/uploads\/2023\/04\/16-13.jpg\"><img loading=\"lazy\" class=\"aligncenter size-medium wp-image-127113\" src=\"https:\/\/www.r2cpress.com.br\/v1\/wp-content\/uploads\/2023\/04\/16-13-300x205.jpg\" alt=\"\" width=\"300\" height=\"205\" srcset=\"https:\/\/www.r2cpress.com.br\/v1\/wp-content\/uploads\/2023\/04\/16-13-300x205.jpg 300w, https:\/\/www.r2cpress.com.br\/v1\/wp-content\/uploads\/2023\/04\/16-13.jpg 600w\" sizes=\"(max-width: 300px) 100vw, 300px\" \/><\/a>Um grande abra\u00e7o para o amigo JOS\u00c9 RABAT (irm\u00e3o do saudoso amigo ROBERTO RABAT) que reside atualmente em VIT\u00d3RIA DA CONQUISTA e aproveitou a Semana Santa para visitar sua querida filha MICHELLY que mora em RECIFE.<\/p>\n<p>1\u00aa Foto: O amigo Z\u00c9 RABAT saboreando uma \u00e1gua de coco em RECIFE.<br \/>\n2\u00aa Foto: Z\u00c9 RABAT e sua filha MICHELLY. PARAB\u00c9NS AMIGO! A pr\u00f3xima viagem ser\u00e1 para ILH\u00c9US! Clique na foto para ampliar!<a href=\"https:\/\/www.r2cpress.com.br\/v1\/wp-content\/uploads\/2023\/04\/17-8.jpg\"><img loading=\"lazy\" class=\"aligncenter size-medium wp-image-127114\" src=\"https:\/\/www.r2cpress.com.br\/v1\/wp-content\/uploads\/2023\/04\/17-8-210x300.jpg\" alt=\"\" width=\"210\" height=\"300\" srcset=\"https:\/\/www.r2cpress.com.br\/v1\/wp-content\/uploads\/2023\/04\/17-8-210x300.jpg 210w, https:\/\/www.r2cpress.com.br\/v1\/wp-content\/uploads\/2023\/04\/17-8.jpg 420w\" sizes=\"(max-width: 210px) 100vw, 210px\" \/><\/a><\/p>\n<p>IMPERD\u00cdVEL!<br \/>\nDE 14 A 16 DE ABRIL, O V ENCONTRO DE CARROS ANTIGOS EM ILH\u00c9US.<br \/>\nJOS\u00c9 LEITE VAI PARTICIPAR COM 6 CARROS, VAI L\u00c1 CONHECER!<br \/>\nClique na foto para ampliar!<\/p>\n<p style=\"text-align: center;\"><strong>E NO MAIS&#8230;<a href=\"https:\/\/www.r2cpress.com.br\/v1\/wp-content\/uploads\/2023\/04\/18-4.jpg\"><img loading=\"lazy\" class=\"aligncenter size-medium wp-image-127115\" src=\"https:\/\/www.r2cpress.com.br\/v1\/wp-content\/uploads\/2023\/04\/18-4-169x300.jpg\" alt=\"\" width=\"169\" height=\"300\" srcset=\"https:\/\/www.r2cpress.com.br\/v1\/wp-content\/uploads\/2023\/04\/18-4-169x300.jpg 169w, https:\/\/www.r2cpress.com.br\/v1\/wp-content\/uploads\/2023\/04\/18-4.jpg 338w\" sizes=\"(max-width: 169px) 100vw, 169px\" \/><\/a><\/strong><\/p>\n<p>EM JUAZEIRO DO NORTE, JOS\u00c9 LEITE SE ENCONTROU COM O PAPA FRANCISCO. MAS ACONTECE QUE ESSE PAPA FRANCISCO \u00c9 DE PETROLINA-PERNAMBUCO. SA\u00daDE PARA O PAPA!<\/p>\n<p style=\"text-align: center;\"><em><strong>PARA CONFERIR O BA\u00da ANTERIOR CLIQUE <a href=\"https:\/\/www.r2cpress.com.br\/v1\/2023\/04\/06\/do-fundo-do-bau-de-jose-leite-515\/\"><span style=\"color: #ff0000;\">AQUI<\/span><\/a><\/strong><\/em><\/p>\n<p>Texto e fotos: Jos\u00e9 Leite de Souza.<br \/>\njleitesouza@hotmail.com<br \/>\n(73) 3634-3134.<\/p>\n<p>&nbsp;<\/p>\n","protected":false},"excerpt":{"rendered":"<p>1) 63 ANOS DE JOS\u00c9 LEITE EM ILH\u00c9US. 2) FLASH DA VIAGEM PARA JUAZEIRO DO NORTE. -1\u00aa PARTE 3) AS FOTOS DESTAQUES DA SEMANA.<\/p>\n","protected":false},"author":2,"featured_media":125467,"comment_status":"open","ping_status":"open","sticky":false,"template":"","format":"standard","meta":{"_links_to":"","_links_to_target":""},"categories":[1],"tags":[],"_links":{"self":[{"href":"https:\/\/www.r2cpress.com.br\/v1\/wp-json\/wp\/v2\/posts\/127097"}],"collection":[{"href":"https:\/\/www.r2cpress.com.br\/v1\/wp-json\/wp\/v2\/posts"}],"about":[{"href":"https:\/\/www.r2cpress.com.br\/v1\/wp-json\/wp\/v2\/types\/post"}],"author":[{"embeddable":true,"href":"https:\/\/www.r2cpress.com.br\/v1\/wp-json\/wp\/v2\/users\/2"}],"replies":[{"embeddable":true,"href":"https:\/\/www.r2cpress.com.br\/v1\/wp-json\/wp\/v2\/comments?post=127097"}],"version-history":[{"count":1,"href":"https:\/\/www.r2cpress.com.br\/v1\/wp-json\/wp\/v2\/posts\/127097\/revisions"}],"predecessor-version":[{"id":127116,"href":"https:\/\/www.r2cpress.com.br\/v1\/wp-json\/wp\/v2\/posts\/127097\/revisions\/127116"}],"wp:featuredmedia":[{"embeddable":true,"href":"https:\/\/www.r2cpress.com.br\/v1\/wp-json\/wp\/v2\/media\/125467"}],"wp:attachment":[{"href":"https:\/\/www.r2cpress.com.br\/v1\/wp-json\/wp\/v2\/media?parent=127097"}],"wp:term":[{"taxonomy":"category","embeddable":true,"href":"https:\/\/www.r2cpress.com.br\/v1\/wp-json\/wp\/v2\/categories?post=127097"},{"taxonomy":"post_tag","embeddable":true,"href":"https:\/\/www.r2cpress.com.br\/v1\/wp-json\/wp\/v2\/tags?post=127097"}],"curies":[{"name":"wp","href":"https:\/\/api.w.org\/{rel}","templated":true}]}}