{"id":127166,"date":"2023-04-29T10:10:06","date_gmt":"2023-04-29T13:10:06","guid":{"rendered":"https:\/\/www.r2cpress.com.br\/v1\/?p=127166"},"modified":"2023-04-29T10:10:06","modified_gmt":"2023-04-29T13:10:06","slug":"do-fundo-do-bau-de-jose-leite-518","status":"publish","type":"post","link":"https:\/\/www.r2cpress.com.br\/v1\/2023\/04\/29\/do-fundo-do-bau-de-jose-leite-518\/","title":{"rendered":"DO FUNDO DO BA\u00da DE JOS\u00c9 LEITE."},"content":{"rendered":"<p><a href=\"https:\/\/www.r2cpress.com.br\/v1\/wp-content\/uploads\/2022\/02\/bau-1-300x214-2.jpg\"><img loading=\"lazy\" class=\"aligncenter size-full wp-image-125387\" src=\"https:\/\/www.r2cpress.com.br\/v1\/wp-content\/uploads\/2022\/02\/bau-1-300x214-2.jpg\" alt=\"\" width=\"300\" height=\"214\" \/><\/a><\/p>\n<p style=\"text-align: center;\"><strong>1) 63 ANOS DE JOS\u00c9 LEITE EM ILH\u00c9US.<\/strong><br \/>\n<strong>2) HOMENAGEM A UM GRANDE ILHEENSE.<\/strong><br \/>\n<strong>3) VISITAS DA SEMANA.<\/strong><br \/>\n<strong>4) AS FOTOS DESTAQUES DA SEMANA.<\/strong><!--more--><\/p>\n<p style=\"text-align: center;\"><strong>1) 63 ANOS DE JOS\u00c9 LEITE EM ILH\u00c9US.<a href=\"https:\/\/www.r2cpress.com.br\/v1\/wp-content\/uploads\/2023\/04\/1-19.jpg\"><img loading=\"lazy\" class=\"aligncenter size-medium wp-image-127064\" src=\"https:\/\/www.r2cpress.com.br\/v1\/wp-content\/uploads\/2023\/04\/1-19-300x136.jpg\" alt=\"\" width=\"300\" height=\"136\" srcset=\"https:\/\/www.r2cpress.com.br\/v1\/wp-content\/uploads\/2023\/04\/1-19-300x136.jpg 300w, https:\/\/www.r2cpress.com.br\/v1\/wp-content\/uploads\/2023\/04\/1-19.jpg 600w\" sizes=\"(max-width: 300px) 100vw, 300px\" \/><\/a><\/strong><\/p>\n<p>Meus amigos de ILH\u00c9US, JUAZEIRO DO NORTE e de todo o BRASIL, gra\u00e7as ao meu BOM DEUS e ao PADRE C\u00cdCERO DO JUAZEIRO e S\u00c3O JORGE DOS ILH\u00c9US, conseguimos chegar em 2023 com SA\u00daDE. Essa coluna \u00e9 a d\u00e9cima quinta desse ANO. Vamos pedir a DEUS que tenhamos um ano de muita sa\u00fade para todos n\u00f3s, o resto, com ajuda do TODO PODEROSO, vamos conseguir. SALVE 2023!<a href=\"https:\/\/www.r2cpress.com.br\/v1\/wp-content\/uploads\/2023\/04\/2-26.jpg\"><img loading=\"lazy\" class=\"aligncenter size-medium wp-image-127167\" src=\"https:\/\/www.r2cpress.com.br\/v1\/wp-content\/uploads\/2023\/04\/2-26-225x300.jpg\" alt=\"\" width=\"225\" height=\"300\" srcset=\"https:\/\/www.r2cpress.com.br\/v1\/wp-content\/uploads\/2023\/04\/2-26-225x300.jpg 225w, https:\/\/www.r2cpress.com.br\/v1\/wp-content\/uploads\/2023\/04\/2-26.jpg 449w\" sizes=\"(max-width: 225px) 100vw, 225px\" \/><\/a><\/p>\n<p>Ainda consternado com o falecimento do Bispo DOM EDUARDO, a Comiss\u00e3o respons\u00e1vel pelo sepultamento agradece \u00e1s Autoridades pelo apoio. Not\u00edcia publicada do ILH\u00c9US-JORNAL, edi\u00e7\u00e3o de 29-07-1939. Clique na foto para ampliar.<\/p>\n<p style=\"text-align: center;\"><strong>2) HOMENAGEM A UM GRANDE ILHEENSE<\/strong><\/p>\n<p>Um dos Cargos mais importantes de um Governo, seja ele Municipal, Estadual ou Federal, \u00e9 o de CHEFE CERIMONIAL. Talvez at\u00e9 mais, ou equivalente a um SECRET\u00c1RIO DE ESTADO. O Ilheense NELSON SIM\u00d5ES exerce o Cargo de CHEFE CERIMONIAL DO GOVERNADOR DA BAHIA. Quando o Governador JAQUES WAGNER foi eleito Senador, levou NELSON SIM\u00d5ES para BRAS\u00cdLIA. Com dois meses de Governo da BAHIA, o novo Governador RUI COSTA mandou chamar com urg\u00eancia NELSON SIM\u00d5ES. Com o novo Governador GER\u00d4NIMO, o competente NELSON SIM\u00d5ES e sua equipe Continuam. Temos certeza que as reivindica\u00e7\u00f5es feitas para a cidade de ILH\u00c9US, o Ilheense NELSON SIM\u00d5ES participa para que essas sejam as mais r\u00e1pidas a serem cumpridas. PARAB\u00c9NS, AMIGO!<a href=\"https:\/\/www.r2cpress.com.br\/v1\/wp-content\/uploads\/2023\/04\/3-16.jpg\"><img loading=\"lazy\" class=\"aligncenter size-medium wp-image-127168\" src=\"https:\/\/www.r2cpress.com.br\/v1\/wp-content\/uploads\/2023\/04\/3-16-300x239.jpg\" alt=\"\" width=\"300\" height=\"239\" srcset=\"https:\/\/www.r2cpress.com.br\/v1\/wp-content\/uploads\/2023\/04\/3-16-300x239.jpg 300w, https:\/\/www.r2cpress.com.br\/v1\/wp-content\/uploads\/2023\/04\/3-16.jpg 600w\" sizes=\"(max-width: 300px) 100vw, 300px\" \/><\/a><\/p>\n<p>Numa Solenidade do Governo do Estado. Observe a camisa nas costas vestida por NELSON SIM\u00d5ES, suada trabalhando para que tudo d\u00ea certo. Clique na foto para ampliar.<a href=\"https:\/\/www.r2cpress.com.br\/v1\/wp-content\/uploads\/2023\/04\/4-17.jpg\"><img loading=\"lazy\" class=\"aligncenter size-medium wp-image-127169\" src=\"https:\/\/www.r2cpress.com.br\/v1\/wp-content\/uploads\/2023\/04\/4-17-146x300.jpg\" alt=\"\" width=\"146\" height=\"300\" srcset=\"https:\/\/www.r2cpress.com.br\/v1\/wp-content\/uploads\/2023\/04\/4-17-146x300.jpg 146w, https:\/\/www.r2cpress.com.br\/v1\/wp-content\/uploads\/2023\/04\/4-17.jpg 291w\" sizes=\"(max-width: 146px) 100vw, 146px\" \/><\/a><\/p>\n<p style=\"text-align: center;\">JOS\u00c9 LEITE e o Ilheense NELSON SIM\u00d5ES.<\/p>\n<p style=\"text-align: center;\"><strong>3) VISITAS DA SEMANA.<a href=\"https:\/\/www.r2cpress.com.br\/v1\/wp-content\/uploads\/2023\/04\/5-18.jpg\"><img loading=\"lazy\" class=\"aligncenter size-medium wp-image-127170\" src=\"https:\/\/www.r2cpress.com.br\/v1\/wp-content\/uploads\/2023\/04\/5-18-300x187.jpg\" alt=\"\" width=\"300\" height=\"187\" srcset=\"https:\/\/www.r2cpress.com.br\/v1\/wp-content\/uploads\/2023\/04\/5-18-300x187.jpg 300w, https:\/\/www.r2cpress.com.br\/v1\/wp-content\/uploads\/2023\/04\/5-18.jpg 600w\" sizes=\"(max-width: 300px) 100vw, 300px\" \/><\/a><\/strong>Na \u00faltima ter\u00e7a-feira (25-04-2023) JOS\u00c9 LEITE recebeu a visita do amigo de longas datas, JOS\u00c9 BRASIL, residente em ITABUNA, estava com anos que n\u00e3o se viam. O empres\u00e1rio JOS\u00c9 BRASIL \u00e9 propriet\u00e1rio das Lojas CONSUL MODAS MASCULINA com Lojas em ILH\u00c9US e ITABUNA. Al\u00e9m de ser fazendeiro.<\/p>\n<p>Volte sempre, amigo!<a href=\"https:\/\/www.r2cpress.com.br\/v1\/wp-content\/uploads\/2023\/04\/6-18.jpg\"><img loading=\"lazy\" class=\"aligncenter size-medium wp-image-127171\" src=\"https:\/\/www.r2cpress.com.br\/v1\/wp-content\/uploads\/2023\/04\/6-18-202x300.jpg\" alt=\"\" width=\"202\" height=\"300\" srcset=\"https:\/\/www.r2cpress.com.br\/v1\/wp-content\/uploads\/2023\/04\/6-18-202x300.jpg 202w, https:\/\/www.r2cpress.com.br\/v1\/wp-content\/uploads\/2023\/04\/6-18.jpg 403w\" sizes=\"(max-width: 202px) 100vw, 202px\" \/><\/a><\/p>\n<p>Na quarta-feira (26-04-2023) quem visitou JOS\u00c9 LEITE foi o jovem que JOS\u00c9 LEITE chama de \u201cMEU SOBRINHO\u201d, MOIS\u00c9S BOHANA. Homem forte do Prefeito MAR\u00c3O.<a href=\"https:\/\/www.r2cpress.com.br\/v1\/wp-content\/uploads\/2023\/04\/7-15.jpg\"><img loading=\"lazy\" class=\"aligncenter size-medium wp-image-127172\" src=\"https:\/\/www.r2cpress.com.br\/v1\/wp-content\/uploads\/2023\/04\/7-15-163x300.jpg\" alt=\"\" width=\"163\" height=\"300\" srcset=\"https:\/\/www.r2cpress.com.br\/v1\/wp-content\/uploads\/2023\/04\/7-15-163x300.jpg 163w, https:\/\/www.r2cpress.com.br\/v1\/wp-content\/uploads\/2023\/04\/7-15.jpg 325w\" sizes=\"(max-width: 163px) 100vw, 163px\" \/><\/a><\/p>\n<p>Quem aniversariou na \u00faltima ter\u00e7a-feira (25-04-2023) foi o amigo de JOS\u00c9 LEITE de muitos anos LUISALDO BARRETO (60 anos) que fez uma visita a JOS\u00c9 LEITE no dia e recebeu um LIVRO de presente que mudou a sua vida. PARAB\u00c9NS, AMIG\u00c3O!<\/p>\n<p style=\"text-align: center;\"><strong>4) AS FOTOS DESTAQUES DA SEMANA.<a href=\"https:\/\/www.r2cpress.com.br\/v1\/wp-content\/uploads\/2023\/04\/8-16.jpg\"><img loading=\"lazy\" class=\"aligncenter size-medium wp-image-127173\" src=\"https:\/\/www.r2cpress.com.br\/v1\/wp-content\/uploads\/2023\/04\/8-16-187x300.jpg\" alt=\"\" width=\"187\" height=\"300\" srcset=\"https:\/\/www.r2cpress.com.br\/v1\/wp-content\/uploads\/2023\/04\/8-16-187x300.jpg 187w, https:\/\/www.r2cpress.com.br\/v1\/wp-content\/uploads\/2023\/04\/8-16.jpg 373w\" sizes=\"(max-width: 187px) 100vw, 187px\" \/><\/a><\/strong><\/p>\n<p>Ainda em JUAZEIRO DO NORTE, com muita alegria, JOS\u00c9 LEITE encontrou o casal de namorados EUCLIDES NETO e MICHELLE RATS BARBOSA. Ela \u00e9 neta do saudoso amigo Dr. GERALDO MENEZES BARBOSA.<br \/>\nUM FUTURO BRILHANTE PARA VOC\u00caS, AMIGOS!<br \/>\nFoto: 09-04-2023.<a href=\"https:\/\/www.r2cpress.com.br\/v1\/wp-content\/uploads\/2023\/04\/9-17.jpg\"><img loading=\"lazy\" class=\"aligncenter size-medium wp-image-127174\" src=\"https:\/\/www.r2cpress.com.br\/v1\/wp-content\/uploads\/2023\/04\/9-17-211x300.jpg\" alt=\"\" width=\"211\" height=\"300\" srcset=\"https:\/\/www.r2cpress.com.br\/v1\/wp-content\/uploads\/2023\/04\/9-17-211x300.jpg 211w, https:\/\/www.r2cpress.com.br\/v1\/wp-content\/uploads\/2023\/04\/9-17.jpg 422w\" sizes=\"(max-width: 211px) 100vw, 211px\" \/><\/a><\/p>\n<p>Uma linda foto colorizada da Ex. Musa Ilheense DENISE KRUSCHEWSKY no dia da sua formatura. Foto de alguns anos atr\u00e1s.<a href=\"https:\/\/www.r2cpress.com.br\/v1\/wp-content\/uploads\/2023\/04\/10-17.jpg\"><img loading=\"lazy\" class=\"aligncenter size-medium wp-image-127175\" src=\"https:\/\/www.r2cpress.com.br\/v1\/wp-content\/uploads\/2023\/04\/10-17-300x160.jpg\" alt=\"\" width=\"300\" height=\"160\" srcset=\"https:\/\/www.r2cpress.com.br\/v1\/wp-content\/uploads\/2023\/04\/10-17-300x160.jpg 300w, https:\/\/www.r2cpress.com.br\/v1\/wp-content\/uploads\/2023\/04\/10-17.jpg 600w\" sizes=\"(max-width: 300px) 100vw, 300px\" \/><\/a>Para quem n\u00e3o sabe, o BUSTO de RUI BARBOSA, localizado na Pra\u00e7a com seu nome, no \u00faltimo dia 21-04-2023 (Dia em homenagem a TIRADENTES) completou 97 anos. Inaugurada em 21-04-1926 foi uma doa\u00e7\u00e3o da ASSOCIA\u00c7\u00c3O COMERCIAL DE ILH\u00c9US. Daqui a 3 anos ir\u00e1 comemorar seu Centen\u00e1rio.<\/p>\n<p>Clique na foto para ampliar!<a href=\"https:\/\/www.r2cpress.com.br\/v1\/wp-content\/uploads\/2023\/04\/11-16.jpg\"><img loading=\"lazy\" class=\"aligncenter size-medium wp-image-127176\" src=\"https:\/\/www.r2cpress.com.br\/v1\/wp-content\/uploads\/2023\/04\/11-16-194x300.jpg\" alt=\"\" width=\"194\" height=\"300\" srcset=\"https:\/\/www.r2cpress.com.br\/v1\/wp-content\/uploads\/2023\/04\/11-16-194x300.jpg 194w, https:\/\/www.r2cpress.com.br\/v1\/wp-content\/uploads\/2023\/04\/11-16.jpg 387w\" sizes=\"(max-width: 194px) 100vw, 194px\" \/><\/a><\/p>\n<p>Em comemora\u00e7\u00e3o aos 488 anos de ILH\u00c9US, que acontece este ano, precisamente no dia 28 de junho (Dia da Cidade) JOS\u00c9 LEITE presenteou o Prefeito MAR\u00c3O com uma CAMISA. Clique na foto para ampliar.<a href=\"https:\/\/www.r2cpress.com.br\/v1\/wp-content\/uploads\/2023\/04\/12-17.jpg\"><img loading=\"lazy\" class=\"aligncenter size-medium wp-image-127177\" src=\"https:\/\/www.r2cpress.com.br\/v1\/wp-content\/uploads\/2023\/04\/12-17-300x298.jpg\" alt=\"\" width=\"300\" height=\"298\" srcset=\"https:\/\/www.r2cpress.com.br\/v1\/wp-content\/uploads\/2023\/04\/12-17-300x298.jpg 300w, https:\/\/www.r2cpress.com.br\/v1\/wp-content\/uploads\/2023\/04\/12-17-150x150.jpg 150w, https:\/\/www.r2cpress.com.br\/v1\/wp-content\/uploads\/2023\/04\/12-17.jpg 515w\" sizes=\"(max-width: 300px) 100vw, 300px\" \/><\/a>Com muita tristeza comunicamos o falecimento do amigo \u201cZERO SUSTO\u201d (como todos os amigos o chamavam), na \u00faltima semana. H\u00e1 mais de 40 anos, ZERO SUSTO e o saudoso GUERRINHA viajaram de Kombi para JUAZEIRO DO NORTE. DESCANSE EM PAZ, AMIGO!<a href=\"https:\/\/www.r2cpress.com.br\/v1\/wp-content\/uploads\/2023\/04\/13-18.jpg\"><img loading=\"lazy\" class=\"aligncenter size-medium wp-image-127178\" src=\"https:\/\/www.r2cpress.com.br\/v1\/wp-content\/uploads\/2023\/04\/13-18-300x185.jpg\" alt=\"\" width=\"300\" height=\"185\" srcset=\"https:\/\/www.r2cpress.com.br\/v1\/wp-content\/uploads\/2023\/04\/13-18-300x185.jpg 300w, https:\/\/www.r2cpress.com.br\/v1\/wp-content\/uploads\/2023\/04\/13-18.jpg 600w\" sizes=\"(max-width: 300px) 100vw, 300px\" \/><\/a>Na \u00faltima segunda-feira (24-04-2023) foi inaugurada em ILH\u00c9US, precisamente na Rua Dom Pedro II (centro), a mais nova loja TECH FISH. L\u00e1 voc\u00ea encontra tudo em tecnologia. Fa\u00e7a uma visita e comprove. Clique na foto para ampliar.<a href=\"https:\/\/www.r2cpress.com.br\/v1\/wp-content\/uploads\/2023\/04\/14-17.jpg\"><img loading=\"lazy\" class=\"aligncenter size-medium wp-image-127179\" src=\"https:\/\/www.r2cpress.com.br\/v1\/wp-content\/uploads\/2023\/04\/14-17-300x163.jpg\" alt=\"\" width=\"300\" height=\"163\" srcset=\"https:\/\/www.r2cpress.com.br\/v1\/wp-content\/uploads\/2023\/04\/14-17-300x163.jpg 300w, https:\/\/www.r2cpress.com.br\/v1\/wp-content\/uploads\/2023\/04\/14-17.jpg 600w\" sizes=\"(max-width: 300px) 100vw, 300px\" \/><\/a>O Empres\u00e1rio BRUNO LOPES FISHER acreditando na potencialidade do Com\u00e9rcio de ILH\u00c9US. Com Lojas nos Shopping Centers de VIT\u00d3RIA DA CONQUISTA e Shopping Jequitib\u00e1 de ITABUNA agora a TECH FISH inaugura Loja em ILH\u00c9US. Na foto: BRUNO LOPES e JOS\u00c9 LEITE. PARAB\u00c9NS, AMIGO BRUNO!<\/p>\n<p>Clique na foto para ampliar.<a href=\"https:\/\/www.r2cpress.com.br\/v1\/wp-content\/uploads\/2023\/04\/15-15.jpg\"><img loading=\"lazy\" class=\"aligncenter size-medium wp-image-127180\" src=\"https:\/\/www.r2cpress.com.br\/v1\/wp-content\/uploads\/2023\/04\/15-15-300x192.jpg\" alt=\"\" width=\"300\" height=\"192\" srcset=\"https:\/\/www.r2cpress.com.br\/v1\/wp-content\/uploads\/2023\/04\/15-15-300x192.jpg 300w, https:\/\/www.r2cpress.com.br\/v1\/wp-content\/uploads\/2023\/04\/15-15.jpg 600w\" sizes=\"(max-width: 300px) 100vw, 300px\" \/><\/a><\/p>\n<p>AMIGOS QUE A GENTE GOSTA!<\/p>\n<p>JOSEVANDRO NASCIMENTO e GUSTAVO KRUSCHEWSKY, Advogados e Escritores de primeira.<a href=\"https:\/\/www.r2cpress.com.br\/v1\/wp-content\/uploads\/2023\/04\/16-15.jpg\"><img loading=\"lazy\" class=\"aligncenter size-medium wp-image-127181\" src=\"https:\/\/www.r2cpress.com.br\/v1\/wp-content\/uploads\/2023\/04\/16-15-300x265.jpg\" alt=\"\" width=\"300\" height=\"265\" srcset=\"https:\/\/www.r2cpress.com.br\/v1\/wp-content\/uploads\/2023\/04\/16-15-300x265.jpg 300w, https:\/\/www.r2cpress.com.br\/v1\/wp-content\/uploads\/2023\/04\/16-15.jpg 600w\" sizes=\"(max-width: 300px) 100vw, 300px\" \/><\/a><\/p>\n<p>JOS\u00c9 LEITE saboreando BROAS DE MILHO (Produtos Irm\u00e3 Dulce) presenteado pela Mission\u00e1ria ENEIDA de Santa Dulce dos Pobres.<br \/>\nClique na foto para ampliar!<\/p>\n<p style=\"text-align: center;\"><strong>\u00a0E NO MAIS&#8230;<a href=\"https:\/\/www.r2cpress.com.br\/v1\/wp-content\/uploads\/2023\/04\/17-10.jpg\"><img loading=\"lazy\" class=\"aligncenter size-medium wp-image-127182\" src=\"https:\/\/www.r2cpress.com.br\/v1\/wp-content\/uploads\/2023\/04\/17-10-224x300.jpg\" alt=\"\" width=\"224\" height=\"300\" srcset=\"https:\/\/www.r2cpress.com.br\/v1\/wp-content\/uploads\/2023\/04\/17-10-224x300.jpg 224w, https:\/\/www.r2cpress.com.br\/v1\/wp-content\/uploads\/2023\/04\/17-10.jpg 447w\" sizes=\"(max-width: 224px) 100vw, 224px\" \/><\/a><\/strong>\u201cBONECA\u201d TOMANDO SOL.<\/p>\n<p>A Cachorra mais folgada da PRA\u00c7A PADRE C\u00cdCERO em JUAZEIRO DO NORTE.<\/p>\n<p style=\"text-align: center;\">PARA CONFERIR O BA\u00da ANTERIOR CLIQUE <strong><a href=\"https:\/\/www.r2cpress.com.br\/v1\/2023\/04\/21\/do-fundo-do-bau-de-jose-leite-517\/\"><span style=\"color: #ff0000;\">AQUI<\/span><\/a><\/strong><\/p>\n<p style=\"text-align: center;\">\nTexto e fotos: Jos\u00e9 Leite de Souza.<br \/>\njleitesouza@hotmail.com<br \/>\n(73) 3634-3134<\/p>\n","protected":false},"excerpt":{"rendered":"<p>1) 63 ANOS DE JOS\u00c9 LEITE EM ILH\u00c9US. 2) HOMENAGEM A UM GRANDE ILHEENSE. 3) VISITAS DA SEMANA. 4) AS FOTOS DESTAQUES DA SEMANA.<\/p>\n","protected":false},"author":2,"featured_media":125387,"comment_status":"open","ping_status":"open","sticky":false,"template":"","format":"standard","meta":{"_links_to":"","_links_to_target":""},"categories":[39],"tags":[],"_links":{"self":[{"href":"https:\/\/www.r2cpress.com.br\/v1\/wp-json\/wp\/v2\/posts\/127166"}],"collection":[{"href":"https:\/\/www.r2cpress.com.br\/v1\/wp-json\/wp\/v2\/posts"}],"about":[{"href":"https:\/\/www.r2cpress.com.br\/v1\/wp-json\/wp\/v2\/types\/post"}],"author":[{"embeddable":true,"href":"https:\/\/www.r2cpress.com.br\/v1\/wp-json\/wp\/v2\/users\/2"}],"replies":[{"embeddable":true,"href":"https:\/\/www.r2cpress.com.br\/v1\/wp-json\/wp\/v2\/comments?post=127166"}],"version-history":[{"count":1,"href":"https:\/\/www.r2cpress.com.br\/v1\/wp-json\/wp\/v2\/posts\/127166\/revisions"}],"predecessor-version":[{"id":127183,"href":"https:\/\/www.r2cpress.com.br\/v1\/wp-json\/wp\/v2\/posts\/127166\/revisions\/127183"}],"wp:featuredmedia":[{"embeddable":true,"href":"https:\/\/www.r2cpress.com.br\/v1\/wp-json\/wp\/v2\/media\/125387"}],"wp:attachment":[{"href":"https:\/\/www.r2cpress.com.br\/v1\/wp-json\/wp\/v2\/media?parent=127166"}],"wp:term":[{"taxonomy":"category","embeddable":true,"href":"https:\/\/www.r2cpress.com.br\/v1\/wp-json\/wp\/v2\/categories?post=127166"},{"taxonomy":"post_tag","embeddable":true,"href":"https:\/\/www.r2cpress.com.br\/v1\/wp-json\/wp\/v2\/tags?post=127166"}],"curies":[{"name":"wp","href":"https:\/\/api.w.org\/{rel}","templated":true}]}}