{"id":127444,"date":"2023-07-01T15:14:07","date_gmt":"2023-07-01T18:14:07","guid":{"rendered":"https:\/\/www.r2cpress.com.br\/v1\/?p=127444"},"modified":"2023-07-01T17:16:43","modified_gmt":"2023-07-01T20:16:43","slug":"do-fundo-do-bau-de-jose-leite-527","status":"publish","type":"post","link":"https:\/\/www.r2cpress.com.br\/v1\/2023\/07\/01\/do-fundo-do-bau-de-jose-leite-527\/","title":{"rendered":"DO FUNDO DO BA\u00da DE JOS\u00c9 LEITE."},"content":{"rendered":"<p><a href=\"https:\/\/www.r2cpress.com.br\/v1\/wp-content\/uploads\/2022\/02\/bau-1-300x214-2.jpg\"><img loading=\"lazy\" class=\"aligncenter size-full wp-image-125387\" src=\"https:\/\/www.r2cpress.com.br\/v1\/wp-content\/uploads\/2022\/02\/bau-1-300x214-2.jpg\" alt=\"\" width=\"300\" height=\"214\" \/><\/a><\/p>\n<p style=\"text-align: center;\"><strong>1) 63 ANOS DE JOS\u00c9 LEITE EM ILH\u00c9US.<\/strong><br \/>\n<strong>2) FLASH DA VIAGEM A JUAZEIRO DO NORTE (1\u00aa PARTE).<\/strong><br \/>\n<strong>3) 489 ANOS DE ILH\u00c9US (1\u00aa PARTE).<\/strong><br \/>\n<strong>4) AS FOTOS DESTAQUES DA SEMANA.<\/strong><!--more--><\/p>\n<p style=\"text-align: center;\"><strong>1) 63 ANOS DE JOS\u00c9 LEITE EM ILH\u00c9US.<a href=\"https:\/\/www.r2cpress.com.br\/v1\/wp-content\/uploads\/2023\/06\/1-31.jpg\"><img loading=\"lazy\" class=\"aligncenter size-medium wp-image-127361\" src=\"https:\/\/www.r2cpress.com.br\/v1\/wp-content\/uploads\/2023\/06\/1-31-300x136.jpg\" alt=\"\" width=\"300\" height=\"136\" srcset=\"https:\/\/www.r2cpress.com.br\/v1\/wp-content\/uploads\/2023\/06\/1-31-300x136.jpg 300w, https:\/\/www.r2cpress.com.br\/v1\/wp-content\/uploads\/2023\/06\/1-31.jpg 600w\" sizes=\"(max-width: 300px) 100vw, 300px\" \/><\/a><\/strong><\/p>\n<p>Meus amigos de ILH\u00c9US, JUAZEIRO DO NORTE e de todo o BRASIL, gra\u00e7as ao meu BOM DEUS e ao PADRE C\u00cdCERO DO JUAZEIRO e S\u00c3O JORGE DOS ILH\u00c9US, conseguimos chegar em 2023 com SA\u00daDE. Essa coluna \u00e9 a vig\u00e9sima quarta desse ANO. Vamos pedir a DEUS que tenhamos um ano de muita sa\u00fade para todos n\u00f3s, o resto, com ajuda do TODO PODEROSO, vamos conseguir. SALVE 2023!<a href=\"https:\/\/www.r2cpress.com.br\/v1\/wp-content\/uploads\/2023\/07\/IMG-20230701-WA0079.jpg\"><img loading=\"lazy\" class=\"aligncenter size-medium wp-image-127463\" src=\"https:\/\/www.r2cpress.com.br\/v1\/wp-content\/uploads\/2023\/07\/IMG-20230701-WA0079-238x300.jpg\" alt=\"\" width=\"238\" height=\"300\" srcset=\"https:\/\/www.r2cpress.com.br\/v1\/wp-content\/uploads\/2023\/07\/IMG-20230701-WA0079-238x300.jpg 238w, https:\/\/www.r2cpress.com.br\/v1\/wp-content\/uploads\/2023\/07\/IMG-20230701-WA0079.jpg 476w\" sizes=\"(max-width: 238px) 100vw, 238px\" \/><\/a><\/p>\n<p>O dia que a Constru\u00e7\u00e3o da CATEDRAL DE S\u00c3O SEBASTI\u00c3O quase incendiava.<br \/>\nSe fosse pela noite, n\u00e3o restava nada. Leia a mat\u00e9ria acima publicada no ILH\u00c9US JORNAL, edi\u00e7\u00e3o de 13 de mar\u00e7o de 1941. Clique na foto para ampliar!<\/p>\n<p style=\"text-align: center;\"><strong>2) FLASH DA VIAGEM A JUAZEIRO DO NORTE (1\u00aa PARTE).<a href=\"https:\/\/www.r2cpress.com.br\/v1\/wp-content\/uploads\/2023\/07\/3-24.jpg\"><img loading=\"lazy\" class=\"aligncenter size-medium wp-image-127445\" src=\"https:\/\/www.r2cpress.com.br\/v1\/wp-content\/uploads\/2023\/07\/3-24-300x213.jpg\" alt=\"\" width=\"300\" height=\"213\" srcset=\"https:\/\/www.r2cpress.com.br\/v1\/wp-content\/uploads\/2023\/07\/3-24-300x213.jpg 300w, https:\/\/www.r2cpress.com.br\/v1\/wp-content\/uploads\/2023\/07\/3-24.jpg 600w\" sizes=\"(max-width: 300px) 100vw, 300px\" \/><\/a><\/strong>Como \u00e9 bom passar as Festas de S\u00e3o Jo\u00e3o na terra onde voc\u00ea nasceu!<\/p>\n<p>Como \u00e9 bom estar junto com amigos que voc\u00ea gosta! Na foto acima: JOS\u00c9 LEITE (camisa amarela) junto com amigos na Pra\u00e7a Padre C\u00edcero em JUAZEIRO DO NORTE \u2013 CEAR\u00c1. Clique na foto para ampliar.<a href=\"https:\/\/www.r2cpress.com.br\/v1\/wp-content\/uploads\/2023\/07\/4-26.jpg\"><img loading=\"lazy\" class=\"aligncenter size-medium wp-image-127446\" src=\"https:\/\/www.r2cpress.com.br\/v1\/wp-content\/uploads\/2023\/07\/4-26-300x169.jpg\" alt=\"\" width=\"300\" height=\"169\" srcset=\"https:\/\/www.r2cpress.com.br\/v1\/wp-content\/uploads\/2023\/07\/4-26-300x169.jpg 300w, https:\/\/www.r2cpress.com.br\/v1\/wp-content\/uploads\/2023\/07\/4-26.jpg 600w\" sizes=\"(max-width: 300px) 100vw, 300px\" \/><\/a><\/p>\n<p>Na foto: JOS\u00c9 LEITE com o amigo ALUISIO FILHO (centro) e seu primo querido FRAN\u00c7A LEITE. Clique na foto para ampliar!<a href=\"https:\/\/www.r2cpress.com.br\/v1\/wp-content\/uploads\/2023\/07\/5-27.jpg\"><img loading=\"lazy\" class=\"aligncenter size-medium wp-image-127447\" src=\"https:\/\/www.r2cpress.com.br\/v1\/wp-content\/uploads\/2023\/07\/5-27-300x273.jpg\" alt=\"\" width=\"300\" height=\"273\" srcset=\"https:\/\/www.r2cpress.com.br\/v1\/wp-content\/uploads\/2023\/07\/5-27-300x273.jpg 300w, https:\/\/www.r2cpress.com.br\/v1\/wp-content\/uploads\/2023\/07\/5-27.jpg 600w\" sizes=\"(max-width: 300px) 100vw, 300px\" \/><\/a><\/p>\n<p>Em JUAZEIRO DO NORTE.<\/p>\n<p>1\u00aa Foto: Visita a amiga Professora TEREZA NEUMA.<br \/>\n2\u00aa Foto: JOS\u00c9 LEITE sendo bem recebido pela Recepcionista do TELEF\u00c9RICO de JUAZEIRO-H\u00d4RTO. Fotos: 25-06-2023. Clique na foto para ampliar.<a href=\"https:\/\/www.r2cpress.com.br\/v1\/wp-content\/uploads\/2023\/07\/6-27.jpg\"><img loading=\"lazy\" class=\"aligncenter size-medium wp-image-127448\" src=\"https:\/\/www.r2cpress.com.br\/v1\/wp-content\/uploads\/2023\/07\/6-27-300x163.jpg\" alt=\"\" width=\"300\" height=\"163\" srcset=\"https:\/\/www.r2cpress.com.br\/v1\/wp-content\/uploads\/2023\/07\/6-27-300x163.jpg 300w, https:\/\/www.r2cpress.com.br\/v1\/wp-content\/uploads\/2023\/07\/6-27.jpg 600w\" sizes=\"(max-width: 300px) 100vw, 300px\" \/><\/a><\/p>\n<p>Em JUAZEIRO DO NORTE.<br \/>\n1\u00aa Foto: JOS\u00c9 LEITE com o amigo JOCA BARBOSA.<br \/>\n2\u00aa Foto: OTAC\u00cdLIO, ADERSON BORGES FILHO e JOS\u00c9 LEITE.<br \/>\nClique na foto para ampliar.<\/p>\n<p style=\"text-align: center;\"><strong>3) 489 ANOS DE ILH\u00c9US (1\u00aa PARTE).<a href=\"https:\/\/www.r2cpress.com.br\/v1\/wp-content\/uploads\/2023\/07\/7-25.jpg\"><img loading=\"lazy\" class=\"aligncenter size-medium wp-image-127449\" src=\"https:\/\/www.r2cpress.com.br\/v1\/wp-content\/uploads\/2023\/07\/7-25-300x163.jpg\" alt=\"\" width=\"300\" height=\"163\" srcset=\"https:\/\/www.r2cpress.com.br\/v1\/wp-content\/uploads\/2023\/07\/7-25-300x163.jpg 300w, https:\/\/www.r2cpress.com.br\/v1\/wp-content\/uploads\/2023\/07\/7-25.jpg 600w\" sizes=\"(max-width: 300px) 100vw, 300px\" \/><\/a><\/strong>1\u00aa Foto: O Prefeito M\u00c1RIO ALEXANDRE (MAR\u00c3O), recebendo uma camisa das m\u00e3os de JOS\u00c9 LEITE. O Deputado Estadual PANCADINHA (foto) tamb\u00e9m recebeu uma camisa.<\/p>\n<p>2\u00aa Foto: O Secret\u00e1rio de Cultura do Estado da BAHIA, BRUNO MONTEIRO sendo presenteado com uma camisa por JOS\u00c9 LEITE em homenagem aos 489 anos da cidade de ILH\u00c9US. Na foto: Lado esquerdo de JOS\u00c9 LEITE, o Prefeito MAR\u00c3O, SOANE GALV\u00c3O (Deputada Estadual) e a Secret\u00e1ria de Educa\u00e7\u00e3o do munic\u00edpio de ILH\u00c9US, ELIANE OLIVEIRA. No lado direito: BRUNO MONTEIRO, a Secret\u00e1ria Estadual de Educa\u00e7\u00e3o AD\u00c9LIA PINHEIRO e o Guia Tur\u00edstico.<br \/>\nClique na foto para ampliar.<a href=\"https:\/\/www.r2cpress.com.br\/v1\/wp-content\/uploads\/2023\/07\/8-25.jpg\"><img loading=\"lazy\" class=\"aligncenter size-medium wp-image-127450\" src=\"https:\/\/www.r2cpress.com.br\/v1\/wp-content\/uploads\/2023\/07\/8-25-300x238.jpg\" alt=\"\" width=\"300\" height=\"238\" srcset=\"https:\/\/www.r2cpress.com.br\/v1\/wp-content\/uploads\/2023\/07\/8-25-300x238.jpg 300w, https:\/\/www.r2cpress.com.br\/v1\/wp-content\/uploads\/2023\/07\/8-25.jpg 600w\" sizes=\"(max-width: 300px) 100vw, 300px\" \/><\/a><\/p>\n<p>1\u00aa Foto: JOS\u00c9 LEITE presenteando uma camisa ao amigo Ilheense, Deputado Estadual PEDRO TAVARES.<br \/>\n2\u00aa Foto: JOS\u00c9 LEITE presenteando mais uma camisa ao amigo VALDERICO FILHO. Foto: 28-06-2023. Clique na foto para ampliar.<a href=\"https:\/\/www.r2cpress.com.br\/v1\/wp-content\/uploads\/2023\/07\/9-27.jpg\"><img loading=\"lazy\" class=\"aligncenter size-medium wp-image-127451\" src=\"https:\/\/www.r2cpress.com.br\/v1\/wp-content\/uploads\/2023\/07\/9-27-153x300.jpg\" alt=\"\" width=\"153\" height=\"300\" srcset=\"https:\/\/www.r2cpress.com.br\/v1\/wp-content\/uploads\/2023\/07\/9-27-153x300.jpg 153w, https:\/\/www.r2cpress.com.br\/v1\/wp-content\/uploads\/2023\/07\/9-27.jpg 306w\" sizes=\"(max-width: 153px) 100vw, 153px\" \/><\/a><\/p>\n<p>Mais uma camisa que JOS\u00c9 LEITE presenteou em homenagem aos 489 anos de ILH\u00c9US, dessa vez foi para o amigo JABES RIBEIRO que aparece ao lado de sua Esposa ADRIANA RIBEIRO que tamb\u00e9m recebeu uma camisa. Foto: 28-06-2023.<a href=\"https:\/\/www.r2cpress.com.br\/v1\/wp-content\/uploads\/2023\/07\/10-27.jpg\"><img loading=\"lazy\" class=\"aligncenter size-medium wp-image-127452\" src=\"https:\/\/www.r2cpress.com.br\/v1\/wp-content\/uploads\/2023\/07\/10-27-300x152.jpg\" alt=\"\" width=\"300\" height=\"152\" srcset=\"https:\/\/www.r2cpress.com.br\/v1\/wp-content\/uploads\/2023\/07\/10-27-300x152.jpg 300w, https:\/\/www.r2cpress.com.br\/v1\/wp-content\/uploads\/2023\/07\/10-27.jpg 600w\" sizes=\"(max-width: 300px) 100vw, 300px\" \/><\/a>1\u00aa Foto: O Secret\u00e1rio de Cultura do Governo da BAHIA recebendo a COMENDA DE S\u00c3O JORGE DOS ILH\u00c9US das m\u00e3os do Prefeito M\u00c1RIO ALEXANDRE (MAR\u00c3O) e da Deputada SOANE GALV\u00c3O juntos com a Secret\u00e1ria Estadual de Educa\u00e7\u00e3o AD\u00c9LIA PINHEIRO, a Secret\u00e1ria Municipal de Educa\u00e7\u00e3o ELIANE OLIVEIRA e o Vereador CARQUEIJA. Foto: 28-06-2023.<\/p>\n<p>2\u00aa Foto: A COMENDA DE HONRA AO M\u00c9RITO.<br \/>\nClique na foto para ampliar.<\/p>\n<p style=\"text-align: center;\"><strong>4) AS FOTOS DESTAQUES DA SEMANA.<a href=\"https:\/\/www.r2cpress.com.br\/v1\/wp-content\/uploads\/2023\/07\/11-26.jpg\"><img loading=\"lazy\" class=\"aligncenter size-medium wp-image-127453\" src=\"https:\/\/www.r2cpress.com.br\/v1\/wp-content\/uploads\/2023\/07\/11-26-300x168.jpg\" alt=\"\" width=\"300\" height=\"168\" srcset=\"https:\/\/www.r2cpress.com.br\/v1\/wp-content\/uploads\/2023\/07\/11-26-300x168.jpg 300w, https:\/\/www.r2cpress.com.br\/v1\/wp-content\/uploads\/2023\/07\/11-26.jpg 600w\" sizes=\"(max-width: 300px) 100vw, 300px\" \/><\/a><\/strong>Foto do PAL\u00c1CIO PARANAGU\u00c1.<\/p>\n<p>Os Mastros existem, mas faltaram as BANDEIRAS no dia da cidade de ILH\u00c9US!<br \/>\nNingu\u00e9m lembrou?<a href=\"https:\/\/www.r2cpress.com.br\/v1\/wp-content\/uploads\/2023\/07\/12-27.jpg\"><img loading=\"lazy\" class=\"aligncenter size-medium wp-image-127454\" src=\"https:\/\/www.r2cpress.com.br\/v1\/wp-content\/uploads\/2023\/07\/12-27-300x173.jpg\" alt=\"\" width=\"300\" height=\"173\" srcset=\"https:\/\/www.r2cpress.com.br\/v1\/wp-content\/uploads\/2023\/07\/12-27-300x173.jpg 300w, https:\/\/www.r2cpress.com.br\/v1\/wp-content\/uploads\/2023\/07\/12-27.jpg 600w\" sizes=\"(max-width: 300px) 100vw, 300px\" \/><\/a><\/p>\n<p>1\u00aa Foto: Observe os MASTROS na C\u00c2MARA MUNICIPAL DE ILH\u00c9US e na<br \/>\nASSOCIA\u00c7\u00c3O COMERCIAL DE ILH\u00c9US. Cad\u00ea as BANDEIRAS?<br \/>\nClique na foto para ampliar.<a href=\"https:\/\/www.r2cpress.com.br\/v1\/wp-content\/uploads\/2023\/07\/13-28.jpg\"><img loading=\"lazy\" class=\"aligncenter size-medium wp-image-127455\" src=\"https:\/\/www.r2cpress.com.br\/v1\/wp-content\/uploads\/2023\/07\/13-28-300x167.jpg\" alt=\"\" width=\"300\" height=\"167\" srcset=\"https:\/\/www.r2cpress.com.br\/v1\/wp-content\/uploads\/2023\/07\/13-28-300x167.jpg 300w, https:\/\/www.r2cpress.com.br\/v1\/wp-content\/uploads\/2023\/07\/13-28.jpg 600w\" sizes=\"(max-width: 300px) 100vw, 300px\" \/><\/a><\/p>\n<p>1\u00aa Foto: MARIA LUISA CHEGOU PROTEGIDA POR JESUS!<br \/>\n2\u00aa Foto: Os Av\u00f3s JORGE CUNHA e VERA LEITE, os pais CARLA LEITE e VICTOR OLIVEIRA, a irm\u00e3 querida MARIA EDUARDA e a Princesa rec\u00e9m nascida MARIA LUISA. Clique na foto para ampliar.<a href=\"https:\/\/www.r2cpress.com.br\/v1\/wp-content\/uploads\/2023\/07\/14-26.jpg\"><img loading=\"lazy\" class=\"aligncenter size-medium wp-image-127457\" src=\"https:\/\/www.r2cpress.com.br\/v1\/wp-content\/uploads\/2023\/07\/14-26-300x160.jpg\" alt=\"\" width=\"300\" height=\"160\" srcset=\"https:\/\/www.r2cpress.com.br\/v1\/wp-content\/uploads\/2023\/07\/14-26-300x160.jpg 300w, https:\/\/www.r2cpress.com.br\/v1\/wp-content\/uploads\/2023\/07\/14-26.jpg 600w\" sizes=\"(max-width: 300px) 100vw, 300px\" \/><\/a><\/p>\n<p>1\u00aa Foto: Momento de EMBARQUE no Aeroporto de JUAZEIRO DO NORTE. Foto: (27-06-2023).<\/p>\n<p>2\u00aa Foto: Momento de EMBARQUE no Aeroporto de ILH\u00c9US. Um Sufoco! Foto: (22-06-2023)<br \/>\nClique na foto para ampliar.<a href=\"https:\/\/www.r2cpress.com.br\/v1\/wp-content\/uploads\/2023\/07\/15-26.jpg\"><img loading=\"lazy\" class=\"aligncenter size-medium wp-image-127458\" src=\"https:\/\/www.r2cpress.com.br\/v1\/wp-content\/uploads\/2023\/07\/15-26-300x177.jpg\" alt=\"\" width=\"300\" height=\"177\" srcset=\"https:\/\/www.r2cpress.com.br\/v1\/wp-content\/uploads\/2023\/07\/15-26-300x177.jpg 300w, https:\/\/www.r2cpress.com.br\/v1\/wp-content\/uploads\/2023\/07\/15-26.jpg 600w\" sizes=\"(max-width: 300px) 100vw, 300px\" \/><\/a><\/p>\n<p>1\u00aa Foto: Desembarque no Aeroporto de JUAZEIRO DO NORTE.<br \/>\n2\u00aa Foto: Desembarque no Aeroporto de ILH\u00c9US. Tem que atravessar por esse t\u00fanel. Muito cuidado, porqu\u00ea j\u00e1 morreu um no meio do caminho. Clique na foto para ampliar.<a href=\"https:\/\/www.r2cpress.com.br\/v1\/wp-content\/uploads\/2023\/07\/16-25.jpg\"><img loading=\"lazy\" class=\"aligncenter size-medium wp-image-127459\" src=\"https:\/\/www.r2cpress.com.br\/v1\/wp-content\/uploads\/2023\/07\/16-25-289x300.jpg\" alt=\"\" width=\"289\" height=\"300\" srcset=\"https:\/\/www.r2cpress.com.br\/v1\/wp-content\/uploads\/2023\/07\/16-25-289x300.jpg 289w, https:\/\/www.r2cpress.com.br\/v1\/wp-content\/uploads\/2023\/07\/16-25.jpg 578w\" sizes=\"(max-width: 289px) 100vw, 289px\" \/><\/a><\/p>\n<p>Na foto, a aniversariante da semana MAIARA GILLAS (lado direito), ao lado de Priscila, sua colega de trabalho. Parab\u00e9ns com muita alegria e muita paz, e que DEUS te ilumine sempre!<\/p>\n<p style=\"text-align: center;\"><strong>E NO<\/strong> MAIS&#8230;<a href=\"https:\/\/www.r2cpress.com.br\/v1\/wp-content\/uploads\/2023\/07\/17-18.jpg\"><img loading=\"lazy\" class=\"aligncenter size-medium wp-image-127460\" src=\"https:\/\/www.r2cpress.com.br\/v1\/wp-content\/uploads\/2023\/07\/17-18-177x300.jpg\" alt=\"\" width=\"177\" height=\"300\" srcset=\"https:\/\/www.r2cpress.com.br\/v1\/wp-content\/uploads\/2023\/07\/17-18-177x300.jpg 177w, https:\/\/www.r2cpress.com.br\/v1\/wp-content\/uploads\/2023\/07\/17-18.jpg 354w\" sizes=\"(max-width: 177px) 100vw, 177px\" \/><\/a><\/p>\n<p>JOS\u00c9 LEITE quando chegou em JUAZEIRO DO NORTE, precisamente na Pra\u00e7a Padre C\u00edcero, sua amiga \u201cBONECA\u201d ao avistar JOS\u00c9 LEITE, vai logo deitando para receber um CARINHO.<br \/>\nMOMENTOS FELIZES! Foto: 23-06-2023.<\/p>\n<p style=\"text-align: center;\"><em><strong>PARA CONFERIR O BA\u00da ANTERIOR CLIQUE <a href=\"https:\/\/www.r2cpress.com.br\/v1\/2023\/06\/23\/do-fundo-do-bau-de-jose-leite-526\/\"><span style=\"color: #ff0000;\">AQUI<\/span><\/a>\u00a0<\/strong><\/em><\/p>\n<p>Texto e fotos: Jos\u00e9 Leite de Souza.<br \/>\njleitesouza@hotmail.com<br \/>\n(73) 3634-3134.<\/p>\n","protected":false},"excerpt":{"rendered":"<p>1) 63 ANOS DE JOS\u00c9 LEITE EM ILH\u00c9US. 2) FLASH DA VIAGEM A JUAZEIRO DO NORTE (1\u00aa PARTE). 3) 489 ANOS DE ILH\u00c9US (1\u00aa PARTE). 4) AS FOTOS DESTAQUES DA SEMANA.<\/p>\n","protected":false},"author":2,"featured_media":125387,"comment_status":"open","ping_status":"open","sticky":false,"template":"","format":"standard","meta":{"_links_to":"","_links_to_target":""},"categories":[1],"tags":[],"_links":{"self":[{"href":"https:\/\/www.r2cpress.com.br\/v1\/wp-json\/wp\/v2\/posts\/127444"}],"collection":[{"href":"https:\/\/www.r2cpress.com.br\/v1\/wp-json\/wp\/v2\/posts"}],"about":[{"href":"https:\/\/www.r2cpress.com.br\/v1\/wp-json\/wp\/v2\/types\/post"}],"author":[{"embeddable":true,"href":"https:\/\/www.r2cpress.com.br\/v1\/wp-json\/wp\/v2\/users\/2"}],"replies":[{"embeddable":true,"href":"https:\/\/www.r2cpress.com.br\/v1\/wp-json\/wp\/v2\/comments?post=127444"}],"version-history":[{"count":2,"href":"https:\/\/www.r2cpress.com.br\/v1\/wp-json\/wp\/v2\/posts\/127444\/revisions"}],"predecessor-version":[{"id":127464,"href":"https:\/\/www.r2cpress.com.br\/v1\/wp-json\/wp\/v2\/posts\/127444\/revisions\/127464"}],"wp:featuredmedia":[{"embeddable":true,"href":"https:\/\/www.r2cpress.com.br\/v1\/wp-json\/wp\/v2\/media\/125387"}],"wp:attachment":[{"href":"https:\/\/www.r2cpress.com.br\/v1\/wp-json\/wp\/v2\/media?parent=127444"}],"wp:term":[{"taxonomy":"category","embeddable":true,"href":"https:\/\/www.r2cpress.com.br\/v1\/wp-json\/wp\/v2\/categories?post=127444"},{"taxonomy":"post_tag","embeddable":true,"href":"https:\/\/www.r2cpress.com.br\/v1\/wp-json\/wp\/v2\/tags?post=127444"}],"curies":[{"name":"wp","href":"https:\/\/api.w.org\/{rel}","templated":true}]}}