{"id":127815,"date":"2023-09-15T21:19:02","date_gmt":"2023-09-16T00:19:02","guid":{"rendered":"https:\/\/www.r2cpress.com.br\/v1\/?p=127815"},"modified":"2023-09-15T21:19:02","modified_gmt":"2023-09-16T00:19:02","slug":"noticias-da-avep-193","status":"publish","type":"post","link":"https:\/\/www.r2cpress.com.br\/v1\/2023\/09\/15\/noticias-da-avep-193\/","title":{"rendered":"NOT\u00cdCIAS DA AVEP"},"content":{"rendered":"<div id=\"m_toolbarLayer\" class=\"layer\"><\/div>\n<div id=\"m_textViewLayer\" class=\"layer\">\n<div id=\"m_content\">\n<div id=\"pc1\">\n<div id=\"p1\">\n<div><b>NOT\u00cdCIAS DA AVEP<a href=\"https:\/\/www.r2cpress.com.br\/v1\/wp-content\/uploads\/2023\/09\/2.jpg\"><img loading=\"lazy\" class=\"aligncenter size-medium wp-image-127817\" src=\"https:\/\/www.r2cpress.com.br\/v1\/wp-content\/uploads\/2023\/09\/2-300x93.jpg\" alt=\"\" width=\"300\" height=\"93\" srcset=\"https:\/\/www.r2cpress.com.br\/v1\/wp-content\/uploads\/2023\/09\/2-300x93.jpg 300w, https:\/\/www.r2cpress.com.br\/v1\/wp-content\/uploads\/2023\/09\/2.jpg 596w\" sizes=\"(max-width: 300px) 100vw, 300px\" \/><\/a><br \/>\n<\/b><\/div>\n<div>NA 14\u00aa RODADA DEU VIT\u00d3RIA DOS CAPIT\u00c3ES RENATINHO DOS LEAIS\u00a0E ELDON DO OFERT\u00c3O<\/div>\n<div>Dia 03 de setembro de 2023, domingo pela manh\u00e3, a Associa\u00e7\u00e3o dos Veteranos de\u00a0Esporte Praiano (AVEP), entidade de \u2018baba de praia\u2019 quase centen\u00e1ria de Ilh\u00e9us,\u00a0realizou os dois babas referentes a 14\u00aa rodada da Temporada 2023, com vit\u00f3ria, no\u00a0Campo Grimaldo, \u00a0da equipe do Capit\u00e3o Renatinho dos Leais sobre a do Capit\u00e3o\u00a0Nilton do BB por 6 a 2, com gols de Luciano Santana (4) e Alex de Moises (2);\u00a0fazendo Pitanga(1) e Ralio da Contabilidade(1) para a perdedora. No Campo Martial\u00a0o time do Capita\u00f5 Eldon do Ofert\u00e3o venceu o do Capit\u00e3o Marconi por 3 a 1,\u00a0marcando para o vencedor Passarinho(2) e o pr\u00f3prio capit\u00e3o Eldon do Ofert\u00e3(1);\u00a0para o perdedor conferiu o pr\u00f3prio capit\u00e3o Marconi. Os babas foram jogados, como\u00a0de praxe, na praia da Av. Soares Lopes, no trecho adjacente aos campos de t\u00eanis da\u00a0Associa\u00e7\u00e3o Ilheense de Beach Tennis (AIBT). Atuaram como \u00e1rbitros\u00a0Miranda(Campo Grimaldo) e Andersos (Campo Martial), com atua\u00e7\u00f5es boas,\u00a0conforme os coment\u00e1rios dos analistas de \u00e1rbitros avepianos. Levaram Cart\u00e3o\u00a0Amarelo Galletti da Rio de Engenho, Z\u00e9 Hilton e Gic\u00e9lio R\u00e3 R\u00e3. Coordenou a rodada\u00a0como Diretor de Baba o vice-presidente Robert\u00e3o, ele que \u00e9 um ferrenho torcedor\u00a0do Vit\u00f3ria, o Le\u00e3o da Barra, da Bahia. Ali\u00e1s, um clube l\u00edder e preste a ser campe\u00e3o\u00a0da s\u00e9rie B do Brasileir\u00e3o, mas que sofreu um rev\u00e9s domingo(8) ao ser goleado pelo\u00a0CRB por 6 a 0 l\u00e1 nas Alagoas. Coisas do futebol&#8230;<\/div>\n<div><\/div>\n<div>Equipes no Campo Grimaldo conforme s\u00famulas:<a href=\"https:\/\/www.r2cpress.com.br\/v1\/wp-content\/uploads\/2023\/09\/1.jpg\"><img loading=\"lazy\" class=\"aligncenter size-medium wp-image-127816\" src=\"https:\/\/www.r2cpress.com.br\/v1\/wp-content\/uploads\/2023\/09\/1-300x93.jpg\" alt=\"\" width=\"300\" height=\"93\" srcset=\"https:\/\/www.r2cpress.com.br\/v1\/wp-content\/uploads\/2023\/09\/1-300x93.jpg 300w, https:\/\/www.r2cpress.com.br\/v1\/wp-content\/uploads\/2023\/09\/1.jpg 599w\" sizes=\"(max-width: 300px) 100vw, 300px\" \/><\/a><\/div>\n<div>(Cap. Nilton do BB): Goleiro Valmir, Silvio Reis voltando pra zaga(Ralio da\u00a0Contabilidade), Alvinho Beque-de-Vigor, Galletti da Rio de Engenho e Paulinho\u00a0da AFC, Cesinha da Nacional, Vado do Bradesco e Nilton do BB; Kleber, Duda\u00a0Pantera e Pitanga<\/div>\n<div>X<\/div>\n<div>(Cap. Renatinho dos Leais): Goleito Ricardo do Caminh\u00e3o, Sizinio do Remo(Lu\u00eds\u00a0Claro), Gicelio R\u00e3 Ra, Silva e Z\u00e9 Hilton; Dudu, Erisvan, Zugaib da Ceplac e\u00a0Luciano Santana; Renatinho dos Leais e Alex de Moises<\/div>\n<div><\/div>\n<div>Equipes no Campo Martial conforme s\u00famulas:<\/div>\n<div>(Cap. Marconi): Goleiro Vando Paia\u00e7o, Everando Cabe\u00e7a de Flande(Correia do\u00a0HSNC), Paulo Gois do Bradesco, Silvan e Jackson Squar; Pitu, Isaque, C\u00edcero e\u00a0Carl\u00e3o do Taxi; Marconi e Ismar Landgol<\/div>\n<div>X<\/div>\n<div>(Cap. Eldon do Ofert\u00e3o): Goleiro Rosivaldo, Prof. Jorge Reis, Djalma Peludo, Gagarin e Adalto Negocinho; Daniel, Fabio Alan e Luis Humberto; Crispa da Galera do Fla, Passarinho e Eldon do Ofert\u00e3o<a href=\"https:\/\/www.r2cpress.com.br\/v1\/wp-content\/uploads\/2023\/09\/3.jpg\"><img loading=\"lazy\" class=\"aligncenter size-full wp-image-127818\" src=\"https:\/\/www.r2cpress.com.br\/v1\/wp-content\/uploads\/2023\/09\/3.jpg\" alt=\"\" width=\"237\" height=\"150\" \/><\/a><\/div>\n<\/div>\n<\/div>\n<div id=\"pc2\">\n<div id=\"p2\">\n<div>COMENT\u00c1RIOS<\/div>\n<div>No Campo Martial em que o time do Cap. Eldon do Ofert\u00e3o venceu o do Cap.\u00a0Marconi por 3 a 1, o analista de baba Paulo Gois do Bradesco, beque-de-espera III\u00a0avepiano teceu coment\u00e1rios sobre este baba, ali\u00e1s ele foi o beque-de-espera do\u00a0quadro perdedor.<\/div>\n<div>Entendeu o analista que at\u00e9 os 20 minutos do primeiro tempo o time do Cap. Eldon\u00a0do Ofert\u00e3o dominou por completo o do Cap. Mrconi e detalhando registrou que nesse\u00a0interim seu time sofreu um gol e detalhou ao descreve que, num vacilo, o zagueiro\u00a0Pitu deu um chut\u00e3o e a bola resvalou no atacante Passarinho do time contr\u00e1rio e bola,\u00a0com o Goleiro Vando Paia\u00e7o batido, a bola foi morrer na rede. Salientou que o\u00a0lateral-direito defensivo e \u2018atacativo\u2019 Everaldo Cabe\u00e7a de Flande saiu aos 25\u00a0minutos ainda no 1\u00ba tempo, entrando em seu lugar o meia Correia do HSBC,\u00a0momento em que seu time passou a tocar a bola, e com isso, empatar o jogo em 1 a\u00a01, saindo assim os dois times pro intervalo. Prossegue narrando que sua equipe\u00a0voltou para a 2\u00aa etapa jogando bem, mas o ataque desperdi\u00e7ava todas as\u00a0oportunidades de gols que tivera. Seguindo a m\u00e1xima do futebol de \u2018quem n\u00e3o faz\u00a0leva\u2019, continua o analista dizendo que seu time n\u00e3o aproveitando as oportunidades,\u00a0o do Cap. Eldon do Ofert\u00e3o voltou a dominar as r\u00e9deas do jogo e vez 2 a 1. Ressaltou\u00a0que a equipe do Cap. Marconi foi pra frente e tentou empatar o jogo, mas que, no\u00a0fim da contenta o avante Passarinho da equipe contr\u00e1ria fez 3 a 1 com um bonito\u00a0gol. Depois fez coment\u00e1rios sobre os jogadores do time do Cap. Marconi, pela\u00a0ordem:<\/div>\n<div>&#8211; Goleiro Vando Paia\u00e7o_ Fez excelente atua\u00e7\u00e3o<\/div>\n<div>&#8211; Latera direito Everaldo Cabe\u00e7a de Flande_ Saiu aos 20\u2019 do 1\u00ba tempo e n\u00e3o\u00a0complicou<\/div>\n<div>&#8211; Zagueiros Pitu e Silvan _ Fizeram \u00f3tima partida<\/div>\n<div>&#8211; Volante C\u00edcero _ Jogou boa partida<\/div>\n<div>&#8211; Latera Esquerdo Jackson Squar _ Jogou muito bem. Melhor jogador em campo<\/div>\n<div>&#8211; Beque de Espera Paulo Gois do Bradesco (o pr\u00f3prio) _ Atua\u00e7\u00e3o perfeita na frente\u00a0da zaga<\/div>\n<div>&#8211; Meia Carl\u00e3o do Taxi _ Esfor\u00e7ado. Ajudou muito<\/div>\n<div>&#8211; Volante Isaque _ N\u00e3o reeditou suas boas atua\u00e7\u00f5es na Avep<\/div>\n<div>&#8211; Meia-atacante Marconi _ N\u00e3o esteve bem na partida. Poderia render mais.\u00a0Carregou muito a bola: \u00e0s vezes perdia a bola e n\u00e3o combatia<\/div>\n<div>&#8211; Centroavante Ismar Landgol _ A bola n\u00e3o chegava bem ao matador. N\u00e3o esteve\u00a0bem na partida.<\/div>\n<div>Terminada as considera\u00e7\u00f5es sobre os atletas da equipe do Cap. Marconi, o analista\u00a0Palo Gois do Bradesco finalizou considerando uma vit\u00f3ria merecida do esquadr\u00e3o\u00a0comandado pelo Cap. Eldon do Efert\u00e3o.<\/div>\n<div>Sim, o analista inseriu tamb\u00e9m para esta Not\u00edcias as considera\u00e7\u00f5es do volante Isaque que ressaltou sua atua\u00e7\u00e3o dizendo que o analista desfilou em campo, deu aula de futebol e que ele foi realmente um \u2018monstro\u2019. E completou dizendo que equipe (onde o Isaque jogara tamb\u00e9m) do Cap. Marconi, apesar da grande atua\u00e7\u00e3o do beque-de-de-espera Paulo Gois do Bradesco disso, n\u00e3o dera para igualar o marcar, haja vista o time opositor (o de Elton do Ofert\u00e3o) ter sido mais qualificado.<\/div>\n<\/div>\n<\/div>\n<div id=\"pc3\">\n<div id=\"p3\">\n<div>Sobre o jogo do Campo Guimaldo, nem os capit\u00e3es nem participes quiseram se\u00a0manifestar. O Cap. Renatinho dos Leais prometeu, prometeu; a Not\u00edcias da Avep\u00a0esperou, esperou, mas ficou s\u00f3 nisso.<\/div>\n<div><\/div>\n<div>NOTAS<\/div>\n<div>As camisas da festa de Confraterniza\u00e7\u00e3o de fim de ano da Avep j\u00e1 est\u00e3o, conforme\u00a0a diretoria, a disposi\u00e7\u00e3o dos associados. Valor: 60,00 (sessenta paus). Para algum\u00a0convidado de associado 100,00 (cem paus). Local e data a serem escolhidos. <a href=\"https:\/\/www.r2cpress.com.br\/v1\/wp-content\/uploads\/2023\/09\/4.jpg\"><img loading=\"lazy\" class=\"aligncenter size-full wp-image-127819\" src=\"https:\/\/www.r2cpress.com.br\/v1\/wp-content\/uploads\/2023\/09\/4.jpg\" alt=\"\" width=\"235\" height=\"150\" \/><\/a><\/div>\n<div><\/div>\n<div>Texto do associado Heckel Janu\u00e1rio. Fotos dos \u201cbabas\u201d de Marconi Almeida,\u00a0fot\u00f3grafo oficial e diretor de Divulga\u00e7\u00e3o da Avep. O Prof. Jorge Reis \u00e9 o fot\u00f3grafo\u00a0de momentos et\u00edlicos e secret\u00e1rio-mor desta entidade.<\/div>\n<\/div>\n<hr class=\"pageHrV2\" \/>\n<\/div>\n<\/div>\n<\/div>\n","protected":false},"excerpt":{"rendered":"<p>NOT\u00cdCIAS DA AVEP NA 14\u00aa RODADA DEU VIT\u00d3RIA DOS CAPIT\u00c3ES RENATINHO DOS LEAIS\u00a0E ELDON DO OFERT\u00c3O Dia 03 de setembro de 2023, domingo pela manh\u00e3, a Associa\u00e7\u00e3o dos Veteranos de\u00a0Esporte Praiano (AVEP), entidade de \u2018baba de praia\u2019 quase centen\u00e1ria de Ilh\u00e9us,\u00a0realizou os dois babas referentes a 14\u00aa rodada da Temporada 2023, com vit\u00f3ria, no\u00a0Campo Grimaldo, [&hellip;]<\/p>\n","protected":false},"author":2,"featured_media":127816,"comment_status":"open","ping_status":"open","sticky":false,"template":"","format":"standard","meta":{"_links_to":"","_links_to_target":""},"categories":[1],"tags":[],"_links":{"self":[{"href":"https:\/\/www.r2cpress.com.br\/v1\/wp-json\/wp\/v2\/posts\/127815"}],"collection":[{"href":"https:\/\/www.r2cpress.com.br\/v1\/wp-json\/wp\/v2\/posts"}],"about":[{"href":"https:\/\/www.r2cpress.com.br\/v1\/wp-json\/wp\/v2\/types\/post"}],"author":[{"embeddable":true,"href":"https:\/\/www.r2cpress.com.br\/v1\/wp-json\/wp\/v2\/users\/2"}],"replies":[{"embeddable":true,"href":"https:\/\/www.r2cpress.com.br\/v1\/wp-json\/wp\/v2\/comments?post=127815"}],"version-history":[{"count":2,"href":"https:\/\/www.r2cpress.com.br\/v1\/wp-json\/wp\/v2\/posts\/127815\/revisions"}],"predecessor-version":[{"id":127844,"href":"https:\/\/www.r2cpress.com.br\/v1\/wp-json\/wp\/v2\/posts\/127815\/revisions\/127844"}],"wp:featuredmedia":[{"embeddable":true,"href":"https:\/\/www.r2cpress.com.br\/v1\/wp-json\/wp\/v2\/media\/127816"}],"wp:attachment":[{"href":"https:\/\/www.r2cpress.com.br\/v1\/wp-json\/wp\/v2\/media?parent=127815"}],"wp:term":[{"taxonomy":"category","embeddable":true,"href":"https:\/\/www.r2cpress.com.br\/v1\/wp-json\/wp\/v2\/categories?post=127815"},{"taxonomy":"post_tag","embeddable":true,"href":"https:\/\/www.r2cpress.com.br\/v1\/wp-json\/wp\/v2\/tags?post=127815"}],"curies":[{"name":"wp","href":"https:\/\/api.w.org\/{rel}","templated":true}]}}