{"id":127912,"date":"2023-10-06T20:52:40","date_gmt":"2023-10-06T23:52:40","guid":{"rendered":"https:\/\/www.r2cpress.com.br\/v1\/?p=127912"},"modified":"2023-10-06T20:52:40","modified_gmt":"2023-10-06T23:52:40","slug":"noticias-da-avep-195","status":"publish","type":"post","link":"https:\/\/www.r2cpress.com.br\/v1\/2023\/10\/06\/noticias-da-avep-195\/","title":{"rendered":"NOT\u00cdCIAS DA AVEP"},"content":{"rendered":"<div id=\"m_toolbarLayer\" class=\"layer\"><\/div>\n<div id=\"m_textViewLayer\" class=\"layer\">\n<div id=\"m_content\">\n<div id=\"pc1\">\n<div><\/div>\n<div class=\"pageNumV2\">1 <a href=\"https:\/\/www.r2cpress.com.br\/v1\/wp-content\/uploads\/2023\/10\/1-5.jpg\"><img loading=\"lazy\" class=\"aligncenter size-medium wp-image-127913\" src=\"https:\/\/www.r2cpress.com.br\/v1\/wp-content\/uploads\/2023\/10\/1-5-300x120.jpg\" alt=\"\" width=\"300\" height=\"120\" srcset=\"https:\/\/www.r2cpress.com.br\/v1\/wp-content\/uploads\/2023\/10\/1-5-300x120.jpg 300w, https:\/\/www.r2cpress.com.br\/v1\/wp-content\/uploads\/2023\/10\/1-5.jpg 537w\" sizes=\"(max-width: 300px) 100vw, 300px\" \/><\/a><\/div>\n<div id=\"p1\">\n<div>VIT\u00d3RIA DA EQUIPE DO CAP. VALDIMIRO E EMPATE MARCAM A 16\u00aa\u00a0RODADA<\/div>\n<div><\/div>\n<div>Dia 1\u00ba de outubro, domingo pela manh\u00e3, desta Temporada 2023, a Associa\u00e7\u00e3o dos\u00a0Veteranos de Esporte Praiano (AVEP), entidade de \u2018baba de praia\u2019 quase centen\u00e1ria\u00a0de Ilh\u00e9us, realizou sua 16\u00aa rodada da mencionada modalidade esportiva em que no\u00a0Campo Grimaldo a equipe do Cap. Valvimiro abateu a do Cap. Eldon do Ofert\u00e3o\u00a0pelo escore de 6 a 0, com feito pelo pr\u00f3prio capit\u00e3o Vandimir(3), Dudu(2) e Fabio\u00a0Alan(1). No Campo Martial os quadros dos capit\u00e3es Renatinho dos Leais e Rog\u00e9rio\u00a0empataram de 4 a 1, com Vit\u00e3o fazendo os 4 gols do primeiro e, o pr\u00f3prio capit\u00e3o\u00a0Rog\u00e9rio marcando 3 e Duda Pantera 1. Os babas foram jogados, como de praxe, na\u00a0praia da Av. Soares Lopes, no trecho adjacente aos campos de t\u00eanis da Associa\u00e7\u00e3o\u00a0Ilheense de Beach Tennis (AIBT). Apitaram os \u00e1rbitros Miranda (Campo Grimaldo)\u00a0e Wenderson (Campo Martial), com atua\u00e7\u00f5es de regulares para boas, conforme\u00a0alguns observadores dos babas. Levaram Cart\u00e3o Amarelo: Goleiro Rosilvado, Nilton\u00a0do BB, Carl\u00e3o do Taxi e Lu\u00eds Humberto. A coordena\u00e7\u00e3o da rodada esteve a cargo\u00a0do vice-presidente avepiano Robert\u00e3o como Diretor do Dia<\/div>\n<div><\/div>\n<div>Equipe no Campo Grimaldo conforme s\u00famulas:<\/div>\n<div>(Cap. Eldon do Ofert\u00e3o): Goleiro Rosivaldo, Gutemberg Trator (Sena), Silva,\u00a0Claudio e Prof. Jorge Reis(Henrique do BB); Adauto Negocinho, Vado do Bradesco\u00a0e Isaque; Crispa da Galera do Fla, Eldon do Ofert\u00e3o e Marconi<\/div>\n<div>X<\/div>\n<div>(Cap. Valdimiro): Goleiro Ricardo do Caminh\u00e3o, Geraldo da Ceplac(Jackson\u00a0Squar), Silvio Reis (Cleiton), Udson da Pol\u00edcia, Correia do HSBC e Zugaib da\u00a0Ceplac; Dudu, Carl\u00e3o do Taxi e Major do Bahia de Itabuna; Fabio Alan e Valdimiro.<\/div>\n<div><\/div>\n<div>Equipe no Campo Martial conforme s\u00famulas:<\/div>\n<div>(Cap. Renatinho dos Leais): Goleiro Deraldo, Lu\u00eds Claudio, Nilton do BB(Ralio da\u00a0Contabilidde), Nilo e Madureira; Luciano Santana, Paulo Sergio e Z\u00e9 Hilton; Alex\u00a0de Moises, Vit\u00e3o e Renatinho dos Leais(Lu\u00eds Humberto)<\/div>\n<div>X<\/div>\n<div>(Cap. Rog\u00e9rio): Goleiro Valmir, Gilson do Taxi, Galletti da Rio de Engenho, Danilo\u00a0e Moises(Pitu); Gagarin, Chales Reis e Daniel Murta; Ismar Landgol, Duda Pantera\u00a0e Rogerio<\/div>\n<div><\/div>\n<div>COMENT\u00c1RIOS<\/div>\n<div>Deixamos de registrar os coment\u00e1rios sobre a rodada por n\u00e3o ter chegado a esta\u00a0Not\u00edcias registros sobre os dois babas.<\/div>\n<div>Reitero que este t\u00f3pico est\u00e1 aberto democraticamente \u00e0s opini\u00f5es dos distintos\u00a0capit\u00e3es, sejam perdedores, ganhadores ou empatadores, bem como a todos os\u00a0associados que desejem opinar.<\/div>\n<div>Parece que o desest\u00edmulo bateu at\u00e9 no nosso analista-de-baba-mor Paulo Gois do\u00a0Bradesco, beque-de-espera III avepiano.<\/div>\n<div><\/div>\n<div>NOTAS<\/div>\n<\/div>\n<\/div>\n<div id=\"pc2\">\n<div id=\"p2\">\n<div>Segundo o nosso l\u00edngua ferina Everaldo Cabe\u00e7a de Flande, lateral defensivo e\u00a0\u2018atacativo\u2019 avepinao, o beque-de-espera III Paulo Gois do Bradesco n\u00e3o comentou\u00a0em raz\u00e3o daquele bate-cabe\u00e7a dele e Alvinho beque-de-vigor. Segundo Cabe\u00e7a ele\u00a0ficou chateado com os coment\u00e1rios do atacante pelas beiradas Crispa da Galera do\u00a0Fla, sobretudo pelos tr\u00eas gols em cima dos dois.<\/div>\n<div>Cabe\u00e7a tamb\u00e9m comentou que agora capit\u00e3o nenhum pode cartar: \u2018\u00c9 um ganha e\u00a0perde sem fim. O capit\u00e3o Renatinho que vinha esnobando vit\u00f3rias, j\u00e1 tomou cacete\u00a0tamb\u00e9m e n\u00e3o mais tirar onda\u2019.<\/div>\n<div><\/div>\n<div>Texto do associado Heckel Janu\u00e1rio. Fotos dos \u201cbabas\u201d de Marconi Almeida, fot\u00f3grafo oficial e diretor de Divulga\u00e7\u00e3o da Avep. O Prof. Jorge Reis \u00e9 o fot\u00f3grafo de momentos et\u00edlicos e secret\u00e1rio-mor desta entidade.\u00a0 <a href=\"https:\/\/www.r2cpress.com.br\/v1\/wp-content\/uploads\/2023\/10\/2-5.jpg\"><img loading=\"lazy\" class=\"aligncenter size-medium wp-image-127914\" src=\"https:\/\/www.r2cpress.com.br\/v1\/wp-content\/uploads\/2023\/10\/2-5-300x120.jpg\" alt=\"\" width=\"300\" height=\"120\" srcset=\"https:\/\/www.r2cpress.com.br\/v1\/wp-content\/uploads\/2023\/10\/2-5-300x120.jpg 300w, https:\/\/www.r2cpress.com.br\/v1\/wp-content\/uploads\/2023\/10\/2-5.jpg 539w\" sizes=\"(max-width: 300px) 100vw, 300px\" \/><\/a><\/div>\n<\/div>\n<\/div>\n<\/div>\n<\/div>\n","protected":false},"excerpt":{"rendered":"<p>1 VIT\u00d3RIA DA EQUIPE DO CAP. VALDIMIRO E EMPATE MARCAM A 16\u00aa\u00a0RODADA Dia 1\u00ba de outubro, domingo pela manh\u00e3, desta Temporada 2023, a Associa\u00e7\u00e3o dos\u00a0Veteranos de Esporte Praiano (AVEP), entidade de \u2018baba de praia\u2019 quase centen\u00e1ria\u00a0de Ilh\u00e9us, realizou sua 16\u00aa rodada da mencionada modalidade esportiva em que no\u00a0Campo Grimaldo a equipe do Cap. Valvimiro abateu [&hellip;]<\/p>\n","protected":false},"author":2,"featured_media":127913,"comment_status":"open","ping_status":"open","sticky":false,"template":"","format":"standard","meta":{"_links_to":"","_links_to_target":""},"categories":[1],"tags":[],"_links":{"self":[{"href":"https:\/\/www.r2cpress.com.br\/v1\/wp-json\/wp\/v2\/posts\/127912"}],"collection":[{"href":"https:\/\/www.r2cpress.com.br\/v1\/wp-json\/wp\/v2\/posts"}],"about":[{"href":"https:\/\/www.r2cpress.com.br\/v1\/wp-json\/wp\/v2\/types\/post"}],"author":[{"embeddable":true,"href":"https:\/\/www.r2cpress.com.br\/v1\/wp-json\/wp\/v2\/users\/2"}],"replies":[{"embeddable":true,"href":"https:\/\/www.r2cpress.com.br\/v1\/wp-json\/wp\/v2\/comments?post=127912"}],"version-history":[{"count":1,"href":"https:\/\/www.r2cpress.com.br\/v1\/wp-json\/wp\/v2\/posts\/127912\/revisions"}],"predecessor-version":[{"id":127915,"href":"https:\/\/www.r2cpress.com.br\/v1\/wp-json\/wp\/v2\/posts\/127912\/revisions\/127915"}],"wp:featuredmedia":[{"embeddable":true,"href":"https:\/\/www.r2cpress.com.br\/v1\/wp-json\/wp\/v2\/media\/127913"}],"wp:attachment":[{"href":"https:\/\/www.r2cpress.com.br\/v1\/wp-json\/wp\/v2\/media?parent=127912"}],"wp:term":[{"taxonomy":"category","embeddable":true,"href":"https:\/\/www.r2cpress.com.br\/v1\/wp-json\/wp\/v2\/categories?post=127912"},{"taxonomy":"post_tag","embeddable":true,"href":"https:\/\/www.r2cpress.com.br\/v1\/wp-json\/wp\/v2\/tags?post=127912"}],"curies":[{"name":"wp","href":"https:\/\/api.w.org\/{rel}","templated":true}]}}