{"id":127990,"date":"2023-10-23T09:30:21","date_gmt":"2023-10-23T12:30:21","guid":{"rendered":"https:\/\/www.r2cpress.com.br\/v1\/?p=127990"},"modified":"2023-10-23T09:30:22","modified_gmt":"2023-10-23T12:30:22","slug":"noticias-da-avep-196","status":"publish","type":"post","link":"https:\/\/www.r2cpress.com.br\/v1\/2023\/10\/23\/noticias-da-avep-196\/","title":{"rendered":"NOT\u00cdCIAS DA AVEP"},"content":{"rendered":"<p><a href=\"https:\/\/www.r2cpress.com.br\/v1\/wp-content\/uploads\/2023\/10\/IMG-20230811-WA0015.jpg\"><img loading=\"lazy\" class=\"aligncenter size-full wp-image-127991\" src=\"https:\/\/www.r2cpress.com.br\/v1\/wp-content\/uploads\/2023\/10\/IMG-20230811-WA0015.jpg\" alt=\"\" width=\"200\" height=\"286\" \/><\/a><br \/>\nVIT\u00d3RIA DOS CAPIT\u00c3ES ALEX DE MOISES E ISMAR LANDGOL MARCAM A 17\u00aa RODADA<br \/>\nDomingo passado pela manh\u00e3 (15\/10\/2023) a Associa\u00e7\u00e3o dos Veteranos de Esporte Praiano (AVEP), entidade de \u2018baba de praia\u2019 quase centen\u00e1ria de Ilh\u00e9us, realizou sua 17\u00aa rodada da mencionada modalidade esportiva resultando nas vit\u00f3rias das equipes dos capit\u00e3es Alex de Moises e Ismar Landgol, respectivamente sobre os quadros dos capit\u00e3es Zugaib da Ceplac (escore de 6 a 1) e Crispa da Galera do Fla (4 a 1 no placar). As duas primeiras equipes jogaram no Campo Grimaldo e os gols foram marcados por Vit\u00e3o(2), Gilson do Taxi(1 contra), o pr\u00f3prio Alex de Moises(2) e Duda Pantera(1) para a vencedora; Eldon do Ofert\u00e3o(1) fez o gol daperdedora. No Campo Martial no duelo entre os quadros dos capit\u00e3es Ismar Landgol e Crispa da Galera do Fla, os gols foram de autoria de Paulo Sergio(1), Dudu(1) e o pr\u00f3prio Ismar Landgol(2) para o ganhador; conferindo o pr\u00f3prio Crispa da Galera do Fla para o perdedor. Os babas foram jogados, como de praxe, na praia da Av. Soares Lopes, no trecho adjacente aos campos de t\u00eanis da Associa\u00e7\u00e3o Ilheense de Beach Tennis (AIBT). Os \u00e1rbitros da rodada Miranda (Campo Grimaldo) e Coelho(Campo Martial), atuaram segundo os olheiros avepianos de arbitragens, sem reclamos mais contundentes por parte dos part\u00edcipes. Levaram Cart\u00e3o Amarelo: Paulo Gois do Bradesco, Carl\u00e3o do Taxi e Isaque.<!--more--> Coordenou a rodada, como Diretor de Baba, o vice-presidente da Avep, Robert\u00e3o.<br \/>\nEquipes no Campo Grimaldo conforme S\u00famulas<br \/>\n(Cap. Alex de Moises): Goleiro Ricardo do Caminh\u00e3o, Prof. Jorge Reis, Lino, Paulo Cesar e Danilo; Daniel Murta, Carl\u00e3o do Taxi e Alex de Moises; Duda Pantera e Vit\u00e3o<br \/>\nX<br \/>\n(Cap. Zugaib da Ceplac): Goleiro Valmir, Gilson do Taxi, Tiuba(Ralio da Contabilidade), Z\u00e9 Hilton e Paulinho da AFC(Luciano Santana); Gagarin, Zugaib da Ceplac(Paulo Gois do Bradesco) e Nilton do BB; Eldon do Ofert\u00e3o e Cleiton<br \/>\nEquipes no Campo Martial conforme S\u00famulas<br \/>\n(Cap. Ismar Landgol): Goleiro Rosivaldo, Silvio Reis(Lu\u00eds Humberto), Paul\u00f4 da Bitway, Deivid Pato e Jackson Squar; Dudu, F\u00e1bio Alan e Rog\u00e9rio; Ismar Landgol e Paulo S\u00e9rgio<br \/>\nX<br \/>\n(Cap. Crispa da Galera do Fla): Goleiro Jamilton Papel, Moises, Galletti da Rio de Engenho, Everaldo Cabe\u00e7a de Flande(Vilas Boas) e C\u00edcero(Silva); Isaque, Adauto Negocinho e Vado do Bradesco; Charles Reis e Crispa da Galera do Fla<br \/>\nCOMENT\u00c1RIOS<br \/>\nNo Campo Grimaldo, na an\u00e1lise do beque-de-espera III Paulo Gois do Bradesco, ele que tomou cacete jogando pela equipe comandada pelo Capit\u00e3o Zugaib da Ceplac, contra a do Capit\u00e3o Alex de Moises, seu time saiu para o intervalo tomando 2 a 0, mas que acreditava em reverter a situa\u00e7\u00e3o se mudasse de postura. Como havia entrado no lugar do capit\u00e3o Zugaib da Ceplac que sa\u00edra contundido, ainda no 1\u00aa tempo, descreve o analista que na volta para a 2\u00aa etapa usou da palavra e falou para os componentes de seu time que dava para empatar o jogo desde que os laterais Gagarin e Z\u00e9 Hilton guardassem as posi\u00e7\u00f5es, ou seja, que fossem ao ataque, mas n\u00e3o procurassem taxi para voltar \u00e0 retaguarda, e que do contr\u00e1rio seu time levaria uma goleada. Tanto assim que no rein\u00edcio do baba, cumprindo orienta\u00e7\u00e3o dada, a equipe fez 2 a 1 e as esperan\u00e7as de um empate e rea\u00e7\u00e3o reacenderam para a sua equipe. Mas, continua o analista, por infelicidade o beque Gilson do Taxi fez um gol contra logo depois que o placar foi diminu\u00eddo. Da\u00ed em diante os dois laterais, desembestados, perderam a no\u00e7\u00e3o de coloca\u00e7\u00e3o e a goleada foi inevit\u00e1vel. Com a vantagem no placar ressalta o analista que o time do Capit\u00e3o Alex de Moises passou a dominar a partida e fez os gols necess\u00e1rio para sair de campo com uma vit\u00f3ria tranquila. O beque-de-espera Paulo Gois do Bradesco aventa que seu time ainda imprimiu tentativas de gols, esbarradas nas \u2018defesas milagrosas do Goleiro Ricardo do Caminh\u00e3o\u2019 do advers\u00e1rio. E conclui dizendo que n\u00e3o soube por qual raz\u00e3o Nilton do BB de seu time saiu de campo e lamentou o capit\u00e3o Zugaib da Ceplac ter errado na terceira escolha com Tiuba, j\u00e1 que tinha outros jogadores \u00e0 disposi\u00e7\u00e3o como Fabio Alan, Adauto Negocinho e Carl\u00e3o do Taxi.<br \/>\nSobre o baba no Campo Grimaldo, os capit\u00e3es das duas equipes \u2013 Ismar Landgol e Crispa da galera do Fla \u2013 n\u00e3o quiseram se manifestar. Entretanto de ouvir dizer, o analista Paulo Gois do Bradesco registrou que neste campo houve um bom jogo e o time do Cap. Ismar Landgol mereceu a vit\u00f3ria por 4 a 1 sobre o de Crispa da Galera do Fla.<br \/>\nNOTAS<br \/>\nAs fotos dos times n\u00e3o aparecendo nem no \u2018Grupo Avepiano\u2019 ou se apareceram, logo depois tomaram sumi\u00e7o; por isso n\u00e3o foram postadas.<br \/>\nViu, Everaldo Cabe\u00e7a de Flande, voc\u00ea que gosta de andar badalando que o beque-de-espera III Paulo Gois do Bradesco s\u00f3 comenta baba quando ganha, est\u00e1 a resposta!! Fale tamb\u00e9m que o Cap. Crispa da Galera do Fla quando ganha faz um \u2018au\u00ea da porra\u2019 e quando toma cacete fica caladinho da silva!!<br \/>\nTexto do associado Heckel Janu\u00e1rio. Fotos dos \u201cbabas\u201d de Marconi Almeida, fot\u00f3grafo oficial e diretor de Divulga\u00e7\u00e3o da Avep. O Prof. Jorge Reis \u00e9 o fot\u00f3grafo de momentos et\u00edlicos e secret\u00e1rio-mor desta entidade.<\/p>\n<p>&nbsp;<\/p>\n","protected":false},"excerpt":{"rendered":"<p>VIT\u00d3RIA DOS CAPIT\u00c3ES ALEX DE MOISES E ISMAR LANDGOL MARCAM A 17\u00aa RODADA Domingo passado pela manh\u00e3 (15\/10\/2023) a Associa\u00e7\u00e3o dos Veteranos de Esporte Praiano (AVEP), entidade de \u2018baba de praia\u2019 quase centen\u00e1ria de Ilh\u00e9us, realizou sua 17\u00aa rodada da mencionada modalidade esportiva resultando nas vit\u00f3rias das equipes dos capit\u00e3es Alex de Moises e Ismar [&hellip;]<\/p>\n","protected":false},"author":2,"featured_media":127991,"comment_status":"open","ping_status":"open","sticky":false,"template":"","format":"standard","meta":{"_links_to":"","_links_to_target":""},"categories":[1],"tags":[],"_links":{"self":[{"href":"https:\/\/www.r2cpress.com.br\/v1\/wp-json\/wp\/v2\/posts\/127990"}],"collection":[{"href":"https:\/\/www.r2cpress.com.br\/v1\/wp-json\/wp\/v2\/posts"}],"about":[{"href":"https:\/\/www.r2cpress.com.br\/v1\/wp-json\/wp\/v2\/types\/post"}],"author":[{"embeddable":true,"href":"https:\/\/www.r2cpress.com.br\/v1\/wp-json\/wp\/v2\/users\/2"}],"replies":[{"embeddable":true,"href":"https:\/\/www.r2cpress.com.br\/v1\/wp-json\/wp\/v2\/comments?post=127990"}],"version-history":[{"count":1,"href":"https:\/\/www.r2cpress.com.br\/v1\/wp-json\/wp\/v2\/posts\/127990\/revisions"}],"predecessor-version":[{"id":127992,"href":"https:\/\/www.r2cpress.com.br\/v1\/wp-json\/wp\/v2\/posts\/127990\/revisions\/127992"}],"wp:featuredmedia":[{"embeddable":true,"href":"https:\/\/www.r2cpress.com.br\/v1\/wp-json\/wp\/v2\/media\/127991"}],"wp:attachment":[{"href":"https:\/\/www.r2cpress.com.br\/v1\/wp-json\/wp\/v2\/media?parent=127990"}],"wp:term":[{"taxonomy":"category","embeddable":true,"href":"https:\/\/www.r2cpress.com.br\/v1\/wp-json\/wp\/v2\/categories?post=127990"},{"taxonomy":"post_tag","embeddable":true,"href":"https:\/\/www.r2cpress.com.br\/v1\/wp-json\/wp\/v2\/tags?post=127990"}],"curies":[{"name":"wp","href":"https:\/\/api.w.org\/{rel}","templated":true}]}}