{"id":128037,"date":"2023-11-03T20:54:24","date_gmt":"2023-11-03T23:54:24","guid":{"rendered":"https:\/\/www.r2cpress.com.br\/v1\/?p=128037"},"modified":"2023-11-03T20:54:24","modified_gmt":"2023-11-03T23:54:24","slug":"noticias-da-avep-197","status":"publish","type":"post","link":"https:\/\/www.r2cpress.com.br\/v1\/2023\/11\/03\/noticias-da-avep-197\/","title":{"rendered":"NOT\u00cdCIAS DA AVEP"},"content":{"rendered":"<div id=\"m_toolbarLayer\" class=\"layer\"><\/div>\n<div id=\"m_textViewLayer\" class=\"layer\">\n<div id=\"m_content\">\n<div id=\"pc1\">\n<div id=\"p1\">\n<div><a href=\"https:\/\/www.r2cpress.com.br\/v1\/wp-content\/uploads\/2023\/11\/1-7.jpg\"><img loading=\"lazy\" class=\"aligncenter size-medium wp-image-128038\" src=\"https:\/\/www.r2cpress.com.br\/v1\/wp-content\/uploads\/2023\/11\/1-7-300x68.jpg\" alt=\"\" width=\"300\" height=\"68\" srcset=\"https:\/\/www.r2cpress.com.br\/v1\/wp-content\/uploads\/2023\/11\/1-7-300x68.jpg 300w, https:\/\/www.r2cpress.com.br\/v1\/wp-content\/uploads\/2023\/11\/1-7.jpg 595w\" sizes=\"(max-width: 300px) 100vw, 300px\" \/><\/a>NA 18\u00aa RODADA VIT\u00d3RIA DA EQUIPE DO CAP. RENATINHO DOS LEAIS<\/div>\n<div>Dia 29 deste m\u00eas de outubro, um domingo, a Associa\u00e7\u00e3o dos Veteranos de Esporte\u00a0Praiano (AVEP), entidade de \u2018baba de praia\u2019 quase centen\u00e1ria de Ilh\u00e9us, realizou\u00a0pela manh\u00e3 sua 18\u00aa rodada da mencionada modalidade esportiva na praia, como de\u00a0costume, da Av. Soares Lopes, trecho adjacente aos campos de t\u00eanis da Associa\u00e7\u00e3o\u00a0Ilheense de Beach Tennis (AIBT). Em raz\u00e3o da aus\u00eancia de associados no momento\u00a0da chamada s\u00f3 foi realizado um \u2018baba\u2019, e a vit\u00f3ria se deu a favor da equipe do\u00a0Capit\u00e3o Renatinho dos Leais venceu a do Capit\u00e3o Eldon do Ofert\u00e3o pelo placar de\u00a04 a 3, com gols do pr\u00f3prio capita Renatinho dos Leais(2), Charles Reis(1) e\u00a0Rogerio(1); para a perdedora marcaram Marfconi(1), Duda Pantera(1) e Vit\u00e3o(1). A\u00a0peleja foi apitada pelo juiz Coelho, com boa atua\u00e7\u00e3o de acordo os que ficam de\u00a0butuca nas arbitragens. Z\u00e9 Hilton (irm\u00e3o de Carl\u00e3o do Taxi) recebeu Cart\u00e3o\u00a0Amarelo. Robert\u00e3o, vice-presidente avepiano e ferrenho torcedor do Vit\u00f3ria, grande\u00a0destaque do Brasileir\u00e3o s\u00e9rie B (o presidente Djalma Peludo e o chamego dele\u00a0Adauto Negocinho tamb\u00e9m s\u00e3o rubro-negros baianos roxos), coordenou a rodada\u00a0como Diretor do Dia.<\/div>\n<div>Equipes que atuaram na rodada conforme s\u00famulas:<\/div>\n<div>(Cap. Renatinho dos Leais): Goleiro Jamilton Papel(Goleiro Deraldo), Silvio\u00a0Reis(Adauto Negocinho), Junior Murta, Beto Silveira e Danilo; Nilton do\u00a0BB(Rogerio depois Dudu), Isaque, Major do Bahia de Itabuna e Charles Reis; Ismar\u00a0Landgol e Renatinho dos Leais<\/div>\n<div>X<\/div>\n<div>(Cap. Eldon do Ofert\u00e3o): Goleiro RosilvadoGoleiro Felipe), Geraldo da\u00a0Ceplac(Duda Pantera), Galletti da Rio de Engenho(Paulo Seergio), Lino(Vado do\u00a0Bradesco), Gagarin(Vit\u00e3o) e Z\u00e9 Hilton; Zugaib da Ceplac e Daniel Murta(Jackson\u00a0Squar); Alex do Ofert\u00e3o(Marconi)Pitanga e Eldon do Ofert\u00e3o<\/div>\n<div>COMENT\u00c1RIOS<\/div>\n<div>Esta Not\u00edcias da Avep n\u00e3o recebeu opini\u00f5es dos capit\u00e3es, mas se o baba fosse\u00a0analisado tendo como refer\u00eancia \u2018bola na rede\u2019, pode ser dito que foi parelho, \u2018bom\u00a0baba\u2019, como diz os entendidos. <a href=\"https:\/\/www.r2cpress.com.br\/v1\/wp-content\/uploads\/2023\/11\/2-10.jpg\"><img loading=\"lazy\" class=\"aligncenter size-medium wp-image-128039\" src=\"https:\/\/www.r2cpress.com.br\/v1\/wp-content\/uploads\/2023\/11\/2-10-300x200.jpg\" alt=\"\" width=\"300\" height=\"200\" srcset=\"https:\/\/www.r2cpress.com.br\/v1\/wp-content\/uploads\/2023\/11\/2-10-300x200.jpg 300w, https:\/\/www.r2cpress.com.br\/v1\/wp-content\/uploads\/2023\/11\/2-10.jpg 379w\" sizes=\"(max-width: 300px) 100vw, 300px\" \/><\/a><\/div>\n<div>NOTAS<\/div>\n<div>O presidente Djalma Peludo seguindo os preceitos que rege a Associa\u00e7\u00e3o avepiana,\u00a0resolveu, diante de atos incautos de alguns associados, decretar que, o associado que\u00a0postar algo diferente no Grupo de WhatsApp \u2018Assinatura da Avep\u2019, ou seja, n\u00e3o\u00a0coerente com a proposi\u00e7\u00e3o do grupo ou seja, ficar\u00e1 obrigado doar 3 quilos de\u00a0alimentos. E tem mais (referente a outro decreto o 2\u00ba : se o cara assinar presen\u00e7a e\u00a0n\u00e3o comparecer no hor\u00e1rio preestabelecido da chamada das equipes, ser\u00e1 punido\u00a0com a obrigatoriedade tamb\u00e9m de 3 quilos de alimentos.<\/div>\n<div>Para os ne\u00f3fitos avepianos o 1\u00ba presidente AVEP e um dos fundadores foi Jackson Lima, carinhosamente alcunhado, por n\u00e3o deixar que a associa\u00e7\u00e3o virasse mangue, de Sadam Hussein. Silvio Reis, ap\u00f3s o falecimento de seu Jackson, assumiu a presid\u00eancia, num per\u00edodo de transi\u00e7\u00e3o, provisoriamente e se constituiu no 2\u00ba presidente da AVEP. Djalma Peludo \u00e9 o 3\u00aa em segundo mandato, que tamb\u00e9m recebeu a alcunha carinhosa de Sadam Hussein II. Como o 1\u00aa Hussein, o 2\u00ba tamb\u00e9m joga duro para n\u00e3o deixar que a entidade avepiana vire sculhamba\u00e7\u00e3o.<\/div>\n<\/div>\n<\/div>\n<div id=\"pc2\">\n<div id=\"p2\">\n<div>Texto do associado Heckel Janu\u00e1rio. Fotos dos \u201cbabas\u201d de Marconi Almeida,\u00a0fot\u00f3grafo oficial e diretor de Divulga\u00e7\u00e3o da Avep. O Prof. Jorge Reis \u00e9 o fot\u00f3grafo\u00a0de momentos et\u00edlicos e secret\u00e1rio-mor desta entidade. <a href=\"https:\/\/www.r2cpress.com.br\/v1\/wp-content\/uploads\/2023\/11\/3-9.jpg\"><img loading=\"lazy\" class=\"aligncenter size-medium wp-image-128040\" src=\"https:\/\/www.r2cpress.com.br\/v1\/wp-content\/uploads\/2023\/11\/3-9-300x200.jpg\" alt=\"\" width=\"300\" height=\"200\" srcset=\"https:\/\/www.r2cpress.com.br\/v1\/wp-content\/uploads\/2023\/11\/3-9-300x200.jpg 300w, https:\/\/www.r2cpress.com.br\/v1\/wp-content\/uploads\/2023\/11\/3-9.jpg 380w\" sizes=\"(max-width: 300px) 100vw, 300px\" \/><\/a><\/div>\n<\/div>\n<\/div>\n<\/div>\n<\/div>\n<p>&nbsp;<\/p>\n","protected":false},"excerpt":{"rendered":"<p>NA 18\u00aa RODADA VIT\u00d3RIA DA EQUIPE DO CAP. RENATINHO DOS LEAIS Dia 29 deste m\u00eas de outubro, um domingo, a Associa\u00e7\u00e3o dos Veteranos de Esporte\u00a0Praiano (AVEP), entidade de \u2018baba de praia\u2019 quase centen\u00e1ria de Ilh\u00e9us, realizou\u00a0pela manh\u00e3 sua 18\u00aa rodada da mencionada modalidade esportiva na praia, como de\u00a0costume, da Av. Soares Lopes, trecho adjacente aos [&hellip;]<\/p>\n","protected":false},"author":2,"featured_media":128038,"comment_status":"open","ping_status":"open","sticky":false,"template":"","format":"standard","meta":{"_links_to":"","_links_to_target":""},"categories":[1],"tags":[],"_links":{"self":[{"href":"https:\/\/www.r2cpress.com.br\/v1\/wp-json\/wp\/v2\/posts\/128037"}],"collection":[{"href":"https:\/\/www.r2cpress.com.br\/v1\/wp-json\/wp\/v2\/posts"}],"about":[{"href":"https:\/\/www.r2cpress.com.br\/v1\/wp-json\/wp\/v2\/types\/post"}],"author":[{"embeddable":true,"href":"https:\/\/www.r2cpress.com.br\/v1\/wp-json\/wp\/v2\/users\/2"}],"replies":[{"embeddable":true,"href":"https:\/\/www.r2cpress.com.br\/v1\/wp-json\/wp\/v2\/comments?post=128037"}],"version-history":[{"count":1,"href":"https:\/\/www.r2cpress.com.br\/v1\/wp-json\/wp\/v2\/posts\/128037\/revisions"}],"predecessor-version":[{"id":128041,"href":"https:\/\/www.r2cpress.com.br\/v1\/wp-json\/wp\/v2\/posts\/128037\/revisions\/128041"}],"wp:featuredmedia":[{"embeddable":true,"href":"https:\/\/www.r2cpress.com.br\/v1\/wp-json\/wp\/v2\/media\/128038"}],"wp:attachment":[{"href":"https:\/\/www.r2cpress.com.br\/v1\/wp-json\/wp\/v2\/media?parent=128037"}],"wp:term":[{"taxonomy":"category","embeddable":true,"href":"https:\/\/www.r2cpress.com.br\/v1\/wp-json\/wp\/v2\/categories?post=128037"},{"taxonomy":"post_tag","embeddable":true,"href":"https:\/\/www.r2cpress.com.br\/v1\/wp-json\/wp\/v2\/tags?post=128037"}],"curies":[{"name":"wp","href":"https:\/\/api.w.org\/{rel}","templated":true}]}}