{"id":128064,"date":"2023-11-10T17:19:14","date_gmt":"2023-11-10T20:19:14","guid":{"rendered":"https:\/\/www.r2cpress.com.br\/v1\/?p=128064"},"modified":"2023-11-10T17:19:14","modified_gmt":"2023-11-10T20:19:14","slug":"caminho-do-mar-nova-realidade-da-praia-da-avenida","status":"publish","type":"post","link":"https:\/\/www.r2cpress.com.br\/v1\/2023\/11\/10\/caminho-do-mar-nova-realidade-da-praia-da-avenida\/","title":{"rendered":"Caminho do Mar \u2013 nova realidade da Praia da Avenida"},"content":{"rendered":"<div id=\"m_toolbarLayer\" class=\"layer\"><a href=\"https:\/\/www.r2cpress.com.br\/v1\/wp-content\/uploads\/2023\/11\/WhatsApp-Image-2023-11-10-at-08.00.51.jpeg\"><img loading=\"lazy\" class=\"aligncenter size-medium wp-image-128066\" src=\"https:\/\/www.r2cpress.com.br\/v1\/wp-content\/uploads\/2023\/11\/WhatsApp-Image-2023-11-10-at-08.00.51-300x300.jpeg\" alt=\"\" width=\"300\" height=\"300\" srcset=\"https:\/\/www.r2cpress.com.br\/v1\/wp-content\/uploads\/2023\/11\/WhatsApp-Image-2023-11-10-at-08.00.51-300x300.jpeg 300w, https:\/\/www.r2cpress.com.br\/v1\/wp-content\/uploads\/2023\/11\/WhatsApp-Image-2023-11-10-at-08.00.51-150x150.jpeg 150w, https:\/\/www.r2cpress.com.br\/v1\/wp-content\/uploads\/2023\/11\/WhatsApp-Image-2023-11-10-at-08.00.51.jpeg 600w\" sizes=\"(max-width: 300px) 100vw, 300px\" \/><\/a>A praia da Avenida em Ilh\u00e9us sempre foi famosa entre seus moradores h\u00e1 d\u00e9cadas. Contudo, ap\u00f3s a constru\u00e7\u00e3o no Porto do Malhado, um impacto ambiental previsto pelo engenheiro e menosprezado pelas autoridades se concretizou, alargando sua faixa de areia, num processo de ascens\u00e3o que perdura por anos.<\/div>\n<div id=\"m_textViewLayer\" class=\"layer\">\n<div id=\"m_content\">\n<div id=\"pc1\">\n<div id=\"p1\">\n<div><\/div>\n<div>A mar foi se distanciando e ampliando a restinga, onde encontramos \u00a053 esp\u00e9cies de\u00a0aves, tanto nativas da Mata Atl\u00e2ntica, quanto ex\u00f3ticas que est\u00e3o de passagem.<\/div>\n<div><\/div>\n<div>Cada dia o caminho da praia ficava mais distante e sem interven\u00e7\u00f5es urban\u00edsticas\u00a0adequadas, a praia da Avenida Soares Lopes permanece sem planejamento.<\/div>\n<div><\/div>\n<div>O Grupo de Amigos da Praia tem sua sede administrativa na mesma avenida e esta\u00a0praia marcou a cria\u00e7\u00e3o da ONG ambiental; diversos moradores sempre cuidaram com\u00a0carinho deste importante patrim\u00f4nio natural e fundaram a organiza\u00e7\u00e3o que hoje est\u00e1\u00a0consolidada. Em setembro de 2023, um percurso j\u00e1 utilizado pelos pescadores, foi\u00a0rebatizado como CAMINHO DO MAR, com instala\u00e7\u00e3o de pranchas de surf com frases\u00a0ecol\u00f3gicas e cada dia mais os moradores vem se apropriando deste importante espa\u00e7o\u00a0de lazer, cultura, esporte e contempla\u00e7\u00e3o da natureza e do ecossistema costeiro.<\/div>\n<div><\/div>\n<div>Neste dia 11 de novembro, \u00e0s 09:00, o GAP se juntar\u00e1 \u00a0ao curso de l\u00ednguas Yazigi e a\u00a0Embasa para promover o plantio de mudas nativas no Caminho do Mar, para dar\u00a0conforto aos usu\u00e1rios e aos p\u00e1ssaros, ou seja para recompor esta paisagem costeira e\u00a0sua fauna exuberante.<\/div>\n<div><\/div>\n<div>Ser\u00e3o 160 mudas doadas pela Embasa, empresa de saneamento, al\u00e9m disso, os alunos\u00a0e dire\u00e7\u00e3o do Yazigi est\u00e3o mobilizados na organiza\u00e7\u00e3o, e a moageira Cargill, atrav\u00e9s\u00a0da diretoria de Meio ambiente, doar\u00e1 100 kg de adubo org\u00e2nico.<\/div>\n<div>Os compostadores do Projeto Composta Ilh\u00e9us do GAP ir\u00e3o doar h\u00famus de minhoca\u00a0e biofertilizante dos minhoc\u00e1rios instalados em suas casas e empresas.<\/div>\n<div>A atividade \u00e9 livre, volunt\u00e1ria e ser\u00e3o fornecidos certificados de participa\u00e7\u00e3o<\/div>\n<\/div>\n<\/div>\n<\/div>\n<\/div>\n","protected":false},"excerpt":{"rendered":"<p>A praia da Avenida em Ilh\u00e9us sempre foi famosa entre seus moradores h\u00e1 d\u00e9cadas. Contudo, ap\u00f3s a constru\u00e7\u00e3o no Porto do Malhado, um impacto ambiental previsto pelo engenheiro e menosprezado pelas autoridades se concretizou, alargando sua faixa de areia, num processo de ascens\u00e3o que perdura por anos. A mar foi se distanciando e ampliando a [&hellip;]<\/p>\n","protected":false},"author":2,"featured_media":128066,"comment_status":"open","ping_status":"open","sticky":false,"template":"","format":"standard","meta":{"_links_to":"","_links_to_target":""},"categories":[1],"tags":[],"_links":{"self":[{"href":"https:\/\/www.r2cpress.com.br\/v1\/wp-json\/wp\/v2\/posts\/128064"}],"collection":[{"href":"https:\/\/www.r2cpress.com.br\/v1\/wp-json\/wp\/v2\/posts"}],"about":[{"href":"https:\/\/www.r2cpress.com.br\/v1\/wp-json\/wp\/v2\/types\/post"}],"author":[{"embeddable":true,"href":"https:\/\/www.r2cpress.com.br\/v1\/wp-json\/wp\/v2\/users\/2"}],"replies":[{"embeddable":true,"href":"https:\/\/www.r2cpress.com.br\/v1\/wp-json\/wp\/v2\/comments?post=128064"}],"version-history":[{"count":2,"href":"https:\/\/www.r2cpress.com.br\/v1\/wp-json\/wp\/v2\/posts\/128064\/revisions"}],"predecessor-version":[{"id":128067,"href":"https:\/\/www.r2cpress.com.br\/v1\/wp-json\/wp\/v2\/posts\/128064\/revisions\/128067"}],"wp:featuredmedia":[{"embeddable":true,"href":"https:\/\/www.r2cpress.com.br\/v1\/wp-json\/wp\/v2\/media\/128066"}],"wp:attachment":[{"href":"https:\/\/www.r2cpress.com.br\/v1\/wp-json\/wp\/v2\/media?parent=128064"}],"wp:term":[{"taxonomy":"category","embeddable":true,"href":"https:\/\/www.r2cpress.com.br\/v1\/wp-json\/wp\/v2\/categories?post=128064"},{"taxonomy":"post_tag","embeddable":true,"href":"https:\/\/www.r2cpress.com.br\/v1\/wp-json\/wp\/v2\/tags?post=128064"}],"curies":[{"name":"wp","href":"https:\/\/api.w.org\/{rel}","templated":true}]}}