{"id":128174,"date":"2023-12-01T19:55:14","date_gmt":"2023-12-01T22:55:14","guid":{"rendered":"https:\/\/www.r2cpress.com.br\/v1\/?p=128174"},"modified":"2023-12-01T19:55:14","modified_gmt":"2023-12-01T22:55:14","slug":"o-belo-edificio-do-icb-patrimonio-cultural","status":"publish","type":"post","link":"https:\/\/www.r2cpress.com.br\/v1\/2023\/12\/01\/o-belo-edificio-do-icb-patrimonio-cultural\/","title":{"rendered":"O belo edif\u00edcio do ICB, patrim\u00f4nio cultural"},"content":{"rendered":"<p><a href=\"https:\/\/www.r2cpress.com.br\/v1\/wp-content\/uploads\/2023\/12\/Salvador-Edificio-Sede-do-Instituto-do-Cacau-da-Bahia-Imagem-Sipac.jpg\"><img loading=\"lazy\" class=\"size-medium wp-image-128175\" src=\"https:\/\/www.r2cpress.com.br\/v1\/wp-content\/uploads\/2023\/12\/Salvador-Edificio-Sede-do-Instituto-do-Cacau-da-Bahia-Imagem-Sipac-300x201.jpg\" alt=\"\" width=\"300\" height=\"201\" srcset=\"https:\/\/www.r2cpress.com.br\/v1\/wp-content\/uploads\/2023\/12\/Salvador-Edificio-Sede-do-Instituto-do-Cacau-da-Bahia-Imagem-Sipac-300x201.jpg 300w, https:\/\/www.r2cpress.com.br\/v1\/wp-content\/uploads\/2023\/12\/Salvador-Edificio-Sede-do-Instituto-do-Cacau-da-Bahia-Imagem-Sipac.jpg 424w\" sizes=\"(max-width: 300px) 100vw, 300px\" \/><\/a><\/p>\n<p style=\"text-align: center;\"><strong>ESTADUALIZA\u00c7\u00c3O DA CACAUICULTURA<\/strong><br \/>\n<strong>Luiz Ferreira da Silva, 86<\/strong><br \/>\n<strong>(luizferreira1937@gmail.com)<\/strong><\/p>\n<div id=\"m_toolbarLayer\" class=\"layer\"><\/div>\n<div id=\"m_textViewLayer\" class=\"layer\">\n<div id=\"m_content\">\n<div id=\"pc1\">\n<div id=\"p1\">\n<div>No s\u00e9culo XIX a economia baiana j\u00e1 dava sinais de dificuldades internas de produ\u00e7\u00e3o, ou externas de comercializa\u00e7\u00e3o dos produtos constantes de nossa pauta de exporta\u00e7\u00e3o: a\u00e7\u00facar, fumo e algod\u00e3o. O a\u00e7\u00facar, principal produto de exporta\u00e7\u00e3o da ent\u00e3o Prov\u00edncia da Bahia, entrou em crise no final desse s\u00e9culo, por\u00e9m, um novo produto despontava: o cacau. A estreita faixa da cidade na parte baixa inseriu-se no processo de moderniza\u00e7\u00e3o na primeira d\u00e9cada do referido s\u00e9culo com a amplia\u00e7\u00e3o do porto. Nesse espa\u00e7o, pr\u00f3ximo \u00e0 \u00e1rea portu\u00e1ria, foi erguido o edif\u00edcio sede da lavoura cacauicultora baiana. O Instituto do Cacau da Bahia. Coube ao Dr. Ign\u00e1cio Tosta Filho, Secret\u00e1rio de Agricultura, defensor de medidas de amparo \u00e0 produ\u00e7\u00e3o e comercializa\u00e7\u00e3o do cacau baiano, a concep\u00e7\u00e3o e cria\u00e7\u00e3o do Instituto, em 1931. (Fonte: Ipac-BA).<\/div>\n<div>Em 05\/11\/2002, o edif\u00edcio sede na Avenida Fran\u00e7a s\/n \u2013 Com\u00e9rcio \u2013\u00a0Salvador\/BA foi tombado como patrim\u00f4nio art\u00edstico e cultural.<\/div>\n<div>Quando cheguei na Regi\u00e3o, em 1963, ainda usufrui de a\u00e7\u00f5es do ICB,\u00a0atrav\u00e9s de seus \u00f3nibus que prestavam um servi\u00e7o inestim\u00e1vel a toda regi\u00e3o do\u00a0cacau. Ainda alcancei os postos de compra-e-venda do produto e a Esta\u00e7\u00e3o de\u00a0\u00c1gua Preta com seus pesquisadores de renome.<\/div>\n<div>Na sua \u00e9poca, antes da exist\u00eancia da CEPLAC, quando a regi\u00e3o sul\u00a0baiana era carente em tudo, o ICB foi t\u00e3o importante quanto a CEPLAC da\u00a0d\u00e9cada de 60. Ou at\u00e9 foi mais.<\/div>\n<div>Esse introito \u00e9 para desenvolver uma ideia sobre a cacauicultora de hoje,\u00a0federalizada, que passa por uma crise sem precedentes e, na minha cabe\u00e7a, ela\u00a0\u00e9 \u201cone way\u201d (sem retorno).<\/div>\n<div>Eu me pergunto para tentar entender o problema:<\/div>\n<div>*. O que representa o cacau para a economia do pa\u00eds?<\/div>\n<div>*. Que import\u00e2ncia estipendi\u00e1ria para o agroneg\u00f3cio brasileiro?<\/div>\n<div>*. Que tamanho ele se apresenta aos olhos da EMBRAPA, cujo foco maior\u00a0\u00e9 o Centro-Oeste, por diversas raz\u00f5es?<\/div>\n<\/div>\n<hr class=\"pageHrV2\" \/>\n<\/div>\n<div id=\"pc2\">\n<div class=\"pageNumV2\">2 \/ 2<\/div>\n<div id=\"p2\">\n<div>Bem, isso \u00e9 suficiente para o meu repensar. O cacau nada representa\u00a0para o pa\u00eds, mas pode ser a t\u00e1bua de salva\u00e7\u00e3o para os Estados.<\/div>\n<div>Antes de me refutarem que nada funciona a n\u00edvel dessa ger\u00eancia publica,\u00a0fui buscar tr\u00eas simples exemplos de Institui\u00e7\u00f5es Estaduais de excel\u00eancia,\u00a0atestando o contr\u00e1rio. O Instituto Agron\u00f4mico de Campinas\/SP, a EPAMIG\/MG\u00a0e o IAPAR\/PR. O governo federal entra de parceiro, mas a hegemonia \u00e9 deles.\u00a0A EMBRAPA n\u00e3o canta de galo e precisa mais deles do que eles dela.<\/div>\n<div>Ent\u00e3o, que tal, Governador Helder Barbalho, criar o Instituto do Cacau do\u00a0Par\u00e1? E o Governador Marcos Rocha de Rond\u00f4nia ir ao mesmo caminho,\u00a0fundando o Instituto de Cacau de Rond\u00f4nia?<\/div>\n<div>Em ambos os casos, \u00e9 fundamental buscar um l\u00edder inspirado no Tosta\u00a0Filho, criador do Instituto de Cacau da Bahia e na for\u00e7a de trabalho contaminante\u00a0de Frederico Afonso.<\/div>\n<div>N\u00e3o h\u00e1 uma persegui\u00e7\u00e3o \u00e0 CEPLAC, querendo fechar as suas portas? A\u00a0hora deve ter chegado de modo indolor. Os novos organismos absorveriam, em\u00a0comodato, o patrim\u00f4nio f\u00edsico e formariam seus novos times.<\/div>\n<div>E a Bahia? \u00c9 um caso mais complicado por suas linhas cruzadas e falta\u00a0de lideran\u00e7a. Mas, creio ser poss\u00edvel, revivendo o simbolismo da f\u00e9nix: renascer\u00a0das pr\u00f3prias cinzas.\u00a0<b>(Macei\u00f3, AL, 28.11.2023).<\/b><\/div>\n<\/div>\n<\/div>\n<\/div>\n<\/div>\n","protected":false},"excerpt":{"rendered":"<p>ESTADUALIZA\u00c7\u00c3O DA CACAUICULTURA Luiz Ferreira da Silva, 86 (luizferreira1937@gmail.com) No s\u00e9culo XIX a economia baiana j\u00e1 dava sinais de dificuldades internas de produ\u00e7\u00e3o, ou externas de comercializa\u00e7\u00e3o dos produtos constantes de nossa pauta de exporta\u00e7\u00e3o: a\u00e7\u00facar, fumo e algod\u00e3o. O a\u00e7\u00facar, principal produto de exporta\u00e7\u00e3o da ent\u00e3o Prov\u00edncia da Bahia, entrou em crise no final [&hellip;]<\/p>\n","protected":false},"author":2,"featured_media":128175,"comment_status":"open","ping_status":"open","sticky":false,"template":"","format":"standard","meta":{"_links_to":"","_links_to_target":""},"categories":[1],"tags":[],"_links":{"self":[{"href":"https:\/\/www.r2cpress.com.br\/v1\/wp-json\/wp\/v2\/posts\/128174"}],"collection":[{"href":"https:\/\/www.r2cpress.com.br\/v1\/wp-json\/wp\/v2\/posts"}],"about":[{"href":"https:\/\/www.r2cpress.com.br\/v1\/wp-json\/wp\/v2\/types\/post"}],"author":[{"embeddable":true,"href":"https:\/\/www.r2cpress.com.br\/v1\/wp-json\/wp\/v2\/users\/2"}],"replies":[{"embeddable":true,"href":"https:\/\/www.r2cpress.com.br\/v1\/wp-json\/wp\/v2\/comments?post=128174"}],"version-history":[{"count":1,"href":"https:\/\/www.r2cpress.com.br\/v1\/wp-json\/wp\/v2\/posts\/128174\/revisions"}],"predecessor-version":[{"id":128176,"href":"https:\/\/www.r2cpress.com.br\/v1\/wp-json\/wp\/v2\/posts\/128174\/revisions\/128176"}],"wp:featuredmedia":[{"embeddable":true,"href":"https:\/\/www.r2cpress.com.br\/v1\/wp-json\/wp\/v2\/media\/128175"}],"wp:attachment":[{"href":"https:\/\/www.r2cpress.com.br\/v1\/wp-json\/wp\/v2\/media?parent=128174"}],"wp:term":[{"taxonomy":"category","embeddable":true,"href":"https:\/\/www.r2cpress.com.br\/v1\/wp-json\/wp\/v2\/categories?post=128174"},{"taxonomy":"post_tag","embeddable":true,"href":"https:\/\/www.r2cpress.com.br\/v1\/wp-json\/wp\/v2\/tags?post=128174"}],"curies":[{"name":"wp","href":"https:\/\/api.w.org\/{rel}","templated":true}]}}