{"id":128177,"date":"2023-12-01T19:58:41","date_gmt":"2023-12-01T22:58:41","guid":{"rendered":"https:\/\/www.r2cpress.com.br\/v1\/?p=128177"},"modified":"2023-12-01T19:58:41","modified_gmt":"2023-12-01T22:58:41","slug":"criativar-e-economia-circular-em-ilheus-acontece-em-ilheus-nos","status":"publish","type":"post","link":"https:\/\/www.r2cpress.com.br\/v1\/2023\/12\/01\/criativar-e-economia-circular-em-ilheus-acontece-em-ilheus-nos\/","title":{"rendered":"CRIATIVAR e ECONOMIA CIRCULAR EM ILH\u00c9US Acontece em Ilh\u00e9us nos"},"content":{"rendered":"<div id=\"m_toolbarLayer\" class=\"layer\"><a href=\"https:\/\/www.r2cpress.com.br\/v1\/wp-content\/uploads\/2023\/12\/WhatsApp-Image-2023-12-01-at-09.52.54.jpeg\"><img loading=\"lazy\" class=\"aligncenter size-medium wp-image-128178\" src=\"https:\/\/www.r2cpress.com.br\/v1\/wp-content\/uploads\/2023\/12\/WhatsApp-Image-2023-12-01-at-09.52.54-300x300.jpeg\" alt=\"\" width=\"300\" height=\"300\" srcset=\"https:\/\/www.r2cpress.com.br\/v1\/wp-content\/uploads\/2023\/12\/WhatsApp-Image-2023-12-01-at-09.52.54-300x300.jpeg 300w, https:\/\/www.r2cpress.com.br\/v1\/wp-content\/uploads\/2023\/12\/WhatsApp-Image-2023-12-01-at-09.52.54-150x150.jpeg 150w, https:\/\/www.r2cpress.com.br\/v1\/wp-content\/uploads\/2023\/12\/WhatsApp-Image-2023-12-01-at-09.52.54.jpeg 600w\" sizes=\"(max-width: 300px) 100vw, 300px\" \/><\/a><\/div>\n<div id=\"m_textViewLayer\" class=\"layer\">\n<div id=\"m_content\">\n<div id=\"pc1\">\n<div id=\"p1\">\n<div>Acontece em Ilh\u00e9us nos dias 1 \u00e0 6 \u00a0de dezembro o evento CRIATIVAR promovido pelo SEBRAE e\u00a0parceiros.<\/div>\n<div>O Grupo de Amigos da Praia participar\u00e1 do Mercado de Pulgas, dias 02 e 03 de dezembro na\u00a0Pra\u00e7a Rui Barbosa com a Lojinha do GAP, onde as pessoas encontrar\u00e3o pe\u00e7as de bazar, produtos\u00a0sustent\u00e1veis e muito mais.<\/div>\n<div>Coordenadora da Lojinha do Gap e da Central do Voluntariado, a psic\u00f3loga Adriela Guimar\u00e3es\u00a0aponta : \u201cMuitas pessoas querem ajudar o Gap ou participar de uma a\u00e7\u00e3o ambiental mas n\u00e3o\u00a0conseguem conciliar agenda, ou moram longe, ou n\u00e3o podem, por algum motivo, mesmo assim\u00a0\u00e9 poss\u00edvel colaborar com a institui\u00e7\u00e3o fazendo compras conscientes; adquirir \u00a0pe\u00e7as de segunda\u00a0m\u00e3o \u00e9 repensar sobre as pr\u00e1ticas do dia-a-dia, aumentando o tempo de vida \u00fatil dos produtos,\u00a0gerando menos res\u00edduos, trocando mais e consumindo menos . Fazemos isso durante todo o\u00a0ano, na Lojinha do GAP que funciona na lateral da Catedral de S\u00e3o Sebasti\u00e3o, e, nestes 2 dias\u00a0poderemos ampliar e \u00a0divulgar ainda mais o nosso trabalho de Economia Circular e moda.<\/div>\n<div>O Gap atua com conserva\u00e7\u00e3o da paisagem costeira, tem a\u00e7\u00f5es de combate \u00e0s mudan\u00e7as clim\u00e1ticas, e de sustentabilidade, nesta perspectiva est\u00e1 o Objetivo do Desenvolvimento Sustent\u00e1vel \u00a012 da ONU que aponta metas e objetivos para governos e organiza\u00e7\u00f5es, al\u00e9m disso conclama o consumidor para um consumo respons\u00e1vel. O Mercado de Pulgas \u00e9 um mercado de redistribui\u00e7\u00e3o de produtos, evitando a produ\u00e7\u00e3o de itens, \u00a0isso diminui a explora\u00e7\u00e3o de recursos naturais para confec\u00e7\u00e3o de coisas novas. Resignificar pe\u00e7as, roupas, objetos, reutilizar, fazer upcycling s\u00e3o a\u00e7\u00f5es simples e se escalonadas trazem impactos positivos significativos.<\/div>\n<div>\u201cO GAP est\u00e1 antenado e atua de forma interseccional com todas as tem\u00e1ticas ambientais,\u00a0encontramos muito lixo t\u00eaxtil, cal\u00e7ados e sand\u00e1lias velhas nas limpezas de praia, que\u00a0comprometem a biodiversidade marinha, e se as pessoas usarem mais as roupas, diminuir\u00edamos\u00a0um pouco o \u00a0problema, ainda assim na Bahia precisamos de reciclagem de pe\u00e7as t\u00eaxtis e\u00a0cal\u00e7adistas com urg\u00eancia, os artes\u00e3os e as lojas second hand s\u00e3o fundamentais e a\u00e7\u00f5es como\u00a0esta do Criativar e do Mercado de Pulgas promove consci\u00eancia cultural, ambiental e fomenta\u00a0mudan\u00e7as atrav\u00e9s de pol\u00edticas p\u00fablicas\u201d, afirma \u00a0Gabriel Macedo presidente do GAP e t\u00e9cnico\u00a0profissional de surf.<\/div>\n<div>Os projetos Lojinha do GAP, Bazar Solid\u00e1rio e Arm\u00e1rio Coletivo s\u00e3o a\u00e7\u00f5es permanentes de\u00a0Economia Circular e mais informa\u00e7\u00f5es est\u00e3o no instagram @gap_ilheus e no site\u00a0<a href=\"http:\/\/www.gapilheus.com.br\/\" target=\"_blank\" rel=\"noopener\">www.gapilheus.com.br<\/a><\/div>\n<\/div>\n<\/div>\n<\/div>\n<\/div>\n<p>&nbsp;<\/p>\n","protected":false},"excerpt":{"rendered":"<p>Acontece em Ilh\u00e9us nos dias 1 \u00e0 6 \u00a0de dezembro o evento CRIATIVAR promovido pelo SEBRAE e\u00a0parceiros. O Grupo de Amigos da Praia participar\u00e1 do Mercado de Pulgas, dias 02 e 03 de dezembro na\u00a0Pra\u00e7a Rui Barbosa com a Lojinha do GAP, onde as pessoas encontrar\u00e3o pe\u00e7as de bazar, produtos\u00a0sustent\u00e1veis e muito mais. Coordenadora da [&hellip;]<\/p>\n","protected":false},"author":2,"featured_media":128178,"comment_status":"open","ping_status":"open","sticky":false,"template":"","format":"standard","meta":{"_links_to":"","_links_to_target":""},"categories":[1],"tags":[],"_links":{"self":[{"href":"https:\/\/www.r2cpress.com.br\/v1\/wp-json\/wp\/v2\/posts\/128177"}],"collection":[{"href":"https:\/\/www.r2cpress.com.br\/v1\/wp-json\/wp\/v2\/posts"}],"about":[{"href":"https:\/\/www.r2cpress.com.br\/v1\/wp-json\/wp\/v2\/types\/post"}],"author":[{"embeddable":true,"href":"https:\/\/www.r2cpress.com.br\/v1\/wp-json\/wp\/v2\/users\/2"}],"replies":[{"embeddable":true,"href":"https:\/\/www.r2cpress.com.br\/v1\/wp-json\/wp\/v2\/comments?post=128177"}],"version-history":[{"count":1,"href":"https:\/\/www.r2cpress.com.br\/v1\/wp-json\/wp\/v2\/posts\/128177\/revisions"}],"predecessor-version":[{"id":128179,"href":"https:\/\/www.r2cpress.com.br\/v1\/wp-json\/wp\/v2\/posts\/128177\/revisions\/128179"}],"wp:featuredmedia":[{"embeddable":true,"href":"https:\/\/www.r2cpress.com.br\/v1\/wp-json\/wp\/v2\/media\/128178"}],"wp:attachment":[{"href":"https:\/\/www.r2cpress.com.br\/v1\/wp-json\/wp\/v2\/media?parent=128177"}],"wp:term":[{"taxonomy":"category","embeddable":true,"href":"https:\/\/www.r2cpress.com.br\/v1\/wp-json\/wp\/v2\/categories?post=128177"},{"taxonomy":"post_tag","embeddable":true,"href":"https:\/\/www.r2cpress.com.br\/v1\/wp-json\/wp\/v2\/tags?post=128177"}],"curies":[{"name":"wp","href":"https:\/\/api.w.org\/{rel}","templated":true}]}}