{"id":128180,"date":"2023-12-01T20:01:54","date_gmt":"2023-12-01T23:01:54","guid":{"rendered":"https:\/\/www.r2cpress.com.br\/v1\/?p=128180"},"modified":"2023-12-01T20:01:54","modified_gmt":"2023-12-01T23:01:54","slug":"ufsb-e-uesc-realizam-i-semana-baiana-de-extensao-e-cultura","status":"publish","type":"post","link":"https:\/\/www.r2cpress.com.br\/v1\/2023\/12\/01\/ufsb-e-uesc-realizam-i-semana-baiana-de-extensao-e-cultura\/","title":{"rendered":"UFSB e UESC realizam I Semana Baiana de Extens\u00e3o e Cultura"},"content":{"rendered":"<p style=\"list-style: none; vertical-align: baseline; margin: 0px; padding: 0px; line-height: 1.75em; font-size: 14px; color: #000000; font-family: open_sansregular, 'Open Sans', Arial, Helvetica, sans-serif; font-style: normal; font-variant-ligatures: normal; font-variant-caps: normal; font-weight: 400; letter-spacing: normal; orphans: 2; text-indent: 0px; text-transform: none; widows: 2; word-spacing: 0px; -webkit-text-stroke-width: 0px; white-space: normal; background-color: #ffffff; text-decoration-thickness: initial; text-decoration-style: initial; text-decoration-color: initial; text-align: justify;\"><span style=\"list-style: none; vertical-align: baseline; margin: 0px; padding: 0px; font-size: 10pt; font-family: verdana, geneva;\"><a href=\"https:\/\/www.r2cpress.com.br\/v1\/wp-content\/uploads\/2019\/08\/UFSB-AZUL-HORIZONTAL1.jpg\"><img loading=\"lazy\" class=\"aligncenter size-medium wp-image-120343\" src=\"https:\/\/www.r2cpress.com.br\/v1\/wp-content\/uploads\/2019\/08\/UFSB-AZUL-HORIZONTAL1-300x155.jpg\" alt=\"\" width=\"300\" height=\"155\" srcset=\"https:\/\/www.r2cpress.com.br\/v1\/wp-content\/uploads\/2019\/08\/UFSB-AZUL-HORIZONTAL1-300x155.jpg 300w, https:\/\/www.r2cpress.com.br\/v1\/wp-content\/uploads\/2019\/08\/UFSB-AZUL-HORIZONTAL1.jpg 587w\" sizes=\"(max-width: 300px) 100vw, 300px\" \/><\/a>Unir cultura e extens\u00e3o em um evento baiano. Foi essa a ideia da Universidade Federal do Sul da Bahia (UFSB) e a Universidade Estadual de Santa Cruz (UESC) ao se unirem para lan\u00e7ar a 1\u00aa Semana Baiana de Extens\u00e3o e Cultura \u2013 SEMEX. \u00a0A SEMEX ocorrer\u00e1 entre os dias 05 e 08 de dezembro.<\/span><\/p>\n<p style=\"list-style: none; vertical-align: baseline; margin: 0px; padding: 0px; line-height: 1.75em; font-size: 14px; color: #000000; font-family: open_sansregular, 'Open Sans', Arial, Helvetica, sans-serif; font-style: normal; font-variant-ligatures: normal; font-variant-caps: normal; font-weight: 400; letter-spacing: normal; orphans: 2; text-indent: 0px; text-transform: none; widows: 2; word-spacing: 0px; -webkit-text-stroke-width: 0px; white-space: normal; background-color: #ffffff; text-decoration-thickness: initial; text-decoration-style: initial; text-decoration-color: initial; text-align: justify;\">\n<p style=\"list-style: none; vertical-align: baseline; margin: 0px; padding: 0px; line-height: 1.75em; font-size: 14px; color: #000000; font-family: open_sansregular, 'Open Sans', Arial, Helvetica, sans-serif; font-style: normal; font-variant-ligatures: normal; font-variant-caps: normal; font-weight: 400; letter-spacing: normal; orphans: 2; text-indent: 0px; text-transform: none; widows: 2; word-spacing: 0px; -webkit-text-stroke-width: 0px; white-space: normal; background-color: #ffffff; text-decoration-thickness: initial; text-decoration-style: initial; text-decoration-color: initial; text-align: justify;\"><span style=\"list-style: none; vertical-align: baseline; margin: 0px; padding: 0px; font-size: 10pt; font-family: verdana, geneva;\">A Semana Baiana de Extens\u00e3o e Cultura &#8220;Estrada dos Conhecimento&#8221;<\/span><span style=\"list-style: none; vertical-align: baseline; margin: 0px; padding: 0px; font-size: 10pt; font-family: verdana, geneva;\">\u00a0surge a partir de uma reuni\u00e3o entre a Secretaria de Educa\u00e7\u00e3o do Estado e as universidades da Bahia para discutir a inser\u00e7\u00e3o curricular da extens\u00e3o. \u201cNesse momento, a gente observa as dificuldades n\u00e3o s\u00f3 da UFSB, mas das demais universidades para tocar e inserir a curriculariza\u00e7\u00e3o da extens\u00e3o. A gente identificava que precisava ter uma mobiliza\u00e7\u00e3o maior na UFSB, mas tamb\u00e9m aqui no sul e extremo sul da Bahia\u201d, explica Richard Santos, pr\u00f3-reitor de Extens\u00e3o e Cultura. A partir disso, em reuni\u00e3o com a UESC, desenhou-se \u00a0a SEMEX.\u00a0<\/span><span style=\"list-style: none; vertical-align: baseline; margin: 0px; padding: 0px; font-size: 10pt; font-family: verdana, geneva;\">Com isso, o objetivo principal do evento \u00e9 promover a integra\u00e7\u00e3o entre as institui\u00e7\u00f5es de ensino da Bahia, bem como estender essa conex\u00e3o \u00e0 comunidade baiana.<\/span><!--more--><\/p>\n<p style=\"list-style: none; vertical-align: baseline; margin: 0px; padding: 0px; line-height: 1.75em; font-size: 14px; color: #000000; font-family: open_sansregular, 'Open Sans', Arial, Helvetica, sans-serif; font-style: normal; font-variant-ligatures: normal; font-variant-caps: normal; font-weight: 400; letter-spacing: normal; orphans: 2; text-indent: 0px; text-transform: none; widows: 2; word-spacing: 0px; -webkit-text-stroke-width: 0px; white-space: normal; background-color: #ffffff; text-decoration-thickness: initial; text-decoration-style: initial; text-decoration-color: initial; text-align: justify;\">\n<p style=\"list-style: none; vertical-align: baseline; margin: 0px; padding: 0px; line-height: 1.75em; font-size: 14px; color: #000000; font-family: open_sansregular, 'Open Sans', Arial, Helvetica, sans-serif; font-style: normal; font-variant-ligatures: normal; font-variant-caps: normal; font-weight: 400; letter-spacing: normal; orphans: 2; text-indent: 0px; text-transform: none; widows: 2; word-spacing: 0px; -webkit-text-stroke-width: 0px; white-space: normal; background-color: #ffffff; text-decoration-thickness: initial; text-decoration-style: initial; text-decoration-color: initial; text-align: justify;\"><span style=\"list-style: none; vertical-align: baseline; margin: 0px; padding: 0px; font-size: 10pt; font-family: verdana, geneva;\">O Diretor de Extens\u00e3o e Cultura, Celso Gayoso, explica que a Semana abarcar\u00e1 quatro eventos, sendo eles:<\/span><\/p>\n<ul style=\"list-style: outside none none; vertical-align: baseline; margin: 0px 0px 10px 25px; padding: 0px; color: #000000; font-family: open_sansregular, 'Open Sans', Arial, Helvetica, sans-serif; font-size: 14px; font-style: normal; font-variant-ligatures: normal; font-variant-caps: normal; font-weight: 400; letter-spacing: normal; orphans: 2; text-indent: 0px; text-transform: none; widows: 2; word-spacing: 0px; -webkit-text-stroke-width: 0px; white-space: normal; background-color: #ffffff; text-decoration-thickness: initial; text-decoration-style: initial; text-decoration-color: initial; text-align: justify;\">\n<li style=\"list-style: none; vertical-align: baseline; margin: 0px 0px 0.25em; padding: 0px; line-height: 1.5em !important; display: list-item !important; font-size: 1em;\"><span style=\"list-style: none; vertical-align: baseline; margin: 0px; padding: 0px; font-size: 10pt; font-family: verdana, geneva;\">1) III F\u00f3rum Aberto de Cultura da UFSB: O f\u00f3rum tem como prop\u00f3sito ampliar a forma\u00e7\u00e3o e consolida\u00e7\u00e3o dos eixos do Plano e Pol\u00edtica de Cultura da UFSB, al\u00e9m da mobiliza\u00e7\u00e3o e di\u00e1logo de modo interdisciplinar e transversal com a cultura. Apresenta\u00e7\u00e3o das parcerias e a\u00e7\u00f5es em cultura desenvolvidas pela PROEX.<\/span><\/li>\n<\/ul>\n<ul style=\"list-style: outside none none; vertical-align: baseline; margin: 0px 0px 10px 25px; padding: 0px; color: #000000; font-family: open_sansregular, 'Open Sans', Arial, Helvetica, sans-serif; font-size: 14px; font-style: normal; font-variant-ligatures: normal; font-variant-caps: normal; font-weight: 400; letter-spacing: normal; orphans: 2; text-indent: 0px; text-transform: none; widows: 2; word-spacing: 0px; -webkit-text-stroke-width: 0px; white-space: normal; background-color: #ffffff; text-decoration-thickness: initial; text-decoration-style: initial; text-decoration-color: initial; text-align: justify;\">\n<li style=\"list-style: none; vertical-align: baseline; margin: 0px 0px 0.25em; padding: 0px; line-height: 1.5em !important; display: list-item !important; font-size: 1em;\"><span style=\"list-style: none; vertical-align: baseline; margin: 0px; padding: 0px; font-size: 10pt; font-family: verdana, geneva;\">2) I Feira de Extens\u00e3o da UESC: Realizada pela UESC, em parceria com a AMURC, a feira constitui-se como um espa\u00e7o direcionado ao compartilhamento de ideias inovadoras articuladas com a extens\u00e3o, o ensino e a pesquisa. Com a participa\u00e7\u00e3o de artes\u00e3os e produtores do territ\u00f3rio.<\/span><\/li>\n<\/ul>\n<ul style=\"list-style: outside none none; vertical-align: baseline; margin: 0px 0px 10px 25px; padding: 0px; color: #000000; font-family: open_sansregular, 'Open Sans', Arial, Helvetica, sans-serif; font-size: 14px; font-style: normal; font-variant-ligatures: normal; font-variant-caps: normal; font-weight: 400; letter-spacing: normal; orphans: 2; text-indent: 0px; text-transform: none; widows: 2; word-spacing: 0px; -webkit-text-stroke-width: 0px; white-space: normal; background-color: #ffffff; text-decoration-thickness: initial; text-decoration-style: initial; text-decoration-color: initial; text-align: justify;\">\n<li style=\"list-style: none; vertical-align: baseline; margin: 0px 0px 0.25em; padding: 0px; line-height: 1.5em !important; display: list-item !important; font-size: 1em;\"><span style=\"list-style: none; vertical-align: baseline; margin: 0px; padding: 0px; font-size: 10pt; font-family: verdana, geneva;\">3) V Congresso de Extens\u00e3o da UFSB: Espa\u00e7o de amplia\u00e7\u00e3o do conhecimento extensionista, favorecendo a troca de experi\u00eancias e a promo\u00e7\u00e3o de debates sobre o impacto da extens\u00e3o no contexto universit\u00e1rio e territ\u00f3rios de abrang\u00eancia, o congresso prop\u00f5e palestras, mesas redondas, oficinas e divulga\u00e7\u00e3o dos resultados das a\u00e7\u00f5es extensionistas da UFSB.<\/span><\/li>\n<\/ul>\n<ul style=\"list-style: outside none none; vertical-align: baseline; margin: 0px 0px 10px 25px; padding: 0px; color: #000000; font-family: open_sansregular, 'Open Sans', Arial, Helvetica, sans-serif; font-size: 14px; font-style: normal; font-variant-ligatures: normal; font-variant-caps: normal; font-weight: 400; letter-spacing: normal; orphans: 2; text-indent: 0px; text-transform: none; widows: 2; word-spacing: 0px; -webkit-text-stroke-width: 0px; white-space: normal; background-color: #ffffff; text-decoration-thickness: initial; text-decoration-style: initial; text-decoration-color: initial; text-align: justify;\">\n<li style=\"list-style: none; vertical-align: baseline; margin: 0px 0px 0.25em; padding: 0px; line-height: 1.5em !important; display: list-item !important; font-size: 1em;\"><span style=\"list-style: none; vertical-align: baseline; margin: 0px; padding: 0px; font-size: 10pt; font-family: verdana, geneva;\">4) I Confer\u00eancia Baiana da Inser\u00e7\u00e3o Curricular da Extens\u00e3o: Encontro de Pr\u00f3-Reitores de Extens\u00e3o, gestores e coordenadores de cursos e de a\u00e7\u00f5es das Institui\u00e7\u00f5es P\u00fablicas de Ensino Superior baianas com o prop\u00f3sito de partilhar experi\u00eancias e debater resultados pr\u00e9vios do processo da inser\u00e7\u00e3o curricular da extens\u00e3o, seus principais problemas e obst\u00e1culos enfrentados no tr\u00e2mite.<\/span><\/li>\n<li>\n<p style=\"list-style: none; vertical-align: baseline; margin: 0px; padding: 0px; line-height: 1.75em; font-size: 14px; color: #000000; font-family: open_sansregular, 'Open Sans', Arial, Helvetica, sans-serif; font-style: normal; font-variant-ligatures: normal; font-variant-caps: normal; font-weight: 400; letter-spacing: normal; orphans: 2; text-indent: 0px; text-transform: none; widows: 2; word-spacing: 0px; -webkit-text-stroke-width: 0px; white-space: normal; background-color: #ffffff; text-decoration-thickness: initial; text-decoration-style: initial; text-decoration-color: initial; text-align: justify;\"><span style=\"list-style: none; vertical-align: baseline; margin: 0px; padding: 0px; font-size: 10pt; font-family: verdana, geneva;\">Durante o evento, os participantes ter\u00e3o a oportunidade de participar de diversas atividades, incluindo palestras, mesas-redondas, workshops e apresenta\u00e7\u00f5es culturais, que explorar\u00e3o temas relacionados \u00e0 extens\u00e3o universit\u00e1ria e \u00e0 cultura. Ele ocorrer\u00e1 nas cidades de Itabuna, Ilh\u00e9us, Teixeira de Freitas e Porto Seguro e, em alguns momentos, com transmiss\u00e3o ao vivo. Para saber o local, acesse a\u00a0<a style=\"list-style: none; vertical-align: baseline; margin: 0px; padding: 0px; color: #0088cc; text-decoration: none; outline: none medium;\" href=\"https:\/\/proex.uesc.br\/semex\/\" data-linkindex=\"0\">programa\u00e7\u00e3o completa no site<\/a>.<\/span><\/p>\n<p style=\"list-style: none; vertical-align: baseline; margin: 0px; padding: 0px; line-height: 1.75em; font-size: 14px; color: #000000; font-family: open_sansregular, 'Open Sans', Arial, Helvetica, sans-serif; font-style: normal; font-variant-ligatures: normal; font-variant-caps: normal; font-weight: 400; letter-spacing: normal; orphans: 2; text-indent: 0px; text-transform: none; widows: 2; word-spacing: 0px; -webkit-text-stroke-width: 0px; white-space: normal; background-color: #ffffff; text-decoration-thickness: initial; text-decoration-style: initial; text-decoration-color: initial; text-align: justify;\"><span style=\"list-style: none; vertical-align: baseline; margin: 0px; padding: 0px; font-size: 10pt; font-family: verdana, geneva;\">Entre os convidados, est\u00e3o Jo\u00e3o Jorge, Presidente da Funda\u00e7\u00e3o Cultural Palmares; Dani G\u00e1bri\u00e9l, fundadora da DUME; Ana Cristina Ara\u00fajo, Gerente de Opera\u00e7\u00f5es do Vale do Dend\u00ea; e\u00a0 Prof. Dr. Dayvid Santos, Coordenador-Geral de Tecnologia Social e Economia Solid\u00e1ria, MCTI.<\/span><\/p>\n<p style=\"list-style: none; vertical-align: baseline; margin: 0px; padding: 0px; line-height: 1.75em; font-size: 14px; color: #000000; font-family: open_sansregular, 'Open Sans', Arial, Helvetica, sans-serif; font-style: normal; font-variant-ligatures: normal; font-variant-caps: normal; font-weight: 400; letter-spacing: normal; orphans: 2; text-indent: 0px; text-transform: none; widows: 2; word-spacing: 0px; -webkit-text-stroke-width: 0px; white-space: normal; background-color: #ffffff; text-decoration-thickness: initial; text-decoration-style: initial; text-decoration-color: initial; text-align: justify;\">\n<p style=\"list-style: none; vertical-align: baseline; margin: 0px; padding: 0px; line-height: 1.75em; font-size: 14px; color: #000000; font-family: open_sansregular, 'Open Sans', Arial, Helvetica, sans-serif; font-style: normal; font-variant-ligatures: normal; font-variant-caps: normal; font-weight: 400; letter-spacing: normal; orphans: 2; text-indent: 0px; text-transform: none; widows: 2; word-spacing: 0px; -webkit-text-stroke-width: 0px; white-space: normal; background-color: #ffffff; text-decoration-thickness: initial; text-decoration-style: initial; text-decoration-color: initial; text-align: justify;\"><span style=\"list-style: none; vertical-align: baseline; margin: 0px; padding: 0px; font-size: 10pt; font-family: verdana, geneva;\">Para Richard Santos, \u00e9 um momento especial \u201cA gente cria um momento para discutir extens\u00e3o e cultura de modo mais amplo no \u00e2mbito das nossas universidades, e que a gente acredita estar dando um passo para que no ano que vem outra institui\u00e7\u00e3o receba a semana e assim a gente v\u00e1 replicando essa expertize que nasce com a gente aqui na UFSB em parceria com a nossa parceira vizinha, a UESC\u201d, finaliza o pr\u00f3-reitor.<\/span><\/p>\n<\/li>\n<\/ul>\n","protected":false},"excerpt":{"rendered":"<p>Unir cultura e extens\u00e3o em um evento baiano. Foi essa a ideia da Universidade Federal do Sul da Bahia (UFSB) e a Universidade Estadual de Santa Cruz (UESC) ao se unirem para lan\u00e7ar a 1\u00aa Semana Baiana de Extens\u00e3o e Cultura \u2013 SEMEX. \u00a0A SEMEX ocorrer\u00e1 entre os dias 05 e 08 de dezembro. A [&hellip;]<\/p>\n","protected":false},"author":2,"featured_media":120343,"comment_status":"open","ping_status":"open","sticky":false,"template":"","format":"standard","meta":{"_links_to":"","_links_to_target":""},"categories":[1],"tags":[],"_links":{"self":[{"href":"https:\/\/www.r2cpress.com.br\/v1\/wp-json\/wp\/v2\/posts\/128180"}],"collection":[{"href":"https:\/\/www.r2cpress.com.br\/v1\/wp-json\/wp\/v2\/posts"}],"about":[{"href":"https:\/\/www.r2cpress.com.br\/v1\/wp-json\/wp\/v2\/types\/post"}],"author":[{"embeddable":true,"href":"https:\/\/www.r2cpress.com.br\/v1\/wp-json\/wp\/v2\/users\/2"}],"replies":[{"embeddable":true,"href":"https:\/\/www.r2cpress.com.br\/v1\/wp-json\/wp\/v2\/comments?post=128180"}],"version-history":[{"count":1,"href":"https:\/\/www.r2cpress.com.br\/v1\/wp-json\/wp\/v2\/posts\/128180\/revisions"}],"predecessor-version":[{"id":128181,"href":"https:\/\/www.r2cpress.com.br\/v1\/wp-json\/wp\/v2\/posts\/128180\/revisions\/128181"}],"wp:featuredmedia":[{"embeddable":true,"href":"https:\/\/www.r2cpress.com.br\/v1\/wp-json\/wp\/v2\/media\/120343"}],"wp:attachment":[{"href":"https:\/\/www.r2cpress.com.br\/v1\/wp-json\/wp\/v2\/media?parent=128180"}],"wp:term":[{"taxonomy":"category","embeddable":true,"href":"https:\/\/www.r2cpress.com.br\/v1\/wp-json\/wp\/v2\/categories?post=128180"},{"taxonomy":"post_tag","embeddable":true,"href":"https:\/\/www.r2cpress.com.br\/v1\/wp-json\/wp\/v2\/tags?post=128180"}],"curies":[{"name":"wp","href":"https:\/\/api.w.org\/{rel}","templated":true}]}}