{"id":128182,"date":"2023-12-01T20:05:02","date_gmt":"2023-12-01T23:05:02","guid":{"rendered":"https:\/\/www.r2cpress.com.br\/v1\/?p=128182"},"modified":"2023-12-01T20:05:02","modified_gmt":"2023-12-01T23:05:02","slug":"noticias-da-avep-199","status":"publish","type":"post","link":"https:\/\/www.r2cpress.com.br\/v1\/2023\/12\/01\/noticias-da-avep-199\/","title":{"rendered":"NOT\u00cdCIAS DA AVEP"},"content":{"rendered":"<div id=\"m_toolbarLayer\" class=\"layer\"><a href=\"https:\/\/www.r2cpress.com.br\/v1\/wp-content\/uploads\/2023\/12\/1-11.jpg\"><img loading=\"lazy\" class=\"aligncenter size-medium wp-image-128183\" src=\"https:\/\/www.r2cpress.com.br\/v1\/wp-content\/uploads\/2023\/12\/1-11-300x87.jpg\" alt=\"\" width=\"300\" height=\"87\" srcset=\"https:\/\/www.r2cpress.com.br\/v1\/wp-content\/uploads\/2023\/12\/1-11-300x87.jpg 300w, https:\/\/www.r2cpress.com.br\/v1\/wp-content\/uploads\/2023\/12\/1-11.jpg 596w\" sizes=\"(max-width: 300px) 100vw, 300px\" \/><\/a><\/div>\n<div id=\"m_textViewLayer\" class=\"layer\">\n<div id=\"m_content\">\n<div id=\"pc1\">\n<div id=\"p1\">\n<div><b>NOT\u00cdCIAS DA AVEP<br \/>\n<\/b><\/div>\n<div>20\u00aa RODADA COM VIT\u00d3RIA DA EQUIPE DO CAP. ELDON DO OFERT\u00c3O<\/div>\n<div>A Associa\u00e7\u00e3o dos Veteranos de Esporte Praiano (AVEP), entidade de \u2018baba de praia\u2019\u00a0quase centen\u00e1ria de Ilh\u00e9us realizou dia 26 domingo pela manh\u00e3, sua 20\u00aa da\u00a0mencionada modalidade esportiva da Temporada 2023. Novamente, em raz\u00e3o da\u00a0aus\u00eancia de associados, s\u00f3 deu um baba, ao inv\u00e9s de dois como de praxe. E aconteceu\u00a0com a vit\u00f3ria da equipe do Capit\u00e3o Eldon do Ofert\u00e3o sobre a do Capit\u00e3o Alex de\u00a0Moises por 6 a 0, com gols de Valdimiro(2), Renatinho dos Leais(2), o pr\u00f3prio\u00a0capit\u00e3o Eldon do Ofert\u00e3o(1) e Marconi(1). A rodada foi realizada como desde\u00a0antigamente, na praia da Av. Soares Lopes, trecho adjacente aos campos de t\u00eanis da\u00a0Associa\u00e7\u00e3o Ilheense de Beach Tennis (AIBT). Os ju\u00edzes Coelho e Miranda, apitaram\u00a0\u2013um tempo cada um pela ordem\u2013 com atua\u00e7\u00f5es boas, de acordo os avepianos que\u00a0ficam de olho nos \u00e1rbitros. O volante de prote\u00e7\u00e3o Udson da Pol\u00edcia e o goleiro Vando\u00a0Paia\u00e7o levaram Cart\u00e3o Amarelo. A rodada foi coordenada como Diretor do Dia por\u00a0Robert\u00e3o, vice-presidente da Avep e campe\u00e3o, como torcedor do Vit\u00f3ria, do\u00a0Brasileir\u00e3o S\u00e9rie B e por isso a gazela e meia-atacante Renatinho dos Leais, um dos\u00a0capit\u00e3es avepianos, est\u00e1 retado da vida.<\/div>\n<div><\/div>\n<div>Equipes que atuaram na 20\u00aa rodada conforme s\u00famulas<\/div>\n<div>(Equipe do Cap. Eldon do Ofert\u00e3o): Goleiro Valmir, Siz\u00ednio do Remo(Duda\u00a0Pantera), Prof. Jorge Reis(Dudu), Correia do HSBC, Beto(Gagarin) e Geraldo da\u00a0Ceplac(Vado do Bradesco depois Renatinho dos Leais); Nilton do BB(Marconi) e\u00a0Isaque e Fabio Alan; Daniel Murta(Valdimiro) e Eldon do Ofert\u00e3o(Felipe)<\/div>\n<div>X<\/div>\n<div>(Equipe do Cap. Alex de Moises): Goleiro Rosivaldo(Vando Paia\u00e7o), Silvio\u00a0Reis(Gilson do Taxi), Djalma Peludo(Pitu), Lino(Vit\u00e3o) e Z\u00e9 Hilton(Cleiton);\u00a0Paulinho Sequinho; Adauto Negocinho(Madureira) e Charles Reis(Jackson Squar);\u00a0Ismar Landgol, Rog\u00e9rio e Alex de Moises(Udson da Pol\u00edcia)<\/div>\n<div><a href=\"https:\/\/www.r2cpress.com.br\/v1\/wp-content\/uploads\/2023\/12\/2-16.jpg\"><img loading=\"lazy\" class=\"aligncenter size-medium wp-image-128184\" src=\"https:\/\/www.r2cpress.com.br\/v1\/wp-content\/uploads\/2023\/12\/2-16-300x86.jpg\" alt=\"\" width=\"300\" height=\"86\" srcset=\"https:\/\/www.r2cpress.com.br\/v1\/wp-content\/uploads\/2023\/12\/2-16-300x86.jpg 300w, https:\/\/www.r2cpress.com.br\/v1\/wp-content\/uploads\/2023\/12\/2-16.jpg 598w\" sizes=\"(max-width: 300px) 100vw, 300px\" \/><\/a><\/div>\n<div>COMENT\u00c1RIOS<\/div>\n<div>Como os capit\u00e3es n\u00e3o se manifestaram sobre o baba, com suas valiosas opini\u00f5es,\u00a0pelo andar da carruagem e a tirar pelo escore de 6 a 0, na verdade uma goleada, o\u00a0time do Cap. Cap. Eldon do Ofert\u00e3o parece que deitou e rolou em cima do de Alex\u00a0de Moises. No entanto, vendo as s\u00famulas, n\u00e3o sei se a princ\u00edpio, o baba foi t\u00e3o\u00a0tranquilo para o time vencedor, haja vista os gols terem surgidos pelos atletas que\u00a0entraram depois e fizeram 5 dos 6 a 0.<\/div>\n<div>NOTAS<\/div>\n<div>Dia 3 haver\u00e1 o tradicional torneiro avepiano de fim de temporada, ali\u00e1s uma esp\u00e9cie\u00a0de abertura da pr\u00f3xima temporada. Torneio Paulo Carvalho ser\u00e1 o nome do torneiro\u00a0em homenagem ao avepiano conhecido como Paul\u00f4 da Bitway.<\/div>\n<div>Rolando churrasco e cerveja gelada, a Banda Podre realizou domingo (26), depois da rodada da Avep, confraterniza\u00e7\u00e3o no Bar Tr\u00eas Irm\u00e3os. A iniciativa foi do seu diretor e promoter Zezinho da Baixa Fria, presidente deste ap\u00eandice avepiano eleito por aclama\u00e7\u00e3o. Apoiado pelo cidad\u00e3o Laercio Eutimio(irm\u00e3o do avepiano<\/div>\n<\/div>\n<\/div>\n<div id=\"pc2\">\n<div id=\"p2\">\n<div>Valdimiro Eutimio), a confraterniza\u00e7\u00e3o contou com bonitas canecas distribu\u00eddas aos\u00a0presentes.<\/div>\n<div>Texto do associado Heckel Janu\u00e1rio. Fotos dos \u201cbabas\u201d de Marconi Almeida,\u00a0fot\u00f3grafo oficial e diretor de Divulga\u00e7\u00e3o da Avep. O Prof. Jorge Reis \u00e9 o fot\u00f3grafo\u00a0de momentos et\u00edlicos e secret\u00e1rio-mor desta entidade. <a href=\"https:\/\/www.r2cpress.com.br\/v1\/wp-content\/uploads\/2023\/12\/3-15.jpg\"><img loading=\"lazy\" class=\"aligncenter size-medium wp-image-128185\" src=\"https:\/\/www.r2cpress.com.br\/v1\/wp-content\/uploads\/2023\/12\/3-15-300x161.jpg\" alt=\"\" width=\"300\" height=\"161\" srcset=\"https:\/\/www.r2cpress.com.br\/v1\/wp-content\/uploads\/2023\/12\/3-15-300x161.jpg 300w, https:\/\/www.r2cpress.com.br\/v1\/wp-content\/uploads\/2023\/12\/3-15.jpg 372w\" sizes=\"(max-width: 300px) 100vw, 300px\" \/><\/a><\/div>\n<\/div>\n<\/div>\n<\/div>\n<\/div>\n<p>&nbsp;<\/p>\n","protected":false},"excerpt":{"rendered":"<p>NOT\u00cdCIAS DA AVEP 20\u00aa RODADA COM VIT\u00d3RIA DA EQUIPE DO CAP. ELDON DO OFERT\u00c3O A Associa\u00e7\u00e3o dos Veteranos de Esporte Praiano (AVEP), entidade de \u2018baba de praia\u2019\u00a0quase centen\u00e1ria de Ilh\u00e9us realizou dia 26 domingo pela manh\u00e3, sua 20\u00aa da\u00a0mencionada modalidade esportiva da Temporada 2023. Novamente, em raz\u00e3o da\u00a0aus\u00eancia de associados, s\u00f3 deu um baba, ao [&hellip;]<\/p>\n","protected":false},"author":2,"featured_media":128183,"comment_status":"open","ping_status":"open","sticky":false,"template":"","format":"standard","meta":{"_links_to":"","_links_to_target":""},"categories":[1],"tags":[],"_links":{"self":[{"href":"https:\/\/www.r2cpress.com.br\/v1\/wp-json\/wp\/v2\/posts\/128182"}],"collection":[{"href":"https:\/\/www.r2cpress.com.br\/v1\/wp-json\/wp\/v2\/posts"}],"about":[{"href":"https:\/\/www.r2cpress.com.br\/v1\/wp-json\/wp\/v2\/types\/post"}],"author":[{"embeddable":true,"href":"https:\/\/www.r2cpress.com.br\/v1\/wp-json\/wp\/v2\/users\/2"}],"replies":[{"embeddable":true,"href":"https:\/\/www.r2cpress.com.br\/v1\/wp-json\/wp\/v2\/comments?post=128182"}],"version-history":[{"count":1,"href":"https:\/\/www.r2cpress.com.br\/v1\/wp-json\/wp\/v2\/posts\/128182\/revisions"}],"predecessor-version":[{"id":128186,"href":"https:\/\/www.r2cpress.com.br\/v1\/wp-json\/wp\/v2\/posts\/128182\/revisions\/128186"}],"wp:featuredmedia":[{"embeddable":true,"href":"https:\/\/www.r2cpress.com.br\/v1\/wp-json\/wp\/v2\/media\/128183"}],"wp:attachment":[{"href":"https:\/\/www.r2cpress.com.br\/v1\/wp-json\/wp\/v2\/media?parent=128182"}],"wp:term":[{"taxonomy":"category","embeddable":true,"href":"https:\/\/www.r2cpress.com.br\/v1\/wp-json\/wp\/v2\/categories?post=128182"},{"taxonomy":"post_tag","embeddable":true,"href":"https:\/\/www.r2cpress.com.br\/v1\/wp-json\/wp\/v2\/tags?post=128182"}],"curies":[{"name":"wp","href":"https:\/\/api.w.org\/{rel}","templated":true}]}}