{"id":128207,"date":"2023-12-04T19:16:03","date_gmt":"2023-12-04T22:16:03","guid":{"rendered":"https:\/\/www.r2cpress.com.br\/v1\/?p=128207"},"modified":"2023-12-18T16:41:13","modified_gmt":"2023-12-18T19:41:13","slug":"os-tabuleiros-de-maceio","status":"publish","type":"post","link":"https:\/\/www.r2cpress.com.br\/v1\/2023\/12\/04\/os-tabuleiros-de-maceio\/","title":{"rendered":"OS TABULEIROS DE MACEI\u00d3"},"content":{"rendered":"<p style=\"text-align: center;\"><strong>OS SOLOS, AS CAMADAS E O CAOS AMBIENTAL <\/strong><br \/>\n<strong>Luiz Ferreira da Silva, 86<\/strong><br \/>\n<strong>Pesquisador aposentado\/Solos Tropicais, CEPLAC\/BA.<\/strong><br \/>\n<strong>luizferreira1937@gmail.com<\/strong><\/p>\n<p>Os tabuleiros se originam do terci\u00e1rio \u2013 forma\u00e7\u00e3o barreiras, cuja litologia \u00e9 formada por arenitos conglomerados, camadas e lentes de argila, arenitos n\u00e3o consolidados e lentes de seixos, conforme meu colega Agusto Pedreira (im), estudioso em geologia de \u00e1reas sedimentares.<br \/>\nEm certos trechos do litoral, esses sedimentos \u2013 esculpidos em mesa \u2013 s\u00e3o cortados por fal\u00e9sias abruptas, como acontece em Porto Seguro (BA) e na Lagoa Azeda\/AL, al\u00e9m de outros locais do Rio Grande do Norte \u00e0 Maca\u00e9\/RJ.<br \/>\nTrata-se, pois, de materiais retrabalhados sobre os quais sob a a\u00e7\u00e3o dos fatores de forma\u00e7\u00e3o do solo (clima, relevo e a biosfera) formam os solos identificados com a maior ou menor a\u00e7\u00e3o de um deles ou combinada.<br \/>\nO autor estudou perfis de solos em topos sequenciais, bem como camadas litol\u00f3gicas at\u00e9 30 metros de profundidade, em corte de estrada, com vistas a detectar as varia\u00e7\u00f5es do solo com a posi\u00e7\u00e3o topogr\u00e1fica (carreamento) e com a posi\u00e7\u00e3o do sedimento (estratifica\u00e7\u00e3o cruzada), no intuito de verificar a intera\u00e7\u00e3o geoecol\u00f3gica na forma\u00e7\u00e3o dos perfis.<br \/>\nEm raz\u00e3o da natureza f\u00edsico-qu\u00edmica do material de origem, os solos s\u00e3o profundos, pobres em nutrientes, carentes em minerais prim\u00e1rios e de baixa reten\u00e7\u00e3o de \u00e1gua. Argila de baixa atividade coloidal; domin\u00e2ncia de sesqui\u00f3xidos de ferro e alum\u00ednio.<br \/>\nPois bem, isso \u00e9 o que se pode ver, apalpar e sentir em trincheiras. Ou seja, os horizontes do solo, de 0 a 200 cm. O mundo do ped\u00f3logo, como eu.<br \/>\nMas as camadas para baixo tamb\u00e9m lhe interessa, sobretudo os dep\u00f3sitos de \u00e1gua, atrav\u00e9s de an\u00e1lises de camadas profundas dotadas de areias grossas, cont\u00edguas aos argilitos e\/ou folhelhos.<br \/>\nEssa estratigrafia \u00e9 vari\u00e1vel e, no caso de Macei\u00f3\/AL possui uma camada de acumula\u00e7\u00e3o de sal (Figura 1), oriunda da evapora\u00e7\u00e3o da \u00e1gua salgada marinha, em tempos do plioceno recente. Uma riqueza para a ind\u00fastria qu\u00edmica.<!--more--><br \/>\nEstratigrafia e retirada do sal pela Brasken, (Poliana Casemiro, g105\/12\/2023).<br \/>\n\u00c9 muito comum a perfura\u00e7\u00e3o de po\u00e7os, explorando camadas acumuladoras de \u00e1gua, geralmente situadas a uma profundidade de 80 metros. Neste caso, \u00e9 preciso se controlar a vas\u00e3o retirada, utilizando com parcim\u00f4nia, a fim n\u00e3o desequilibrar o sistema h\u00eddrico.<br \/>\nH\u00e1 casos, ao se retirar excessivamente, o reposit\u00f3rio baixar a um ponto tal que, atrav\u00e9s do len\u00e7ol fre\u00e1tico, o mar penetrar, salinizar e reduzir a qualidade da \u00e1gua, como aconteceu em zonas concentradas desses po\u00e7os nos tabuleiros de Macei\u00f3\/Al.<br \/>\nA Natureza nos d\u00e1, mas exige respeito \u00e0s suas Leis. Nunca esquecer disso!<br \/>\nEsse introito at\u00e9 longo \u00e9 para tentar entender a cat\u00e1strofe ecol\u00f3gica acontecida em diversos bairros da capital alagoana, ocasionando danos irrepar\u00e1veis a uma popula\u00e7\u00e3o de mais de 50 mil habitantes, mas n\u00e3o suficientes para sensibilizar o poder p\u00fablico.<br \/>\nDurante d\u00e9cadas, a Braskem minerou o sal-gema, explorando a camada de sais, desrespeitando regras ecol\u00f3gicas, sobretudo referentes \u00e0 manuten\u00e7\u00e3o do equil\u00edbrio estratigr\u00e1fico da forma\u00e7\u00e3o geol\u00f3gica, aqui descrita.<br \/>\n\u00c9 muito simples, para o leitor entender, de modo sucinto e sem muito \u2018revorteio\u201d. Imaginemos o gostoso bolo de rolo (Figura 2) que os pernambucanos inventaram para deleite de n\u00f3s todos.<\/p>\n<p><a href=\"https:\/\/www.r2cpress.com.br\/v1\/wp-content\/uploads\/2023\/12\/Rocambole.jpg\"><img loading=\"lazy\" class=\"aligncenter size-medium wp-image-128208\" src=\"https:\/\/www.r2cpress.com.br\/v1\/wp-content\/uploads\/2023\/12\/Rocambole-300x172.jpg\" alt=\"\" width=\"300\" height=\"172\" srcset=\"https:\/\/www.r2cpress.com.br\/v1\/wp-content\/uploads\/2023\/12\/Rocambole-300x172.jpg 300w, https:\/\/www.r2cpress.com.br\/v1\/wp-content\/uploads\/2023\/12\/Rocambole.jpg 600w\" sizes=\"(max-width: 300px) 100vw, 300px\" \/><\/a>\u00a0Bolo de rolo\/rocambole com diversas camadas.<\/p>\n<p>Com um garfo, um abelhudo vai cutucando uma camada que mais lhe atrai no interior do bolo. Se pouca coisa, desinforma o bolo, mas sem muitas consequ\u00eancias. Mas ele n\u00e3o se contenta e manda ver na sua gula por doces. O que acontece? O bolo se desmorona.<br \/>\nA Braskem no seu imediatismo e af\u00e3 de ganhos sem comedimentos, deu uma do nosso glut\u00e3o, extraindo o sal de modo predat\u00f3rio, ocasionado o desequil\u00edbrio das camadas, afetando o ch\u00e3o que as recobre.<br \/>\nO buraco que apareceu neste ano de 2023 teve um benef\u00edcio: &#8211; lembrar ao poder p\u00fablico e \u00e0 sociedade, nos seus diversos segmentos, um crime que vem l\u00e1 de tr\u00e1s, impune na magnitude da agress\u00e3o ambiental.<br \/>\nEssa celeuma, esse corre-corre de hoje com a m\u00eddia divulgando inverdades e os pol\u00edticos se apiedando dos pobres, talvez seja em raz\u00e3o das pr\u00f3ximas elei\u00e7\u00f5es de 2024.<br \/>\nA Natureza, em sua sabedoria, a tudo assiste e se lamenta em ter agido com firmeza, como sempre faz ao ter suas Leis contrariadas. (Macei\u00f3, Al, 05\/12\/2.023<\/p>\n","protected":false},"excerpt":{"rendered":"<p>OS SOLOS, AS CAMADAS E O CAOS AMBIENTAL Luiz Ferreira da Silva, 86 Pesquisador aposentado\/Solos Tropicais, CEPLAC\/BA. luizferreira1937@gmail.com Os tabuleiros se originam do terci\u00e1rio \u2013 forma\u00e7\u00e3o barreiras, cuja litologia \u00e9 formada por arenitos conglomerados, camadas e lentes de argila, arenitos n\u00e3o consolidados e lentes de seixos, conforme meu colega Agusto Pedreira (im), estudioso em geologia [&hellip;]<\/p>\n","protected":false},"author":2,"featured_media":128208,"comment_status":"open","ping_status":"open","sticky":false,"template":"","format":"standard","meta":{"_links_to":"","_links_to_target":""},"categories":[1],"tags":[],"_links":{"self":[{"href":"https:\/\/www.r2cpress.com.br\/v1\/wp-json\/wp\/v2\/posts\/128207"}],"collection":[{"href":"https:\/\/www.r2cpress.com.br\/v1\/wp-json\/wp\/v2\/posts"}],"about":[{"href":"https:\/\/www.r2cpress.com.br\/v1\/wp-json\/wp\/v2\/types\/post"}],"author":[{"embeddable":true,"href":"https:\/\/www.r2cpress.com.br\/v1\/wp-json\/wp\/v2\/users\/2"}],"replies":[{"embeddable":true,"href":"https:\/\/www.r2cpress.com.br\/v1\/wp-json\/wp\/v2\/comments?post=128207"}],"version-history":[{"count":2,"href":"https:\/\/www.r2cpress.com.br\/v1\/wp-json\/wp\/v2\/posts\/128207\/revisions"}],"predecessor-version":[{"id":128271,"href":"https:\/\/www.r2cpress.com.br\/v1\/wp-json\/wp\/v2\/posts\/128207\/revisions\/128271"}],"wp:featuredmedia":[{"embeddable":true,"href":"https:\/\/www.r2cpress.com.br\/v1\/wp-json\/wp\/v2\/media\/128208"}],"wp:attachment":[{"href":"https:\/\/www.r2cpress.com.br\/v1\/wp-json\/wp\/v2\/media?parent=128207"}],"wp:term":[{"taxonomy":"category","embeddable":true,"href":"https:\/\/www.r2cpress.com.br\/v1\/wp-json\/wp\/v2\/categories?post=128207"},{"taxonomy":"post_tag","embeddable":true,"href":"https:\/\/www.r2cpress.com.br\/v1\/wp-json\/wp\/v2\/tags?post=128207"}],"curies":[{"name":"wp","href":"https:\/\/api.w.org\/{rel}","templated":true}]}}