{"id":128231,"date":"2023-12-10T20:44:05","date_gmt":"2023-12-10T23:44:05","guid":{"rendered":"https:\/\/www.r2cpress.com.br\/v1\/?p=128231"},"modified":"2023-12-10T20:44:05","modified_gmt":"2023-12-10T23:44:05","slug":"noticias-da-avep-200","status":"publish","type":"post","link":"https:\/\/www.r2cpress.com.br\/v1\/2023\/12\/10\/noticias-da-avep-200\/","title":{"rendered":"NOT\u00cdCIAS DA AVEP"},"content":{"rendered":"<p><a href=\"https:\/\/www.r2cpress.com.br\/v1\/wp-content\/uploads\/2023\/12\/1-12.jpg\"><img loading=\"lazy\" class=\"aligncenter size-medium wp-image-128232\" src=\"https:\/\/www.r2cpress.com.br\/v1\/wp-content\/uploads\/2023\/12\/1-12-300x81.jpg\" alt=\"\" width=\"300\" height=\"81\" srcset=\"https:\/\/www.r2cpress.com.br\/v1\/wp-content\/uploads\/2023\/12\/1-12-300x81.jpg 300w, https:\/\/www.r2cpress.com.br\/v1\/wp-content\/uploads\/2023\/12\/1-12.jpg 593w\" sizes=\"(max-width: 300px) 100vw, 300px\" \/><\/a><br \/>\nEQUIPE DO CAP. MARCONI SAGRA-SE CAMPE\u00c3 DO TORNEIO PAUL\u00d4 CARVALHO<br \/>\nNa manh\u00e3 do dia 3 deste m\u00eas de dezembro de 2023, um domingo ensolarado a Associa\u00e7\u00e3o dos Veteranos de Esporte Praiano (AVEP), entidade de \u2018baba de praia\u2019 quase centen\u00e1ria de Ilh\u00e9us realizou seu torneio quadrangular de praxe, uma esp\u00e9cie de \u2018esquenta\u2019 da futura Temporada de 2024. Desta feita o avepiano Paul\u00f4 Carvalho foi o homenageado.<\/p>\n<p>No Campo Grimaldo a equipe do Cap. Marconi venceu a do Cap. Eldon do Ofert\u00e3o por 1 a 0, gol de Crispa da Galera do Fla; no Campo Martial houve empate entre as equipes dos capit\u00e3es Renatinho dos Leais (gol de Duda Pantera) e Alex de Moises (gol de Adauto Negocinho), mas o quadro de Renatinho dos Leais ganhou nos p\u00eanaltis por 4 a 3. Esses jogos fizeram parte da 1\u00aa rodada.<\/p>\n<p>Nos dois jogos seguintes ou 2\u00aa rodada, no Campo Martial, embora as equipes dos capit\u00e3es Eldon do Ofert\u00e3o e Alex de Moises com a bola rolando tivessem empatado de 0 a 0, com a bola parada, ou seja, nos p\u00eanaltis, a do primeiro saiu-se vencedora pelo escore de 4 a 3. A equipe vencedora deste jogo ficou com o 3\u00ba lugar e a perdedora em 4\u00ba lugar. No Campo Grimaldo os times capitaneados por Marconi e Renatinho dos Leais disputaram a final de vencedores em que a do Cap. Marconi ao golear a do Cap. Renatinho dos Leais por 6 a 2 (Gols de Vit\u00e3o(1), Carl\u00e3o do Taxi(1), o pr\u00f3prio capita Marconi(1), Crispa da Galera do Fla (2) e Beto Silveira (contra) para o vencedor e Felipe(1) e o pr\u00f3prio capita Renatinho dos Leais para o perdedor) sagrou-se campe\u00e3o do Torneio Paul\u00f4 Carvalho, ficando como vice-campe\u00e3o o do Cap. Renatinho dos Leais.<!--more--><\/p>\n<p>O time campe\u00e3o e o vice-campe\u00e3o receberam trof\u00e9us, e todos os participantes dos quatro times foram contemplados com medalhas. Os jogos aconteceram na praia da Av. Soares Lopes, trecho adjacente aos campos de t\u00eanis da Associa\u00e7\u00e3o Ilheense de Beach Tennis (AIBT). Carl\u00e3o do Taxi (avepiano quebrando um galho no aguardo do \u00e1rbitro oficial), Miranda e Coelho apitaram os jogos, sem maiores irregularidades. Ningu\u00e9m recebeu cart\u00e3o. Coordenou o Torneio Paul\u00f4 Carvalho como Diretor do Dia, o vice-presidente avepiano Robert\u00e3o.<br \/>\nEquipes que atuaram no Torneio Paul\u00f4 Carvalho ou Paul\u00f4 da Bitway<br \/>\n(Cap. Marconi): Goleikro Vando Paia\u00e7o, Vit\u00e3o, Daniel Murta, Daniel Santos, Jackson Squar, Pitu, Gilson do Taxi, Marconi, Udson da Pol\u00edcia, Silvio Reis(Carl\u00e3o do Taxi) e Crispa da Galera do Fla<br \/>\nX<br \/>\n(Cap. Eldon do Ofert\u00e3o): Goleiro Rosivaldo, Isaque, Fabio Alan, Dudu, Paulinho, Nilton do BB, Galletti da Rio de Engenho, Eldon do Ofert\u00e3oVado do Bradesco, Geraldo da Ceplac e Z\u00e9 Hilton<a href=\"https:\/\/www.r2cpress.com.br\/v1\/wp-content\/uploads\/2023\/12\/2-19.jpg\"><img loading=\"lazy\" class=\"aligncenter size-medium wp-image-128233\" src=\"https:\/\/www.r2cpress.com.br\/v1\/wp-content\/uploads\/2023\/12\/2-19-300x81.jpg\" alt=\"\" width=\"300\" height=\"81\" srcset=\"https:\/\/www.r2cpress.com.br\/v1\/wp-content\/uploads\/2023\/12\/2-19-300x81.jpg 300w, https:\/\/www.r2cpress.com.br\/v1\/wp-content\/uploads\/2023\/12\/2-19.jpg 591w\" sizes=\"(max-width: 300px) 100vw, 300px\" \/><\/a><\/p>\n<p>(Cap. Renatinho dos Leais): Goleiro Deraldo, Fedlipe, Luciano Santana, Cleiton, Renatinho dos Leais, Lu\u00eds Claudio, Beto Silveira, Alvinho Beque de Vigor, Robson, Paulinho da AFC(Fred de Itabuna) e Duda Pantera<br \/>\nX<br \/>\n(Cap. Alex de Moises): Goleiro Ricardo do Caminh\u00e3o, Correia do HSBC, Rog\u00e9rio, Adauto Negocinho, Alex de Moises, Gagarin(Badungo), Paulo Gois do Bradesco, Kleber(Marcondes), Zugaib da Ceplac, Djalma Peludo(C\u00edcero) e Major do Bahia de Itabuna<br \/>\nTORNEIO PAUL\u00d4 CARVALHO<br \/>\nPaulo Eduardo Amorim de Carvalho, um cacauicultor e empres\u00e1rio ilheense, e avepiano, \u00e9 o homenageado da Temporada 2023 pela Associa\u00e7\u00e3o dos Veteranos de Esporte Praiano (AVEP), entidade de \u2018baba de praia\u2019 quase centen\u00e1ria de Ilh\u00e9us.<br \/>\nNo cotidiano da fam\u00edlia e das ruas o t\u00eam como Paul\u00f4 Carvalho ou simplesmente Paul\u00f4. Na Avep \u2013por ter sido s\u00f3cio de uma empresa na \u00e1rea de inform\u00e1tica de nome Bitway\u2013 o tratam como Paul\u00f4 da Bitway.<br \/>\nComo um avepiano das antigas \u2013desde o tempo que os \u2018babas\u2019 eram chamados de \u2018Reencontro de Amigos\u2019 e tinha \u00e0 frente o presidente-fundador Jackson Lima\u2013, Paul\u00f4 sempre foi aquele cara sem medir esfor\u00e7os pela eleva\u00e7\u00e3o do nome desta associa\u00e7\u00e3o.<br \/>\nCom a bola rolando atua na retaguarda como beque de meio, mas muitas vezes tira uma de jogar de \u2018center forward\u2019 e se manda l\u00e1 pra frente. Oriunda do futsal, goleiro \u00e9 outra sua posi\u00e7\u00e3o, embora hoje em dia n\u00e3o esteja mais a fim de ficar entre os tr\u00eas paus. Na Avep algumas vezes quebrando o galho por aus\u00eancia do titular j\u00e1 jogou de goalkeeper e demonstrou conhecer do peda\u00e7o.<br \/>\nNo seio da associa\u00e7\u00e3o \u00e9 not\u00f3rio seu comportamento agregador a se relacionar com todos os integrantes. Um exemplo gravado de suas amistosas e descontra\u00eddas brincadeiras \u00e9 com o amigo lateral direito defensivo e \u2018atacativo\u2019 Everaldo Cabe\u00e7a de Flande, tratado por ele de \u2018preto rico\u2019.<br \/>\nComo desportista e apaixonado pelo Coco Colo, de Ilh\u00e9us, e como membro efetivo de seu Conselho Deliberativo, Paul\u00f4 tempo atr\u00e1s integrou a campanha \u2018S\u00f3cio Torcedor\u2019, pelo engrandecimento deste clube.<br \/>\nObs. Seu irm\u00e3o T\u00f4neca foi zagueiro do Colo Colo e avepiano. O outro s\u00f3cio da empresa Bitway, infelizmente n\u00e3o est\u00e1 mais aqui entre n\u00f3s, foi Martial C\u00e2mara, outro associado e baluarte da Avep.<\/p>\n<p>Texto do associado Heckel Janu\u00e1rio. Fotos dos \u201cbabas\u201d de Marconi Almeida, fot\u00f3grafo oficial e diretor de Divulga\u00e7\u00e3o da Avep. O Prof. Jorge Reis \u00e9 o fot\u00f3grafo de momentos et\u00edlicos e secret\u00e1rio-mor desta entidade.<a href=\"https:\/\/www.r2cpress.com.br\/v1\/wp-content\/uploads\/2023\/12\/3-18.jpg\"><img loading=\"lazy\" class=\"aligncenter size-medium wp-image-128234\" src=\"https:\/\/www.r2cpress.com.br\/v1\/wp-content\/uploads\/2023\/12\/3-18-300x80.jpg\" alt=\"\" width=\"300\" height=\"80\" srcset=\"https:\/\/www.r2cpress.com.br\/v1\/wp-content\/uploads\/2023\/12\/3-18-300x80.jpg 300w, https:\/\/www.r2cpress.com.br\/v1\/wp-content\/uploads\/2023\/12\/3-18.jpg 599w\" sizes=\"(max-width: 300px) 100vw, 300px\" \/><\/a><\/p>\n<p>&nbsp;<\/p>\n","protected":false},"excerpt":{"rendered":"<p>EQUIPE DO CAP. MARCONI SAGRA-SE CAMPE\u00c3 DO TORNEIO PAUL\u00d4 CARVALHO Na manh\u00e3 do dia 3 deste m\u00eas de dezembro de 2023, um domingo ensolarado a Associa\u00e7\u00e3o dos Veteranos de Esporte Praiano (AVEP), entidade de \u2018baba de praia\u2019 quase centen\u00e1ria de Ilh\u00e9us realizou seu torneio quadrangular de praxe, uma esp\u00e9cie de \u2018esquenta\u2019 da futura Temporada de [&hellip;]<\/p>\n","protected":false},"author":2,"featured_media":128233,"comment_status":"open","ping_status":"open","sticky":false,"template":"","format":"standard","meta":{"_links_to":"","_links_to_target":""},"categories":[1],"tags":[],"_links":{"self":[{"href":"https:\/\/www.r2cpress.com.br\/v1\/wp-json\/wp\/v2\/posts\/128231"}],"collection":[{"href":"https:\/\/www.r2cpress.com.br\/v1\/wp-json\/wp\/v2\/posts"}],"about":[{"href":"https:\/\/www.r2cpress.com.br\/v1\/wp-json\/wp\/v2\/types\/post"}],"author":[{"embeddable":true,"href":"https:\/\/www.r2cpress.com.br\/v1\/wp-json\/wp\/v2\/users\/2"}],"replies":[{"embeddable":true,"href":"https:\/\/www.r2cpress.com.br\/v1\/wp-json\/wp\/v2\/comments?post=128231"}],"version-history":[{"count":1,"href":"https:\/\/www.r2cpress.com.br\/v1\/wp-json\/wp\/v2\/posts\/128231\/revisions"}],"predecessor-version":[{"id":128235,"href":"https:\/\/www.r2cpress.com.br\/v1\/wp-json\/wp\/v2\/posts\/128231\/revisions\/128235"}],"wp:featuredmedia":[{"embeddable":true,"href":"https:\/\/www.r2cpress.com.br\/v1\/wp-json\/wp\/v2\/media\/128233"}],"wp:attachment":[{"href":"https:\/\/www.r2cpress.com.br\/v1\/wp-json\/wp\/v2\/media?parent=128231"}],"wp:term":[{"taxonomy":"category","embeddable":true,"href":"https:\/\/www.r2cpress.com.br\/v1\/wp-json\/wp\/v2\/categories?post=128231"},{"taxonomy":"post_tag","embeddable":true,"href":"https:\/\/www.r2cpress.com.br\/v1\/wp-json\/wp\/v2\/tags?post=128231"}],"curies":[{"name":"wp","href":"https:\/\/api.w.org\/{rel}","templated":true}]}}