{"id":128383,"date":"2024-01-19T22:29:03","date_gmt":"2024-01-20T01:29:03","guid":{"rendered":"https:\/\/www.r2cpress.com.br\/v1\/?p=128383"},"modified":"2024-01-19T22:29:03","modified_gmt":"2024-01-20T01:29:03","slug":"pm-suspeito-de-matar-jovem-em-posto-de-combustiveis-na-ba-e-preso-homem-atirou-apos-vitima-discutir-com-tia-dele-diz-policia","status":"publish","type":"post","link":"https:\/\/www.r2cpress.com.br\/v1\/2024\/01\/19\/pm-suspeito-de-matar-jovem-em-posto-de-combustiveis-na-ba-e-preso-homem-atirou-apos-vitima-discutir-com-tia-dele-diz-policia\/","title":{"rendered":"PM suspeito de matar jovem em posto de combust\u00edveis na BA \u00e9 preso; homem atirou ap\u00f3s v\u00edtima discutir com tia dele, diz pol\u00edcia"},"content":{"rendered":"<p><a href=\"https:\/\/www.r2cpress.com.br\/v1\/wp-content\/uploads\/2023\/07\/Screenshot_2023-03-24-17-30-00-765_com.miui_.screenshot-edit-1-300x121-1.jpg\"><img loading=\"lazy\" class=\"aligncenter size-full wp-image-127471\" src=\"https:\/\/www.r2cpress.com.br\/v1\/wp-content\/uploads\/2023\/07\/Screenshot_2023-03-24-17-30-00-765_com.miui_.screenshot-edit-1-300x121-1.jpg\" alt=\"\" width=\"300\" height=\"121\" \/><\/a>O\u00a0policial militar Jo\u00e3o Wagner Madureira, suspeito de\u00a0matar a jovem Fernanda Santos Pereira, de 23 anos, a tiros, na cidade de\u00a0<a class=\"\" href=\"https:\/\/g1.globo.com\/ba\/bahia\/cidade\/ilheus\/\" target=\"_top\" rel=\"noopener\">Ilh\u00e9us<\/a>, no sul da Bahia, foi preso nesta quinta-feira (18). Segundo a Pol\u00edcia Civil, o conflito que motivou o crime foi a disputa pela chave de um apartamento.<\/p>\n<div id=\"chunk-50rt7\">\n<p>A pris\u00e3o de Jo\u00e3o Wagner Madureira aconteceu\u00a0<a class=\"\" href=\"https:\/\/g1.globo.com\/ba\/bahia\/noticia\/2024\/01\/15\/pm-suspeito-de-matar-jovem-na-bahia-se-apresenta-em-delegacia-e-e-liberado.ghtml\" target=\"_top\" rel=\"noopener\">tr\u00eas dias ap\u00f3s ele se apresenta<\/a><a class=\"\" href=\"https:\/\/g1.globo.com\/ba\/bahia\/noticia\/2024\/01\/15\/pm-suspeito-de-matar-jovem-na-bahia-se-apresenta-em-delegacia-e-e-liberado.ghtml\" target=\"_top\" rel=\"noopener\">r<\/a>\u00a0na delegacia de Ilh\u00e9us. O crime ocorreu uma semana antes, no \u00faltimo dia 11, em um posto de combust\u00edveis do munic\u00edpio.<\/p>\n<\/div>\n<div id=\"chunk-1u1qm\">\n<p>De acordo com o delegado Helder Carvalhal, titular do N\u00facleo de Homic\u00eddios, inicialmente o homem foi ouvido e liberado, j\u00e1 que o prazo para pris\u00e3o em flagrante havia encerrado.\u00a0<a class=\"\" href=\"https:\/\/g1.globo.com\/ba\/bahia\/noticia\/2024\/01\/12\/suspeito-de-matar-jovem-de-23-anos-na-bahia.ghtml\" target=\"_top\" rel=\"noopener\">O suspeito alegou disparo acidental.<\/a><\/p>\n<\/div>\n<div id=\"chunk-7ljvp\">\n<p>Depois, o mandado de pris\u00e3o foi cumprido por equipes do N\u00facleo de Homic\u00eddios de Ilh\u00e9us e da 7\u00aa Coordenadoria Regional de Pol\u00edcia do Interior (7\u00aa Coorpin), com o apoio da 69\u00aa Companhia Independente de Pol\u00edcia Militar (CIPM).<\/p>\n<\/div>\n<p><!--more--><\/p>\n<div id=\"chunk-7q976\">\n<p>\u201cO mandado de pris\u00e3o foi solicitado sob sigilo, com o objetivo de preservar o inqu\u00e9rito policial, onde reunimos todos os elementos probat\u00f3rios que comprovaram a materialidade e a autoria\u201d, informou Carvalhal.<\/p>\n<\/div>\n<div id=\"chunk-f510b\">\n<p>Diante do caso, a Pol\u00edcia Militar informou que o suspeito foi\u00a0afastado das atividades enquanto o caso estiver em investiga\u00e7\u00e3o.<\/p>\n<p>De acordo com o delegado, o principal indicativo para motiva\u00e7\u00e3o do crime \u00e9 de ato f\u00fatil.<\/p>\n<p>\u00c0 TV Santa Cruz, afiliada da TV Bahia na regi\u00e3o, ele esclareceu que o soldado foi ao posto de combust\u00edveis recuperar a chave do apartamento de uma tia. Fernanda teria pegado a chave por achar que a mulher havia lhe roubado uma caixa de som.<\/p>\n<p>Novas imagens das c\u00e2meras de seguran\u00e7a mostram o momento que o PM chega ao local, \u00e0 paisana, e procura pela v\u00edtima. Os dois discutem verbalmente e ele come\u00e7a as agress\u00f5es at\u00e9 que saca a arma, imobiliza a jovem e atira contra ela.<\/p>\n<p>FONTE:G1<\/p>\n<\/div>\n","protected":false},"excerpt":{"rendered":"<p>O\u00a0policial militar Jo\u00e3o Wagner Madureira, suspeito de\u00a0matar a jovem Fernanda Santos Pereira, de 23 anos, a tiros, na cidade de\u00a0Ilh\u00e9us, no sul da Bahia, foi preso nesta quinta-feira (18). Segundo a Pol\u00edcia Civil, o conflito que motivou o crime foi a disputa pela chave de um apartamento. A pris\u00e3o de Jo\u00e3o Wagner Madureira aconteceu\u00a0tr\u00eas dias [&hellip;]<\/p>\n","protected":false},"author":2,"featured_media":127471,"comment_status":"open","ping_status":"open","sticky":false,"template":"","format":"standard","meta":{"_links_to":"","_links_to_target":""},"categories":[1],"tags":[],"_links":{"self":[{"href":"https:\/\/www.r2cpress.com.br\/v1\/wp-json\/wp\/v2\/posts\/128383"}],"collection":[{"href":"https:\/\/www.r2cpress.com.br\/v1\/wp-json\/wp\/v2\/posts"}],"about":[{"href":"https:\/\/www.r2cpress.com.br\/v1\/wp-json\/wp\/v2\/types\/post"}],"author":[{"embeddable":true,"href":"https:\/\/www.r2cpress.com.br\/v1\/wp-json\/wp\/v2\/users\/2"}],"replies":[{"embeddable":true,"href":"https:\/\/www.r2cpress.com.br\/v1\/wp-json\/wp\/v2\/comments?post=128383"}],"version-history":[{"count":1,"href":"https:\/\/www.r2cpress.com.br\/v1\/wp-json\/wp\/v2\/posts\/128383\/revisions"}],"predecessor-version":[{"id":128384,"href":"https:\/\/www.r2cpress.com.br\/v1\/wp-json\/wp\/v2\/posts\/128383\/revisions\/128384"}],"wp:featuredmedia":[{"embeddable":true,"href":"https:\/\/www.r2cpress.com.br\/v1\/wp-json\/wp\/v2\/media\/127471"}],"wp:attachment":[{"href":"https:\/\/www.r2cpress.com.br\/v1\/wp-json\/wp\/v2\/media?parent=128383"}],"wp:term":[{"taxonomy":"category","embeddable":true,"href":"https:\/\/www.r2cpress.com.br\/v1\/wp-json\/wp\/v2\/categories?post=128383"},{"taxonomy":"post_tag","embeddable":true,"href":"https:\/\/www.r2cpress.com.br\/v1\/wp-json\/wp\/v2\/tags?post=128383"}],"curies":[{"name":"wp","href":"https:\/\/api.w.org\/{rel}","templated":true}]}}