{"id":128470,"date":"2024-02-05T15:52:44","date_gmt":"2024-02-05T18:52:44","guid":{"rendered":"https:\/\/www.r2cpress.com.br\/v1\/?p=128470"},"modified":"2024-02-05T15:53:22","modified_gmt":"2024-02-05T18:53:22","slug":"noticias-da-avep-201","status":"publish","type":"post","link":"https:\/\/www.r2cpress.com.br\/v1\/2024\/02\/05\/noticias-da-avep-201\/","title":{"rendered":"NOT\u00cdCIAS DA AVEP"},"content":{"rendered":"<p><a href=\"https:\/\/www.r2cpress.com.br\/v1\/wp-content\/uploads\/2024\/02\/1-3.jpg\"><img loading=\"lazy\" class=\"aligncenter size-medium wp-image-128472\" src=\"https:\/\/www.r2cpress.com.br\/v1\/wp-content\/uploads\/2024\/02\/1-3-300x68.jpg\" alt=\"\" width=\"300\" height=\"68\" srcset=\"https:\/\/www.r2cpress.com.br\/v1\/wp-content\/uploads\/2024\/02\/1-3-300x68.jpg 300w, https:\/\/www.r2cpress.com.br\/v1\/wp-content\/uploads\/2024\/02\/1-3.jpg 594w\" sizes=\"(max-width: 300px) 100vw, 300px\" \/><\/a><br \/>\nEMPATE E VIT\u00d3RIA DA EQUIPE DO CAP. MARCONI NA ABERTURA DA TEMPORADA<br \/>\nNo domingo, dia 28 do corrente m\u00eas de janeiro de 2024, pela manh\u00e3, a Associa\u00e7\u00e3o dos Veteranos de Esporte Praiano-AVEP, entidade de baba de praia quase centen\u00e1ria de Ilh\u00e9us, depois do recesso que sempre acontece no fim de cada ano, reiniciou suas atividades realizando a 1\u00aa rodada de \u2018babas de praia\u2019 da Temporada 2024. No Campo Grimaldo as equipes dos capit\u00e3es Eldon do Ofert\u00e3o e Alex de Moises empatam de 1 a 1, com gols de Ismar Landgol para a primeira e Valdimiro de p\u00eanalti, para a segunda. No Campo Martial o quadro do Capit\u00e3o Marconi abateu o escolhido pelo Capit\u00e3o Renatinho dos Leais por 1 a ), gol do pr\u00f3prio capit\u00e3o Marconi. Marcaram os baba os ju\u00edzes Miranda (Campo Grimaldo) e Ederson (Campo Martial), com boas atua\u00e7\u00f5es conforme os olheiros de \u00e1rbitros. Levaram cart\u00f5es:<br \/>\n&#8211; Amarelo: Eldon do Ofert\u00e3o, Isaque, Silva, Correia do HSBC, Junior Murta, Cleiton, Fred de Itabuna e Madureira<br \/>\n&#8211; Azul: Madureira; Cart\u00e3o<br \/>\n&#8211; Vermelho: Eldon do Ofert\u00e3o e Pitu<br \/>\nA rodada teve a coordena\u00e7\u00e3o do vice-presidente avepiano Robert\u00e3o e foi realizada, como de praxe, na praia da Avenida Soares Lopes, imedia\u00e7\u00f5es dos campos de t\u00eanis da Associa\u00e7\u00e3o Ilheense de Beach Tennis \u2013 AIBT.<\/p>\n<p>Equipes no Campo Grimaldo conforme s\u00famulas<br \/>\n(Cap. Alex de Moises): Goleiro Valmir, Jackson Squar, Cleiton, Jos\u00e9 Hilton e Paulinho da AFC; Alex de Moises, Valdimiro,<br \/>\n(Cap. Eldon do Ofert\u00e3o): Goleiro Vando Paia\u00e7o, Eldon do Ofert\u00e3o, Isaque, Fabio Alan, Fof\u00e3o, Pitu, Silva, Vilas Boas, Ismar Landgol e Torisco<!--more--><\/p>\n<p>Equipes no Campo Martial conforme s\u00famulas<br \/>\n(Cap. Renatinho dos Leais): Goleiro Ricardo do Caminh\u00e3o, Renatinho dos Leais, Rogerio, Charles Reis, Dudu, Junior Murta, Correia do HSBT(entrou depois)Galletti da Rio de Engenmho, Tiuba e Wendell da Auto Escola<br \/>\nX<br \/>\n(Cap. Marconi): Goleiro Rosivaldo, Marconi, Dinho da Van(entrou depois)Daniel Murta, Mario Filho, Adauto Negocinho, Gol. Jamilton, Madureira, Fred de Itabuna e Djalma Peludo<\/p>\n<p>Texto do associado Heckel Janu\u00e1rio. Fotos dos \u201cbabas\u201d de Marconi Almeida, fot\u00f3grafo oficial e diretor de Divulga\u00e7\u00e3o da Avep. O Prof. Jorge Reis \u00e9 o fot\u00f3grafo de momentos et\u00edlicos e secret\u00e1rio-mor desta entidade.<\/p>\n<p>Alex 1 x 1 Eldon<br \/>\nRenatinho 0 x 1 Narconi<br \/>\nJoguei bem, coloquei a m\u00e3o na bola<br \/>\nO juiz perdido<br \/>\nOs caras deram press\u00e3o ele marcou o penalty, mas foi fora da \u00e1rea<br \/>\nNosso time est\u00e1 de parab\u00e9ns, pegamos uma equipe muito boa<br \/>\nFoi aprovdo atraes de uma assembeika por unanimidade dos s\u00f3cios a volta de Claudio Assis ao quadro da AVEP<br \/>\nC. Vermelo: Eldon, Pitu,<br \/>\nC. Azul: Madureira<br \/>\nDuda Reis?<\/p>\n<p>&nbsp;<\/p>\n","protected":false},"excerpt":{"rendered":"<p>EMPATE E VIT\u00d3RIA DA EQUIPE DO CAP. MARCONI NA ABERTURA DA TEMPORADA No domingo, dia 28 do corrente m\u00eas de janeiro de 2024, pela manh\u00e3, a Associa\u00e7\u00e3o dos Veteranos de Esporte Praiano-AVEP, entidade de baba de praia quase centen\u00e1ria de Ilh\u00e9us, depois do recesso que sempre acontece no fim de cada ano, reiniciou suas atividades [&hellip;]<\/p>\n","protected":false},"author":2,"featured_media":128472,"comment_status":"open","ping_status":"open","sticky":false,"template":"","format":"standard","meta":{"_links_to":"","_links_to_target":""},"categories":[1],"tags":[],"_links":{"self":[{"href":"https:\/\/www.r2cpress.com.br\/v1\/wp-json\/wp\/v2\/posts\/128470"}],"collection":[{"href":"https:\/\/www.r2cpress.com.br\/v1\/wp-json\/wp\/v2\/posts"}],"about":[{"href":"https:\/\/www.r2cpress.com.br\/v1\/wp-json\/wp\/v2\/types\/post"}],"author":[{"embeddable":true,"href":"https:\/\/www.r2cpress.com.br\/v1\/wp-json\/wp\/v2\/users\/2"}],"replies":[{"embeddable":true,"href":"https:\/\/www.r2cpress.com.br\/v1\/wp-json\/wp\/v2\/comments?post=128470"}],"version-history":[{"count":2,"href":"https:\/\/www.r2cpress.com.br\/v1\/wp-json\/wp\/v2\/posts\/128470\/revisions"}],"predecessor-version":[{"id":128473,"href":"https:\/\/www.r2cpress.com.br\/v1\/wp-json\/wp\/v2\/posts\/128470\/revisions\/128473"}],"wp:featuredmedia":[{"embeddable":true,"href":"https:\/\/www.r2cpress.com.br\/v1\/wp-json\/wp\/v2\/media\/128472"}],"wp:attachment":[{"href":"https:\/\/www.r2cpress.com.br\/v1\/wp-json\/wp\/v2\/media?parent=128470"}],"wp:term":[{"taxonomy":"category","embeddable":true,"href":"https:\/\/www.r2cpress.com.br\/v1\/wp-json\/wp\/v2\/categories?post=128470"},{"taxonomy":"post_tag","embeddable":true,"href":"https:\/\/www.r2cpress.com.br\/v1\/wp-json\/wp\/v2\/tags?post=128470"}],"curies":[{"name":"wp","href":"https:\/\/api.w.org\/{rel}","templated":true}]}}