{"id":128493,"date":"2024-02-09T21:12:06","date_gmt":"2024-02-10T00:12:06","guid":{"rendered":"https:\/\/www.r2cpress.com.br\/v1\/?p=128493"},"modified":"2024-02-09T21:12:06","modified_gmt":"2024-02-10T00:12:06","slug":"do-fundo-do-bau-de-jose-leite-especial-de-carnaval","status":"publish","type":"post","link":"https:\/\/www.r2cpress.com.br\/v1\/2024\/02\/09\/do-fundo-do-bau-de-jose-leite-especial-de-carnaval\/","title":{"rendered":"DO FUNDO DO BA\u00da DE JOS\u00c9 LEITE, ESPECIAL DE CARNAVAL."},"content":{"rendered":"<p><a href=\"https:\/\/www.r2cpress.com.br\/v1\/wp-content\/uploads\/2021\/02\/BAU-NOVO-COM-400-300x218.jpg\"><img loading=\"lazy\" class=\"aligncenter size-medium wp-image-123540\" src=\"https:\/\/www.r2cpress.com.br\/v1\/wp-content\/uploads\/2021\/02\/BAU-NOVO-COM-400-300x218-300x218.jpg\" alt=\"\" width=\"300\" height=\"218\" \/><\/a><\/p>\n<p style=\"text-align: center;\"><strong>1) 64 ANOS DE JOS\u00c9 LEITE EM ILH\u00c9US.<\/strong><br \/>\n<strong>2) CARNAVAIS DO PASSADO EM ILH\u00c9US.<\/strong><!--more--><\/p>\n<p style=\"text-align: center;\"><strong>1) 64 ANOS DE JOS\u00c9 LEITE EM ILH\u00c9US.<a href=\"https:\/\/www.r2cpress.com.br\/v1\/wp-content\/uploads\/2024\/02\/1-2-1.jpg\"><img loading=\"lazy\" class=\"aligncenter size-medium wp-image-128452\" src=\"https:\/\/www.r2cpress.com.br\/v1\/wp-content\/uploads\/2024\/02\/1-2-1-300x136.jpg\" alt=\"\" width=\"300\" height=\"136\" srcset=\"https:\/\/www.r2cpress.com.br\/v1\/wp-content\/uploads\/2024\/02\/1-2-1-300x136.jpg 300w, https:\/\/www.r2cpress.com.br\/v1\/wp-content\/uploads\/2024\/02\/1-2-1.jpg 600w\" sizes=\"(max-width: 300px) 100vw, 300px\" \/><\/a><\/strong><\/p>\n<p>Meus amigos de ILH\u00c9US, JUAZEIRO DO NORTE e de todo o BRASIL, gra\u00e7as ao meu BOM DEUS e ao PADRE C\u00cdCERO DO JUAZEIRO e S\u00c3O JORGE DOS ILH\u00c9US, conseguimos chegar em 2024 com SA\u00daDE. Essa coluna \u00e9 a sexta desse ANO. Vamos pedir a DEUS que tenhamos um ano de muita sa\u00fade para todos n\u00f3s, o resto, com ajuda do TODO PODEROSO, vamos conseguir.<\/p>\n<p style=\"text-align: center;\"><strong>2) CARNAVAIS DO PASSADO EM ILH\u00c9US.<a href=\"https:\/\/www.r2cpress.com.br\/v1\/wp-content\/uploads\/2024\/02\/2-4.jpg\"><img loading=\"lazy\" class=\"aligncenter size-medium wp-image-128494\" src=\"https:\/\/www.r2cpress.com.br\/v1\/wp-content\/uploads\/2024\/02\/2-4-300x204.jpg\" alt=\"\" width=\"300\" height=\"204\" srcset=\"https:\/\/www.r2cpress.com.br\/v1\/wp-content\/uploads\/2024\/02\/2-4-300x204.jpg 300w, https:\/\/www.r2cpress.com.br\/v1\/wp-content\/uploads\/2024\/02\/2-4.jpg 600w\" sizes=\"(max-width: 300px) 100vw, 300px\" \/><\/a><\/strong><\/p>\n<p>Quem se lembra sabe muito bem, OS CARNAVAIS DE ILH\u00c9US eram considerados um dos melhores da BAHIA. Mas, de uns anos pra c\u00e1, foi caindo, o povo n\u00e3o \u00e9 mais aquele, n\u00e3o existe mais incentivos e a cada dia vai desaparecendo. Edi\u00e7\u00e3o do JORNAL DI\u00c1RIO DA TARDE de 9 de Fevereiro de 1939. Clique na foto para ampliar.<a href=\"https:\/\/www.r2cpress.com.br\/v1\/wp-content\/uploads\/2024\/02\/3-4.jpg\"><img loading=\"lazy\" class=\"aligncenter size-medium wp-image-128495\" src=\"https:\/\/www.r2cpress.com.br\/v1\/wp-content\/uploads\/2024\/02\/3-4-269x300.jpg\" alt=\"\" width=\"269\" height=\"300\" srcset=\"https:\/\/www.r2cpress.com.br\/v1\/wp-content\/uploads\/2024\/02\/3-4-269x300.jpg 269w, https:\/\/www.r2cpress.com.br\/v1\/wp-content\/uploads\/2024\/02\/3-4.jpg 519w\" sizes=\"(max-width: 269px) 100vw, 269px\" \/><\/a><\/p>\n<p>Quem se lembra das ESCOLAS DE SAMBA, BLOCOS, AFOX\u00c9S, BATUCADAS? OS BLOCOS DOS SUJOS come\u00e7avam a sair nos s\u00e1bados pelo Com\u00e9rcio, alegrando a todos! A turma se trajava de MENDIGO, que era uma alegria s\u00f3. Agora o bom de ver era a turma do Come \u00c1gua e os MENDIGOS trajados de MENDIGOS, pedindo dinheiro nas Lojas. N\u00e3o tinha quem n\u00e3o desce risada. Na foto acima, edi\u00e7\u00e3o do JORNAL DI\u00c1RIO DA TARDE de 25 de Janeiro de 1940. Clique na foto para ampliar.<a href=\"https:\/\/www.r2cpress.com.br\/v1\/wp-content\/uploads\/2024\/02\/4-4.jpg\"><img loading=\"lazy\" class=\"aligncenter size-medium wp-image-128496\" src=\"https:\/\/www.r2cpress.com.br\/v1\/wp-content\/uploads\/2024\/02\/4-4-300x219.jpg\" alt=\"\" width=\"300\" height=\"219\" srcset=\"https:\/\/www.r2cpress.com.br\/v1\/wp-content\/uploads\/2024\/02\/4-4-300x219.jpg 300w, https:\/\/www.r2cpress.com.br\/v1\/wp-content\/uploads\/2024\/02\/4-4.jpg 600w\" sizes=\"(max-width: 300px) 100vw, 300px\" \/><\/a><\/p>\n<p>Quem se lembra dos BAILES NOS CLUBES SOCIAIS? Baile para as crian\u00e7as pela tarde, e a noite para os adultos. As atra\u00e7\u00f5es eram melhores do que de agora.<br \/>\nAGORA S\u00d3 RESTAM SAUDADES! Edi\u00e7\u00e3o do JORNAL DI\u00c1RIO DA TARDE de 27 de Janeiro de 1940. Clique na foto para ampliar.<a href=\"https:\/\/www.r2cpress.com.br\/v1\/wp-content\/uploads\/2024\/02\/5-4.jpg\"><img loading=\"lazy\" class=\"aligncenter size-medium wp-image-128497\" src=\"https:\/\/www.r2cpress.com.br\/v1\/wp-content\/uploads\/2024\/02\/5-4-300x225.jpg\" alt=\"\" width=\"300\" height=\"225\" srcset=\"https:\/\/www.r2cpress.com.br\/v1\/wp-content\/uploads\/2024\/02\/5-4-300x225.jpg 300w, https:\/\/www.r2cpress.com.br\/v1\/wp-content\/uploads\/2024\/02\/5-4.jpg 600w\" sizes=\"(max-width: 300px) 100vw, 300px\" \/><\/a><\/p>\n<p>Carnaval de ILH\u00c9US no ano de 1921.<br \/>\nEssa senhorinha apontada com a seta \u00e9 YAIA MARTINS da Fam\u00edlia MARTINS. A parede de fundo est\u00e1 parecendo com a do Palacete MISAEL TAVARES. Clique na foto para ampliar.<a href=\"https:\/\/www.r2cpress.com.br\/v1\/wp-content\/uploads\/2024\/02\/6-3.jpg\"><img loading=\"lazy\" class=\"aligncenter size-medium wp-image-128498\" src=\"https:\/\/www.r2cpress.com.br\/v1\/wp-content\/uploads\/2024\/02\/6-3-300x145.jpg\" alt=\"\" width=\"300\" height=\"145\" srcset=\"https:\/\/www.r2cpress.com.br\/v1\/wp-content\/uploads\/2024\/02\/6-3-300x145.jpg 300w, https:\/\/www.r2cpress.com.br\/v1\/wp-content\/uploads\/2024\/02\/6-3.jpg 600w\" sizes=\"(max-width: 300px) 100vw, 300px\" \/><\/a><\/p>\n<p>Primeira foto: Carnaval de ILH\u00c9US, 1937 BLOCO BAIANINHAS FUTURISTAS. Na Sala Fotogr\u00e1fica de JO\u00c3O, conhecido como o fotografo J. DIAS, com endere\u00e7o na Rua 28 de junho, atual Jorge Amado. No bandolim Sr. SOARES (OURIVES vendia joias).<br \/>\nSegunda foto: Carnaval, come\u00e7o dos anos 30, Fam\u00edlia AMORIM DE ALMEIDA desfilando na Avenida Soares Lopes. Clique na foto para ampliar.<a href=\"https:\/\/www.r2cpress.com.br\/v1\/wp-content\/uploads\/2024\/02\/7-4.jpg\"><img loading=\"lazy\" class=\"aligncenter size-medium wp-image-128499\" src=\"https:\/\/www.r2cpress.com.br\/v1\/wp-content\/uploads\/2024\/02\/7-4-300x202.jpg\" alt=\"\" width=\"300\" height=\"202\" srcset=\"https:\/\/www.r2cpress.com.br\/v1\/wp-content\/uploads\/2024\/02\/7-4-300x202.jpg 300w, https:\/\/www.r2cpress.com.br\/v1\/wp-content\/uploads\/2024\/02\/7-4.jpg 600w\" sizes=\"(max-width: 300px) 100vw, 300px\" \/><\/a><\/p>\n<p>Bloco OS CARETAS, com Carnaval ou sem Carnaval seu desfile \u00e9 certo na Avenida Soares Lopes. Clique na foto para ampliar.<a href=\"https:\/\/www.r2cpress.com.br\/v1\/wp-content\/uploads\/2024\/02\/8-4.jpg\"><img loading=\"lazy\" class=\"aligncenter size-medium wp-image-128500\" src=\"https:\/\/www.r2cpress.com.br\/v1\/wp-content\/uploads\/2024\/02\/8-4-300x145.jpg\" alt=\"\" width=\"300\" height=\"145\" srcset=\"https:\/\/www.r2cpress.com.br\/v1\/wp-content\/uploads\/2024\/02\/8-4-300x145.jpg 300w, https:\/\/www.r2cpress.com.br\/v1\/wp-content\/uploads\/2024\/02\/8-4.jpg 600w\" sizes=\"(max-width: 300px) 100vw, 300px\" \/><\/a><\/p>\n<p>1\u00aa Foto: Desfile da ESCOLA DE SAMBA (VERMELHO E BRANCO) do OUTEIRO S\u00c3O SEBASTI\u00c3O na Avenida Soares Lopes. Na foto da esquerda para a direita: MUNDINHO PINTO, BEL ZAIDAN, NIZAN LIMA e o grande GUERRINHA. Todos eles morando no ORIENTE ETERNO. (Foto: d\u00e9cada de 1970).<br \/>\n2\u00aa Foto: Desfile da ESCOLA DE SAMBA (MAIOR SOU EU) na Avenida Soares Lopes. Na foto da esquerda para a direita: o saudoso Mestre AGOSTINHO (dono da Escola) e MANOEL \u201cCORNETEIRO\u201d COSTA. Atualmente MANOEL COSTA est\u00e1 vivo e gozando de muita sa\u00fade. (Foto: 12-02-1964). Clique na foto para ampliar.<a href=\"https:\/\/www.r2cpress.com.br\/v1\/wp-content\/uploads\/2024\/02\/9-4.jpg\"><img loading=\"lazy\" class=\"aligncenter size-medium wp-image-128501\" src=\"https:\/\/www.r2cpress.com.br\/v1\/wp-content\/uploads\/2024\/02\/9-4-300x162.jpg\" alt=\"\" width=\"300\" height=\"162\" srcset=\"https:\/\/www.r2cpress.com.br\/v1\/wp-content\/uploads\/2024\/02\/9-4-300x162.jpg 300w, https:\/\/www.r2cpress.com.br\/v1\/wp-content\/uploads\/2024\/02\/9-4.jpg 600w\" sizes=\"(max-width: 300px) 100vw, 300px\" \/><\/a> <a href=\"https:\/\/www.r2cpress.com.br\/v1\/wp-content\/uploads\/2024\/02\/8-4-1.jpg\"><img loading=\"lazy\" class=\"aligncenter size-medium wp-image-128502\" src=\"https:\/\/www.r2cpress.com.br\/v1\/wp-content\/uploads\/2024\/02\/8-4-1-300x145.jpg\" alt=\"\" width=\"300\" height=\"145\" srcset=\"https:\/\/www.r2cpress.com.br\/v1\/wp-content\/uploads\/2024\/02\/8-4-1-300x145.jpg 300w, https:\/\/www.r2cpress.com.br\/v1\/wp-content\/uploads\/2024\/02\/8-4-1.jpg 600w\" sizes=\"(max-width: 300px) 100vw, 300px\" \/><\/a><\/p>\n<p>1\u00aa Foto: \u201cAS CIGANAS\u201d no CLUBE DOS BANC\u00c1RIOS, a maioria morava no Alto do Teres\u00f3polis. Da esquerda para a direita: SANDRA, JANETE, LESLEY, VERA LEITE (Irm\u00e3 de JOS\u00c9 LEITE), K\u00c1TIA, \u00c2NGELA e SILVANA. (Foto: d\u00e9cada de 1970).<br \/>\n2\u00aa Foto: MASCARADOS NA AVENIDA. Na foto identifiquei s\u00f3 a sombra do fot\u00f3grafo. (Foto: d\u00e9cada de 1970). Clique na foto para ampliar.<a href=\"https:\/\/www.r2cpress.com.br\/v1\/wp-content\/uploads\/2024\/02\/10-4.jpg\"><img loading=\"lazy\" class=\"aligncenter size-medium wp-image-128503\" src=\"https:\/\/www.r2cpress.com.br\/v1\/wp-content\/uploads\/2024\/02\/10-4-300x203.jpg\" alt=\"\" width=\"300\" height=\"203\" srcset=\"https:\/\/www.r2cpress.com.br\/v1\/wp-content\/uploads\/2024\/02\/10-4-300x203.jpg 300w, https:\/\/www.r2cpress.com.br\/v1\/wp-content\/uploads\/2024\/02\/10-4.jpg 600w\" sizes=\"(max-width: 300px) 100vw, 300px\" \/><\/a><\/p>\n<p>Na 1\u00aa: Foto da \u00faltima decora\u00e7\u00e3o do Carnaval de ILH\u00c9US no governo de HERVAL SOLEDADE (1966). Lembro-me como hoje, a AVENIDA SOARES LOPES foi decorada de ponta a ponta com os arranjos iluminados que ficaram muito bonito. O movimento de pessoas (foto) era grande na Avenida.<br \/>\nNa 2\u00aa Foto: Decora\u00e7\u00e3o na AVENIDA SOARES LOPES de um PALHA\u00c7O GIGANTE no governo HERVAL SOLEDADE. Clique na foto para ampliar.<a href=\"https:\/\/www.r2cpress.com.br\/v1\/wp-content\/uploads\/2024\/02\/11-4.jpg\"><img loading=\"lazy\" class=\"aligncenter size-medium wp-image-128504\" src=\"https:\/\/www.r2cpress.com.br\/v1\/wp-content\/uploads\/2024\/02\/11-4-300x250.jpg\" alt=\"\" width=\"300\" height=\"250\" srcset=\"https:\/\/www.r2cpress.com.br\/v1\/wp-content\/uploads\/2024\/02\/11-4-300x250.jpg 300w, https:\/\/www.r2cpress.com.br\/v1\/wp-content\/uploads\/2024\/02\/11-4.jpg 600w\" sizes=\"(max-width: 300px) 100vw, 300px\" \/><\/a><\/p>\n<p>JOS\u00c9 LEITE no CARNAVAL DOS RM (ROLA MURCHA) h\u00e1 16 anos atr\u00e1s (Fevereiro de 2008). Clique na foto para ampliar.<a href=\"https:\/\/www.r2cpress.com.br\/v1\/wp-content\/uploads\/2024\/02\/12-4.jpg\"><img loading=\"lazy\" class=\"aligncenter size-medium wp-image-128505\" src=\"https:\/\/www.r2cpress.com.br\/v1\/wp-content\/uploads\/2024\/02\/12-4-200x300.jpg\" alt=\"\" width=\"200\" height=\"300\" srcset=\"https:\/\/www.r2cpress.com.br\/v1\/wp-content\/uploads\/2024\/02\/12-4-200x300.jpg 200w, https:\/\/www.r2cpress.com.br\/v1\/wp-content\/uploads\/2024\/02\/12-4.jpg 399w\" sizes=\"(max-width: 200px) 100vw, 200px\" \/><\/a><\/p>\n<p>No CARNAVAL de 1975, JOS\u00c9 LEITE mandou pintar o cabelo de LOIRO e chamou muita aten\u00e7\u00e3o. Clique na foto para ampliar.<a href=\"https:\/\/www.r2cpress.com.br\/v1\/wp-content\/uploads\/2024\/02\/13-4.jpg\"><img loading=\"lazy\" class=\"aligncenter size-medium wp-image-128506\" src=\"https:\/\/www.r2cpress.com.br\/v1\/wp-content\/uploads\/2024\/02\/13-4-225x300.jpg\" alt=\"\" width=\"225\" height=\"300\" srcset=\"https:\/\/www.r2cpress.com.br\/v1\/wp-content\/uploads\/2024\/02\/13-4-225x300.jpg 225w, https:\/\/www.r2cpress.com.br\/v1\/wp-content\/uploads\/2024\/02\/13-4.jpg 450w\" sizes=\"(max-width: 225px) 100vw, 225px\" \/><\/a><\/p>\n<p>JOS\u00c9 LEITE est\u00e1 procurando sua Parceira (foto) para brincar o Carnaval 2024 juntos. SER\u00c1 QUE VAI ENCONTRAR?<a href=\"https:\/\/www.r2cpress.com.br\/v1\/wp-content\/uploads\/2024\/02\/14-4.jpg\"><img loading=\"lazy\" class=\"aligncenter size-medium wp-image-128507\" src=\"https:\/\/www.r2cpress.com.br\/v1\/wp-content\/uploads\/2024\/02\/14-4-300x250.jpg\" alt=\"\" width=\"300\" height=\"250\" srcset=\"https:\/\/www.r2cpress.com.br\/v1\/wp-content\/uploads\/2024\/02\/14-4-300x250.jpg 300w, https:\/\/www.r2cpress.com.br\/v1\/wp-content\/uploads\/2024\/02\/14-4.jpg 600w\" sizes=\"(max-width: 300px) 100vw, 300px\" \/><\/a><\/p>\n<p>O REI MOMO (KAU) DOS RM, RAILDO NASCIMENTO, a RAINHA DOS RM e JOS\u00c9 LEITE. Clique na foto para ampliar.<a href=\"https:\/\/www.r2cpress.com.br\/v1\/wp-content\/uploads\/2024\/02\/15-4.jpg\"><img loading=\"lazy\" class=\"aligncenter size-medium wp-image-128508\" src=\"https:\/\/www.r2cpress.com.br\/v1\/wp-content\/uploads\/2024\/02\/15-4-300x201.jpg\" alt=\"\" width=\"300\" height=\"201\" srcset=\"https:\/\/www.r2cpress.com.br\/v1\/wp-content\/uploads\/2024\/02\/15-4-300x201.jpg 300w, https:\/\/www.r2cpress.com.br\/v1\/wp-content\/uploads\/2024\/02\/15-4.jpg 600w\" sizes=\"(max-width: 300px) 100vw, 300px\" \/><\/a><\/p>\n<p>O GRUPO RM (ROLA MURCHA) \u00e9 quem antecipa o CARNAVAL DOS COROAS DA BAHIA. Acontece sempre no LARGO da BARRAKITICA a partir do meio dia no s\u00e1bado de Carnaval. Na foto acima aparecem dois ex. ROLA MURCHA ao lado da RAINHA, os saudosos POPOFF e NILDO BATISTA. (Foto: fevereiro\/2007). Clique na foto para ampliar.<a href=\"https:\/\/www.r2cpress.com.br\/v1\/wp-content\/uploads\/2024\/02\/16-2.jpg\"><img loading=\"lazy\" class=\"aligncenter size-medium wp-image-128509\" src=\"https:\/\/www.r2cpress.com.br\/v1\/wp-content\/uploads\/2024\/02\/16-2-300x169.jpg\" alt=\"\" width=\"300\" height=\"169\" srcset=\"https:\/\/www.r2cpress.com.br\/v1\/wp-content\/uploads\/2024\/02\/16-2-300x169.jpg 300w, https:\/\/www.r2cpress.com.br\/v1\/wp-content\/uploads\/2024\/02\/16-2.jpg 600w\" sizes=\"(max-width: 300px) 100vw, 300px\" \/><\/a><\/p>\n<p>No foto, o saudoso HANS SCHAEPPI brincando na FESTA DO CARNAVAL NO ANO DE (2018) DOS RM. O amigo SCHAEPPI n\u00e3o parava de dan\u00e7ar, foi um dos mais alegres Foli\u00f5es. Parece que estava se despedindo, e aquele foi seu \u00faltimo Carnaval. PARAB\u00c9NS, QUERIDO AMIGO, AONDE VOC\u00ca ESTIVER! Clique na foto para ampliar.<a href=\"https:\/\/www.r2cpress.com.br\/v1\/wp-content\/uploads\/2024\/02\/17-2.jpg\"><img loading=\"lazy\" class=\"aligncenter size-medium wp-image-128510\" src=\"https:\/\/www.r2cpress.com.br\/v1\/wp-content\/uploads\/2024\/02\/17-2-300x240.jpg\" alt=\"\" width=\"300\" height=\"240\" srcset=\"https:\/\/www.r2cpress.com.br\/v1\/wp-content\/uploads\/2024\/02\/17-2-300x240.jpg 300w, https:\/\/www.r2cpress.com.br\/v1\/wp-content\/uploads\/2024\/02\/17-2.jpg 600w\" sizes=\"(max-width: 300px) 100vw, 300px\" \/><\/a><\/p>\n<p>Uma hist\u00f3ria que n\u00e3o me canso de contar. ADELSON, (dono do saudoso TRIO EL\u00c9TRICO TAMOIO) num dia de CARNAVAL, o TRIO tocando na Avenida Soares Lopes come\u00e7ou a dar CURTO CIRCUITO saindo pequenas labaredas de fogo e algumas pessoas falaram: \u201cADELSON, O TRIO EST\u00c1 PEGANDO FOGO!\u201d e ADELSON na boleia do TRIO agradecia pensando que eram elogios. HIST\u00d3RIAS DO CARNAVAL DE ILH\u00c9US. Na foto, ADELSON na boleia do TRIO TAMOIO saudando as pessoas. (Foto: d\u00e9cada de 1970). Clique na foto para ampliar.<\/p>\n<p style=\"text-align: center;\"><strong>E NO MAIS&#8230;<a href=\"https:\/\/www.r2cpress.com.br\/v1\/wp-content\/uploads\/2024\/02\/18-1.jpg\"><img loading=\"lazy\" class=\"aligncenter size-medium wp-image-128511\" src=\"https:\/\/www.r2cpress.com.br\/v1\/wp-content\/uploads\/2024\/02\/18-1-216x300.jpg\" alt=\"\" width=\"216\" height=\"300\" srcset=\"https:\/\/www.r2cpress.com.br\/v1\/wp-content\/uploads\/2024\/02\/18-1-216x300.jpg 216w, https:\/\/www.r2cpress.com.br\/v1\/wp-content\/uploads\/2024\/02\/18-1.jpg 431w\" sizes=\"(max-width: 216px) 100vw, 216px\" \/><\/a><\/strong><\/p>\n<p>MASCARADO NO OBELISCO DA AVENIDA 2 DE JULHO. QUEM \u00c9 ESSE CARA? ESSE CARA SOU EU. Na d\u00e9cada de 1970 JOS\u00c9 LEITE foi o primeiro a lan\u00e7ar as M\u00c1SCARAS DE BORRACHA em ILH\u00c9US e ITABUNA. Obs: JOS\u00c9 LEITE naquela \u00e9poca, brincava o carnaval de rua na Avenida Soares Lopes em ILH\u00c9US e na Avenida Cinquenten\u00e1rio em ITABUNA. A m\u00e1scara, chamava muita aten\u00e7\u00e3o. (Foto: RAILDO, Carnaval de 1974). Clique na foto para ampliar.<\/p>\n<p style=\"text-align: center;\"><strong>PARA CONFERIR O BA\u00da ANTERIOR CLIQUE <a href=\"https:\/\/www.r2cpress.com.br\/v1\/2024\/02\/02\/do-fundo-do-bau-de-jose-leite-558\/\"><span style=\"color: #ff0000;\">AQUI<\/span><\/a>\u00a0<\/strong><\/p>\n<p>Texto e fotos: Jos\u00e9 Leite de Souza.<br \/>\njleitesouza@hotmail.com<br \/>\n(73) 3634-3134.<\/p>\n<p>&nbsp;<\/p>\n","protected":false},"excerpt":{"rendered":"<p>1) 64 ANOS DE JOS\u00c9 LEITE EM ILH\u00c9US. 2) CARNAVAIS DO PASSADO EM ILH\u00c9US.<\/p>\n","protected":false},"author":2,"featured_media":123540,"comment_status":"open","ping_status":"open","sticky":false,"template":"","format":"standard","meta":{"_links_to":"","_links_to_target":""},"categories":[39],"tags":[],"_links":{"self":[{"href":"https:\/\/www.r2cpress.com.br\/v1\/wp-json\/wp\/v2\/posts\/128493"}],"collection":[{"href":"https:\/\/www.r2cpress.com.br\/v1\/wp-json\/wp\/v2\/posts"}],"about":[{"href":"https:\/\/www.r2cpress.com.br\/v1\/wp-json\/wp\/v2\/types\/post"}],"author":[{"embeddable":true,"href":"https:\/\/www.r2cpress.com.br\/v1\/wp-json\/wp\/v2\/users\/2"}],"replies":[{"embeddable":true,"href":"https:\/\/www.r2cpress.com.br\/v1\/wp-json\/wp\/v2\/comments?post=128493"}],"version-history":[{"count":1,"href":"https:\/\/www.r2cpress.com.br\/v1\/wp-json\/wp\/v2\/posts\/128493\/revisions"}],"predecessor-version":[{"id":128512,"href":"https:\/\/www.r2cpress.com.br\/v1\/wp-json\/wp\/v2\/posts\/128493\/revisions\/128512"}],"wp:featuredmedia":[{"embeddable":true,"href":"https:\/\/www.r2cpress.com.br\/v1\/wp-json\/wp\/v2\/media\/123540"}],"wp:attachment":[{"href":"https:\/\/www.r2cpress.com.br\/v1\/wp-json\/wp\/v2\/media?parent=128493"}],"wp:term":[{"taxonomy":"category","embeddable":true,"href":"https:\/\/www.r2cpress.com.br\/v1\/wp-json\/wp\/v2\/categories?post=128493"},{"taxonomy":"post_tag","embeddable":true,"href":"https:\/\/www.r2cpress.com.br\/v1\/wp-json\/wp\/v2\/tags?post=128493"}],"curies":[{"name":"wp","href":"https:\/\/api.w.org\/{rel}","templated":true}]}}