{"id":128518,"date":"2024-02-16T15:33:45","date_gmt":"2024-02-16T18:33:45","guid":{"rendered":"https:\/\/www.r2cpress.com.br\/v1\/?p=128518"},"modified":"2024-02-16T15:33:45","modified_gmt":"2024-02-16T18:33:45","slug":"150-anos-da-imigracao-italiana-e-comemorada-por-embaixada-do-brasil-em-roma","status":"publish","type":"post","link":"https:\/\/www.r2cpress.com.br\/v1\/2024\/02\/16\/150-anos-da-imigracao-italiana-e-comemorada-por-embaixada-do-brasil-em-roma\/","title":{"rendered":"150 Anos da Imigra\u00e7\u00e3o Italiana \u00e9 comemorada por Embaixada do Brasil em Roma"},"content":{"rendered":"<p><a href=\"https:\/\/www.r2cpress.com.br\/v1\/wp-content\/uploads\/2024\/02\/Screenshot_2024-02-16-15-32-47-721_com.microsoft.office.outlook-edit.jpg\"><img loading=\"lazy\" class=\"aligncenter size-medium wp-image-128519\" src=\"https:\/\/www.r2cpress.com.br\/v1\/wp-content\/uploads\/2024\/02\/Screenshot_2024-02-16-15-32-47-721_com.microsoft.office.outlook-edit-300x208.jpg\" alt=\"\" width=\"300\" height=\"208\" srcset=\"https:\/\/www.r2cpress.com.br\/v1\/wp-content\/uploads\/2024\/02\/Screenshot_2024-02-16-15-32-47-721_com.microsoft.office.outlook-edit-300x208.jpg 300w, https:\/\/www.r2cpress.com.br\/v1\/wp-content\/uploads\/2024\/02\/Screenshot_2024-02-16-15-32-47-721_com.microsoft.office.outlook-edit.jpg 517w\" sizes=\"(max-width: 300px) 100vw, 300px\" \/><\/a>Comitiva de Italianos no Brasil se juntam com Brasileiros na It\u00e1lia para celebrar a data com palestras e jantares<\/p>\n<p>EMBAIXADA DO BRASIL EM ROMA ABRE AS CELEBRA\u00c7\u00d5ES DOS 150 ANOS DA IMIGRA\u00c7\u00c3O ITALIANA<\/p>\n<p>&nbsp;<\/p>\n<p>A partir dos dias 20 e 21 de fevereiro, no Pal\u00e1cio Pamphilj, em Roma, por ocasi\u00e3o da celebra\u00e7\u00e3o do sesquicenten\u00e1rio da imigra\u00e7\u00e3o italiana ao Brasil, a Embaixada brasileira na It\u00e1lia promover\u00e1 palestra e jantar que marcam a abertura das comemora\u00e7\u00f5es dessa importante efem\u00e9ride. Os eventos ter\u00e3o a participa\u00e7\u00e3o de autoridades governamentais, empres\u00e1rios, jornalistas e representantes da sociedade e do mundo acad\u00eamico e cultural de ambos os pa\u00edses. Ser\u00e3o encontros iniciais para recordar a uni\u00e3o dos dois povos e promover um caminho renovado no tradicional relacionamento bilateral.<\/p>\n<p>\u201cA di\u00e1spora italiana assentou precioso legado nas artes, na cultura, na economia e constitui componente vibrante na forma\u00e7\u00e3o do povo e da identidade brasileiros. O \u2018Dia Nacional do Imigrante Italiano\u2019, celebrado no Brasil em 21 de fevereiro, remonta \u00e0 expedi\u00e7\u00e3o de Pietro Tabacchi, que atracou com o navio La Sofia nessa data, em 1874, no estado do Esp\u00edrito Santo, com 380 fam\u00edlias, marcando simbolicamente o in\u00edcio do processo de imigra\u00e7\u00e3o italiana\u201d, destaca o embaixador brasileiro em Roma, Renato Mosca. <!--more--><\/p>\n<p>Enaltecendo esse marco de 150 anos da imigra\u00e7\u00e3o italiana em nosso pa\u00eds, a Embaixada do Brasil na It\u00e1lia convidou expressiva comitiva brasileira para comemorar em conjunto a data. Entusiasta do projeto, o delegado da Accademia Italiana della Cucina em S\u00e3o Paulo, Gerardo Landulfo, uniu-se \u00e0 Embaixada para colaborar na organiza\u00e7\u00e3o dos eventos e comentou: \u201cnossa proposta \u00e9 aproveitar a ocasi\u00e3o para refor\u00e7ar os la\u00e7os afetivos e, a partir de um menu \u00edtalo-brasileiro, promover a import\u00e2ncia hist\u00f3rica de uma cozinha apreciada pelos dois povos e apresentar receitas e produtos brasileiros inspirados na tradi\u00e7\u00e3o italiana\u201d.<\/p>\n<p>O Instituto Guimar\u00e3es Rosa &#8211; Roma (IGR-Roma) e a Accademia Italiana della Cucina far\u00e3o no pr\u00f3ximo dia 20 de fevereiro uma palestra sobre \u201cA Import\u00e2ncia da Imigra\u00e7\u00e3o Italiana nos H\u00e1bitos Alimentares dos Brasileiros\u201d, com a participa\u00e7\u00e3o de Gerardo Landulfo e do jornalista brasileiro, J. A. Dias Lopes, autor da obra \u201cOriundi \u2013 Hist\u00f3ria e Receitas da Cozinha \u00cdtalo-Brasileira de S\u00e3o Paulo\u201d (sinopse abaixo). Em seguida, ser\u00e1 servido um coquetel com quitutes e espumantes brasileiros.<\/p>\n<p>No dia 21, ser\u00e1 realizado na sala Palestrina o jantar do sesquicenten\u00e1rio, com receitas \u00edtalo-brasileiras preparadas por chefs italianos que trabalham em S\u00e3o Paulo, Antonio Maiolica (<em>Temperani Cucina<\/em>) e Pasquale Mancini (Terra\u00e7o It\u00e1lia), e chefs brasileiros que atuam na cozinha da Embaixada do Brasil em Roma, Bruno Rappel e Wagner Porto Almeida.<\/p>\n<p>O encerramento desta primeira semana ser\u00e1 no dia 22, com o jantar da delega\u00e7\u00e3o de S\u00e3o Paulo da\u00a0<em>Accademia Italiana della Cucina<\/em>\u00a0em conjunto com a delega\u00e7\u00e3o de Roma Aurelia, dirigida por Salvatore Di Giulio, servindo o mesmo menu \u00edtalo-brasileiro, no tradicional restaurante romano, Osteria Palmira, do chef Claudio Rocchi.<\/p>\n<p>Os eventos contam com o valioso apoio de Pirelli, Grupo Comolatti, aQuamec, Col\u00e9gio Dante Alighieri, Miolo e Eventi Italia.<\/p>\n<p><a href=\"http:\/\/www.gov.br\/mre\/pt-br\/embaixada-roma\" data-linkindex=\"0\">www.gov.br\/mre\/pt-br\/embaixada-roma<\/a><\/p>\n","protected":false},"excerpt":{"rendered":"<p>Comitiva de Italianos no Brasil se juntam com Brasileiros na It\u00e1lia para celebrar a data com palestras e jantares EMBAIXADA DO BRASIL EM ROMA ABRE AS CELEBRA\u00c7\u00d5ES DOS 150 ANOS DA IMIGRA\u00c7\u00c3O ITALIANA &nbsp; A partir dos dias 20 e 21 de fevereiro, no Pal\u00e1cio Pamphilj, em Roma, por ocasi\u00e3o da celebra\u00e7\u00e3o do sesquicenten\u00e1rio da [&hellip;]<\/p>\n","protected":false},"author":2,"featured_media":128519,"comment_status":"open","ping_status":"open","sticky":false,"template":"","format":"standard","meta":{"_links_to":"","_links_to_target":""},"categories":[1],"tags":[],"_links":{"self":[{"href":"https:\/\/www.r2cpress.com.br\/v1\/wp-json\/wp\/v2\/posts\/128518"}],"collection":[{"href":"https:\/\/www.r2cpress.com.br\/v1\/wp-json\/wp\/v2\/posts"}],"about":[{"href":"https:\/\/www.r2cpress.com.br\/v1\/wp-json\/wp\/v2\/types\/post"}],"author":[{"embeddable":true,"href":"https:\/\/www.r2cpress.com.br\/v1\/wp-json\/wp\/v2\/users\/2"}],"replies":[{"embeddable":true,"href":"https:\/\/www.r2cpress.com.br\/v1\/wp-json\/wp\/v2\/comments?post=128518"}],"version-history":[{"count":1,"href":"https:\/\/www.r2cpress.com.br\/v1\/wp-json\/wp\/v2\/posts\/128518\/revisions"}],"predecessor-version":[{"id":128520,"href":"https:\/\/www.r2cpress.com.br\/v1\/wp-json\/wp\/v2\/posts\/128518\/revisions\/128520"}],"wp:featuredmedia":[{"embeddable":true,"href":"https:\/\/www.r2cpress.com.br\/v1\/wp-json\/wp\/v2\/media\/128519"}],"wp:attachment":[{"href":"https:\/\/www.r2cpress.com.br\/v1\/wp-json\/wp\/v2\/media?parent=128518"}],"wp:term":[{"taxonomy":"category","embeddable":true,"href":"https:\/\/www.r2cpress.com.br\/v1\/wp-json\/wp\/v2\/categories?post=128518"},{"taxonomy":"post_tag","embeddable":true,"href":"https:\/\/www.r2cpress.com.br\/v1\/wp-json\/wp\/v2\/tags?post=128518"}],"curies":[{"name":"wp","href":"https:\/\/api.w.org\/{rel}","templated":true}]}}