{"id":128523,"date":"2024-02-16T15:58:31","date_gmt":"2024-02-16T18:58:31","guid":{"rendered":"https:\/\/www.r2cpress.com.br\/v1\/?p=128523"},"modified":"2024-02-16T15:58:31","modified_gmt":"2024-02-16T18:58:31","slug":"do-fundo-do-bau-de-jose-leite-559","status":"publish","type":"post","link":"https:\/\/www.r2cpress.com.br\/v1\/2024\/02\/16\/do-fundo-do-bau-de-jose-leite-559\/","title":{"rendered":"DO FUNDO DO BA\u00da DE JOS\u00c9 LEITE."},"content":{"rendered":"<p><a href=\"https:\/\/www.r2cpress.com.br\/v1\/wp-content\/uploads\/2022\/02\/bau-1-300x214-2.jpg\"><img loading=\"lazy\" class=\"aligncenter size-full wp-image-125387\" src=\"https:\/\/www.r2cpress.com.br\/v1\/wp-content\/uploads\/2022\/02\/bau-1-300x214-2.jpg\" alt=\"\" width=\"300\" height=\"214\" \/><\/a><\/p>\n<p style=\"text-align: center;\"><strong>1) 64 ANOS DE JOS\u00c9 LEITE E ILH\u00c9US.<\/strong><br \/>\n<strong>2) FAM\u00cdLIAS TRADICIONAIS DE ILH\u00c9US.<\/strong><br \/>\n<strong>3) DEDICA\u00c7\u00c3O DA IGREJA BOM JESUS DO HORTO.<\/strong><br \/>\n<strong>4) SOLENIDADE NA PRA\u00c7A PADRE C\u00cdCERO.<\/strong><br \/>\n<strong>5) AS FOTOS DESTAQUES DA SEMANA.<\/strong><!--more--><\/p>\n<p style=\"text-align: center;\"><strong>1) 64 ANOS DE JOS\u00c9 LEITE EM ILH\u00c9US.<a href=\"https:\/\/www.r2cpress.com.br\/v1\/wp-content\/uploads\/2024\/02\/1-2-2.jpg\"><img loading=\"lazy\" class=\"aligncenter size-medium wp-image-128524\" src=\"https:\/\/www.r2cpress.com.br\/v1\/wp-content\/uploads\/2024\/02\/1-2-2-300x136.jpg\" alt=\"\" width=\"300\" height=\"136\" srcset=\"https:\/\/www.r2cpress.com.br\/v1\/wp-content\/uploads\/2024\/02\/1-2-2-300x136.jpg 300w, https:\/\/www.r2cpress.com.br\/v1\/wp-content\/uploads\/2024\/02\/1-2-2.jpg 600w\" sizes=\"(max-width: 300px) 100vw, 300px\" \/><\/a><\/strong><\/p>\n<p>Meus amigos de ILH\u00c9US, JUAZEIRO DO NORTE e de todo o BRASIL, gra\u00e7as ao meu BOM DEUS e ao PADRE C\u00cdCERO DO JUAZEIRO e S\u00c3O JORGE DOS ILH\u00c9US, conseguimos chegar em 2024 com SA\u00daDE. Essa coluna \u00e9 a s\u00e9tima desse ANO. Vamos pedir a DEUS que tenhamos um ano de muita sa\u00fade para todos n\u00f3s, o resto, com ajuda do TODO PODEROSO, vamos conseguir.<a href=\"https:\/\/www.r2cpress.com.br\/v1\/wp-content\/uploads\/2024\/02\/2-6.jpg\"><img loading=\"lazy\" class=\"aligncenter size-medium wp-image-128525\" src=\"https:\/\/www.r2cpress.com.br\/v1\/wp-content\/uploads\/2024\/02\/2-6-195x300.jpg\" alt=\"\" width=\"195\" height=\"300\" srcset=\"https:\/\/www.r2cpress.com.br\/v1\/wp-content\/uploads\/2024\/02\/2-6-195x300.jpg 195w, https:\/\/www.r2cpress.com.br\/v1\/wp-content\/uploads\/2024\/02\/2-6.jpg 389w\" sizes=\"(max-width: 195px) 100vw, 195px\" \/><\/a><\/p>\n<p style=\"text-align: center;\">HOMENS QUE AJUDARAM A CIDADE DE ILH\u00c9US A CRESCER.<br \/>\n1\u00aa Foto: Dr. JOS\u00c9 C\u00c2NDIDO DE CARVALHO, foi Professor no IME de ILH\u00c9US, Advogado, Deputado Estadual, Ministro do Tribunal Superior de Justi\u00e7a e Cearense. Na foto com sua esposa MARIINHA CARVALHO.<br \/>\n2\u00aa Foto: EDUARDO CHALHOUB, Lojista atuante, Diretor da CDL de ILH\u00c9US e da ASSOCIA\u00c7\u00c3O COMERCIAL DE ILH\u00c9US, Presidente do LIONS CLUBE DE ILH\u00c9US. Na foto com sua esposa CELESTE CHALHOUB. Dr. JOS\u00c9 C\u00c2NDIDO e EDUARDO CHALHOUB j\u00e1 se encontram no REINO DA GL\u00d3RIA. Fotos publicadas no Di\u00e1rio da Tarde de ILH\u00c9US, edi\u00e7\u00e3o de 16 e 17-01-1993.<br \/>\nClique na foto para ampliar.<br \/>\n<strong>2) FAM\u00cdLIAS TRADICIONAIS DE ILH\u00c9US.<a href=\"https:\/\/www.r2cpress.com.br\/v1\/wp-content\/uploads\/2024\/02\/3-5.jpg\"><img loading=\"lazy\" class=\"aligncenter size-medium wp-image-128526\" src=\"https:\/\/www.r2cpress.com.br\/v1\/wp-content\/uploads\/2024\/02\/3-5-221x300.jpg\" alt=\"\" width=\"221\" height=\"300\" srcset=\"https:\/\/www.r2cpress.com.br\/v1\/wp-content\/uploads\/2024\/02\/3-5-221x300.jpg 221w, https:\/\/www.r2cpress.com.br\/v1\/wp-content\/uploads\/2024\/02\/3-5.jpg 442w\" sizes=\"(max-width: 221px) 100vw, 221px\" \/><\/a><\/strong><\/p>\n<p>FAM\u00cdLIA TRADICIONAL DE JO\u00c3O FREITAS.<br \/>\nJO\u00c3O FREITAS nasceu na cidade de FEIRA DE SANTANA, filho do Engenheiro FRANCISCO DE ASSIS FREITAS que tamb\u00e9m era Pecuarista. Mas o destino do jovem JO\u00c3O FREITAS j\u00e1 estava tra\u00e7ado e n\u00e3o era em FEIRA DE SANTANA. Viajou para vender tecidos com uma tropa de Burros no Sul da BAHIA. E foi quando chegou em ILH\u00c9US e se apaixonou pela linda Cidade. Trabalhou muito at\u00e9 fundar a empresa FREITAS E CIA, uma das mais importantes na compra e Exporta\u00e7\u00e3o do Cacau. JO\u00c3O FREITAS foi um dos membros atuantes do ROTARY CLUB DE ILH\u00c9US, onde recebeu o T\u00edtulo de ROTARIANO DE OURO. Sr. JO\u00c3O FREITAS foi casado com a senhora ADRIANA FREITAS e tiveram 3 filhos: CARLOS HENRIQUE, TEREZA CRISTINA e HERMANO. O Sr. JO\u00c3O FREITAS faleceu em 2001 com 92 anos de idade. Na foto: Sr. JO\u00c3O FREITAS, DONA ADRIANA e os filhos CARLOS HENRIQUE, TEREZA CRISTINA e HERMANO. Clique na foto para ampliar.<a href=\"https:\/\/www.r2cpress.com.br\/v1\/wp-content\/uploads\/2024\/02\/4-5.jpg\"><img loading=\"lazy\" class=\"aligncenter size-medium wp-image-128527\" src=\"https:\/\/www.r2cpress.com.br\/v1\/wp-content\/uploads\/2024\/02\/4-5-300x196.jpg\" alt=\"\" width=\"300\" height=\"196\" srcset=\"https:\/\/www.r2cpress.com.br\/v1\/wp-content\/uploads\/2024\/02\/4-5-300x196.jpg 300w, https:\/\/www.r2cpress.com.br\/v1\/wp-content\/uploads\/2024\/02\/4-5.jpg 600w\" sizes=\"(max-width: 300px) 100vw, 300px\" \/><\/a><\/p>\n<p>Na foto, o Sr. JO\u00c3O FREITAS e sua Fam\u00edlia. Destaque para o amigo HERMANO ao lado de sua esposa e com seu filho no colo. Clique na foto para ampliar.<\/p>\n<p style=\"text-align: center;\"><strong>3) DEDICA\u00c7\u00c3O DA IGREJA BOM JESUS DO HORTO.<\/strong><\/p>\n<p>Aconteceu no \u00faltimo dia 3 de Fevereiro de 2024 a \u201cDEDICA\u00c7\u00c3O\u201d da Igreja BOM JESUS DO HORTO em JUAZEIRO DO NORTE. A cerim\u00f4nia foi presidida pelo Bispo Diocesano do CRATO, DOM MAGNUS HENRIQUE LOPES e contou com a Ilustre presen\u00e7a do CARDEAL DOM ANGEL FERNANDEZ, Reitor-Mor da Congrega\u00e7\u00e3o Salesiana e v\u00e1rias outras Autoridades Religiosas e Civis. JOS\u00c9 LEITE ESTAVA L\u00c1!<a href=\"https:\/\/www.r2cpress.com.br\/v1\/wp-content\/uploads\/2024\/02\/5-5.jpg\"><img loading=\"lazy\" class=\"aligncenter size-medium wp-image-128528\" src=\"https:\/\/www.r2cpress.com.br\/v1\/wp-content\/uploads\/2024\/02\/5-5-300x257.jpg\" alt=\"\" width=\"300\" height=\"257\" srcset=\"https:\/\/www.r2cpress.com.br\/v1\/wp-content\/uploads\/2024\/02\/5-5-300x257.jpg 300w, https:\/\/www.r2cpress.com.br\/v1\/wp-content\/uploads\/2024\/02\/5-5.jpg 600w\" sizes=\"(max-width: 300px) 100vw, 300px\" \/><\/a><\/p>\n<p>Na foto: IGREJA BOM JESUS DO HORTO, quase toda em Vitrais, linda por fora e por dentro. Foto: 03-02-2024. Clique na foto para ampliar.<a href=\"https:\/\/www.r2cpress.com.br\/v1\/wp-content\/uploads\/2024\/02\/6-4.jpg\"><img loading=\"lazy\" class=\"aligncenter size-medium wp-image-128529\" src=\"https:\/\/www.r2cpress.com.br\/v1\/wp-content\/uploads\/2024\/02\/6-4-300x146.jpg\" alt=\"\" width=\"300\" height=\"146\" srcset=\"https:\/\/www.r2cpress.com.br\/v1\/wp-content\/uploads\/2024\/02\/6-4-300x146.jpg 300w, https:\/\/www.r2cpress.com.br\/v1\/wp-content\/uploads\/2024\/02\/6-4.jpg 600w\" sizes=\"(max-width: 300px) 100vw, 300px\" \/><\/a><\/p>\n<p>Celebra\u00e7\u00e3o e dedica\u00e7\u00e3o da IGREJA BOM JESUS DO HORTO.<br \/>\nNo Altar, Autoridades Religiosas. Clique na foto para ampliar.<a href=\"https:\/\/www.r2cpress.com.br\/v1\/wp-content\/uploads\/2024\/02\/7-5.jpg\"><img loading=\"lazy\" class=\"aligncenter size-medium wp-image-128530\" src=\"https:\/\/www.r2cpress.com.br\/v1\/wp-content\/uploads\/2024\/02\/7-5-187x300.jpg\" alt=\"\" width=\"187\" height=\"300\" srcset=\"https:\/\/www.r2cpress.com.br\/v1\/wp-content\/uploads\/2024\/02\/7-5-187x300.jpg 187w, https:\/\/www.r2cpress.com.br\/v1\/wp-content\/uploads\/2024\/02\/7-5.jpg 373w\" sizes=\"(max-width: 187px) 100vw, 187px\" \/><\/a><\/p>\n<p>JOS\u00c9 LEITE presenteou com uma CAMISA da BEATA BENIGNA ao Cardeal DOM ALGEL FERNANDEZ. Clique na foto para ampliar.<a href=\"https:\/\/www.r2cpress.com.br\/v1\/wp-content\/uploads\/2024\/02\/8-5.jpg\"><img loading=\"lazy\" class=\"aligncenter size-medium wp-image-128531\" src=\"https:\/\/www.r2cpress.com.br\/v1\/wp-content\/uploads\/2024\/02\/8-5-300x161.jpg\" alt=\"\" width=\"300\" height=\"161\" srcset=\"https:\/\/www.r2cpress.com.br\/v1\/wp-content\/uploads\/2024\/02\/8-5-300x161.jpg 300w, https:\/\/www.r2cpress.com.br\/v1\/wp-content\/uploads\/2024\/02\/8-5.jpg 600w\" sizes=\"(max-width: 300px) 100vw, 300px\" \/><\/a>A Igreja BOM JESUS DO HORTO ficou lotada de Religiosos. Foto: 03-02-2024.<\/p>\n<p>Clique na foto para ampliar.<a href=\"https:\/\/www.r2cpress.com.br\/v1\/wp-content\/uploads\/2024\/02\/9-5.jpg\"><img loading=\"lazy\" class=\"aligncenter size-medium wp-image-128532\" src=\"https:\/\/www.r2cpress.com.br\/v1\/wp-content\/uploads\/2024\/02\/9-5-300x159.jpg\" alt=\"\" width=\"300\" height=\"159\" srcset=\"https:\/\/www.r2cpress.com.br\/v1\/wp-content\/uploads\/2024\/02\/9-5-300x159.jpg 300w, https:\/\/www.r2cpress.com.br\/v1\/wp-content\/uploads\/2024\/02\/9-5.jpg 600w\" sizes=\"(max-width: 300px) 100vw, 300px\" \/><\/a><\/p>\n<p>Presen\u00e7a na festa da Igreja de BOM JESUS DO HORTO<\/p>\n<p>. Da esquerda para direita: Dr. GIOVANE SAMPAIO (Vice Prefeito de JUAZEIRO DO NORTE), Dr. ARNON BEZERRA (Ex. Prefeito de JUAZEIRO DO NORTE), WALTER MARTINS (Assessor do Gabinete do Governador do CEAR\u00c1) e FERNANDO SANTANA (Deputado Estadual). Clique na foto para ampliar!<a href=\"https:\/\/www.r2cpress.com.br\/v1\/wp-content\/uploads\/2024\/02\/10-5.jpg\"><img loading=\"lazy\" class=\"aligncenter size-medium wp-image-128533\" src=\"https:\/\/www.r2cpress.com.br\/v1\/wp-content\/uploads\/2024\/02\/10-5-300x146.jpg\" alt=\"\" width=\"300\" height=\"146\" srcset=\"https:\/\/www.r2cpress.com.br\/v1\/wp-content\/uploads\/2024\/02\/10-5-300x146.jpg 300w, https:\/\/www.r2cpress.com.br\/v1\/wp-content\/uploads\/2024\/02\/10-5.jpg 600w\" sizes=\"(max-width: 300px) 100vw, 300px\" \/><\/a><\/p>\n<p>O Prefeito GL\u00caDSON BEZERRA e sua esposa SANDRA CAVALCANTE presentes na Solenidade Religiosa. Clique na foto para ampliar.<a href=\"https:\/\/www.r2cpress.com.br\/v1\/wp-content\/uploads\/2024\/02\/11-5.jpg\"><img loading=\"lazy\" class=\"aligncenter size-medium wp-image-128534\" src=\"https:\/\/www.r2cpress.com.br\/v1\/wp-content\/uploads\/2024\/02\/11-5-208x300.jpg\" alt=\"\" width=\"208\" height=\"300\" srcset=\"https:\/\/www.r2cpress.com.br\/v1\/wp-content\/uploads\/2024\/02\/11-5-208x300.jpg 208w, https:\/\/www.r2cpress.com.br\/v1\/wp-content\/uploads\/2024\/02\/11-5.jpg 392w\" sizes=\"(max-width: 208px) 100vw, 208px\" \/><\/a><\/p>\n<p>A Solenidade Religiosa na Igreja BOM JESUS DO HORTO teve a presen\u00e7a do BISPO EM\u00c9RITO da Diocese do CRATO, DOM FERNANDO PANICO. Lembrando que no ano de 2006, JOS\u00c9 LEITE viajou para ROMA (VATICANO) em sua companhia. Clique na foto para ampliar.<a href=\"https:\/\/www.r2cpress.com.br\/v1\/wp-content\/uploads\/2024\/02\/12-5.jpg\"><img loading=\"lazy\" class=\"aligncenter size-medium wp-image-128535\" src=\"https:\/\/www.r2cpress.com.br\/v1\/wp-content\/uploads\/2024\/02\/12-5-300x140.jpg\" alt=\"\" width=\"300\" height=\"140\" srcset=\"https:\/\/www.r2cpress.com.br\/v1\/wp-content\/uploads\/2024\/02\/12-5-300x140.jpg 300w, https:\/\/www.r2cpress.com.br\/v1\/wp-content\/uploads\/2024\/02\/12-5.jpg 600w\" sizes=\"(max-width: 300px) 100vw, 300px\" \/><\/a><\/p>\n<p>Aconteceu na \u00faltima sexta-feira (02-02-2024) a Prociss\u00e3o de NOSSA SENHORA DAS CANDEIAS em JUAZEIRO DO NORTE. JOS\u00c9 LEITE nunca viu tanta gente na sua vida, cada pessoa com uma vela na m\u00e3o!<br \/>\nClique na foto para ampliar.<\/p>\n<p style=\"text-align: center;\"><strong>4) SOLENIDADE NA PRA\u00c7A PADRE C\u00cdCERO.<\/strong><\/p>\n<p>Aconteceu no domingo (04-02-2024) uma Solenidade promovida pela ASSOCIA\u00c7\u00c3O AMIGOS DA PRA\u00c7A PADRE C\u00cdCERO em JUAZEIRO DO NORTE para homenagear dois Empres\u00e1rios de destaque em JUAZEIRO e Regi\u00e3o do CARIRI.<a href=\"https:\/\/www.r2cpress.com.br\/v1\/wp-content\/uploads\/2024\/02\/13-5.jpg\"><img loading=\"lazy\" class=\"aligncenter size-medium wp-image-128536\" src=\"https:\/\/www.r2cpress.com.br\/v1\/wp-content\/uploads\/2024\/02\/13-5-300x255.jpg\" alt=\"\" width=\"300\" height=\"255\" srcset=\"https:\/\/www.r2cpress.com.br\/v1\/wp-content\/uploads\/2024\/02\/13-5-300x255.jpg 300w, https:\/\/www.r2cpress.com.br\/v1\/wp-content\/uploads\/2024\/02\/13-5.jpg 600w\" sizes=\"(max-width: 300px) 100vw, 300px\" \/><\/a><\/p>\n<p>Da esquerda para direita, o empres\u00e1rio ASSIS (SAB\u00c3O JU\u00c1) um dos homenageados, ALUISIO FILHO (Presidente da mesa), ADERSON BORGES FILHO (Homenageado) e JOS\u00c9 LEITE. Foto: 04-02-2024. Clique na foto para ampliar.<a href=\"https:\/\/www.r2cpress.com.br\/v1\/wp-content\/uploads\/2024\/02\/14-5.jpg\"><img loading=\"lazy\" class=\"aligncenter size-medium wp-image-128537\" src=\"https:\/\/www.r2cpress.com.br\/v1\/wp-content\/uploads\/2024\/02\/14-5-300x198.jpg\" alt=\"\" width=\"300\" height=\"198\" srcset=\"https:\/\/www.r2cpress.com.br\/v1\/wp-content\/uploads\/2024\/02\/14-5-300x198.jpg 300w, https:\/\/www.r2cpress.com.br\/v1\/wp-content\/uploads\/2024\/02\/14-5.jpg 600w\" sizes=\"(max-width: 300px) 100vw, 300px\" \/><\/a><\/p>\n<p>1\u00aa Foto: Os homenageados ASSIS e ADERSON BORGES FILHO.<br \/>\n2\u00aa Foto: JOS\u00c9 LEITE e amigos. Clique na foto para ampliar.<\/p>\n<p style=\"text-align: center;\"><strong>5) AS FOTOS DESTAQUES DA SEMANA.<\/strong><\/p>\n<p>A UNIDOS DO PADRE MIGU\u00c9L est\u00e1 de volta \u00e0 ELITE DO SAMBA no RIO DE JANEIRO e depois de 52 anos a Escola de Samba \u00e9 a CAMPE\u00c3 DA S\u00c9RIE OURO e desfilar\u00e1 em 2025 no GRUPO ESPECIAL. A UNIDOS DE PADRE MIGU\u00c9L fez desfile em homenagem ao PADRE C\u00cdCERO. E MEU PADIM AJUDOU! A ESCOLA apresentou o Samba \u201cO REDENTOR DO SERT\u00c3O\u201d em homenagem ao PADRE C\u00cdCERO.<a href=\"https:\/\/www.r2cpress.com.br\/v1\/wp-content\/uploads\/2024\/02\/16-3.jpg\"><img loading=\"lazy\" class=\"aligncenter size-medium wp-image-128538\" src=\"https:\/\/www.r2cpress.com.br\/v1\/wp-content\/uploads\/2024\/02\/16-3-300x264.jpg\" alt=\"\" width=\"300\" height=\"264\" srcset=\"https:\/\/www.r2cpress.com.br\/v1\/wp-content\/uploads\/2024\/02\/16-3-300x264.jpg 300w, https:\/\/www.r2cpress.com.br\/v1\/wp-content\/uploads\/2024\/02\/16-3.jpg 600w\" sizes=\"(max-width: 300px) 100vw, 300px\" \/><\/a><\/p>\n<p>Muito triste algumas fam\u00edlias de Venezuelanos pedindo ajuda a comunidade Ilheense nas principais Ruas do Com\u00e9rcio de ILH\u00c9US expondo seus filhos nas sinaleiras em pleno Sol escaldante, pedindo dinheiro. Cad\u00ea a Secretaria de A\u00e7\u00e3o Social de ILH\u00c9US que n\u00e3o ver essa situa\u00e7\u00e3o?<\/p>\n<p style=\"text-align: center;\"><strong>E NO MAIS&#8230;<a href=\"https:\/\/www.r2cpress.com.br\/v1\/wp-content\/uploads\/2024\/02\/17-3.jpg\"><img loading=\"lazy\" class=\"aligncenter size-medium wp-image-128539\" src=\"https:\/\/www.r2cpress.com.br\/v1\/wp-content\/uploads\/2024\/02\/17-3-183x300.jpg\" alt=\"\" width=\"183\" height=\"300\" srcset=\"https:\/\/www.r2cpress.com.br\/v1\/wp-content\/uploads\/2024\/02\/17-3-183x300.jpg 183w, https:\/\/www.r2cpress.com.br\/v1\/wp-content\/uploads\/2024\/02\/17-3.jpg 366w\" sizes=\"(max-width: 183px) 100vw, 183px\" \/><\/a><\/strong><\/p>\n<p>Numa recente parada no AEROPORTO GUARARAPES em RECIFE, JOS\u00c9 LEITE se encontrou com SAMUEL, baiano de VIT\u00d3RIA DA CONQUISTA e atual jogador de basquete do FORTALEZA que est\u00e1 muito bem participando do Campeonato Brasileiro. SAMUEL falou que o time est\u00e1 precisando de um jogador para a Linha de Frente. JOS\u00c9 LEITE VAI SE INSCREVER!<br \/>\nFoto: 05-02-2024. Clique na foto para ampliar.<\/p>\n<p style=\"text-align: center;\"><strong>PARA CONFERIR O BA\u00da ANTERIOR CLIQUE <a href=\"https:\/\/www.r2cpress.com.br\/v1\/2024\/02\/09\/do-fundo-do-bau-de-jose-leite-especial-de-carnaval\/\"><span style=\"color: #ff0000;\">AQUI<\/span><\/a>\u00a0<\/strong><\/p>\n<p>Texto e fotos: Jos\u00e9 Leite de Souza.<br \/>\njleitesouza@hotmail.com<br \/>\n(73) 3634-3134.<\/p>\n","protected":false},"excerpt":{"rendered":"<p>1) 64 ANOS DE JOS\u00c9 LEITE E ILH\u00c9US. 2) FAM\u00cdLIAS TRADICIONAIS DE ILH\u00c9US. 3) DEDICA\u00c7\u00c3O DA IGREJA BOM JESUS DO HORTO. 4) SOLENIDADE NA PRA\u00c7A PADRE C\u00cdCERO. 5) AS FOTOS DESTAQUES DA SEMANA.<\/p>\n","protected":false},"author":2,"featured_media":125387,"comment_status":"open","ping_status":"open","sticky":false,"template":"","format":"standard","meta":{"_links_to":"","_links_to_target":""},"categories":[1],"tags":[],"_links":{"self":[{"href":"https:\/\/www.r2cpress.com.br\/v1\/wp-json\/wp\/v2\/posts\/128523"}],"collection":[{"href":"https:\/\/www.r2cpress.com.br\/v1\/wp-json\/wp\/v2\/posts"}],"about":[{"href":"https:\/\/www.r2cpress.com.br\/v1\/wp-json\/wp\/v2\/types\/post"}],"author":[{"embeddable":true,"href":"https:\/\/www.r2cpress.com.br\/v1\/wp-json\/wp\/v2\/users\/2"}],"replies":[{"embeddable":true,"href":"https:\/\/www.r2cpress.com.br\/v1\/wp-json\/wp\/v2\/comments?post=128523"}],"version-history":[{"count":1,"href":"https:\/\/www.r2cpress.com.br\/v1\/wp-json\/wp\/v2\/posts\/128523\/revisions"}],"predecessor-version":[{"id":128540,"href":"https:\/\/www.r2cpress.com.br\/v1\/wp-json\/wp\/v2\/posts\/128523\/revisions\/128540"}],"wp:featuredmedia":[{"embeddable":true,"href":"https:\/\/www.r2cpress.com.br\/v1\/wp-json\/wp\/v2\/media\/125387"}],"wp:attachment":[{"href":"https:\/\/www.r2cpress.com.br\/v1\/wp-json\/wp\/v2\/media?parent=128523"}],"wp:term":[{"taxonomy":"category","embeddable":true,"href":"https:\/\/www.r2cpress.com.br\/v1\/wp-json\/wp\/v2\/categories?post=128523"},{"taxonomy":"post_tag","embeddable":true,"href":"https:\/\/www.r2cpress.com.br\/v1\/wp-json\/wp\/v2\/tags?post=128523"}],"curies":[{"name":"wp","href":"https:\/\/api.w.org\/{rel}","templated":true}]}}