{"id":128576,"date":"2024-03-01T23:03:11","date_gmt":"2024-03-02T02:03:11","guid":{"rendered":"https:\/\/www.r2cpress.com.br\/v1\/?p=128576"},"modified":"2024-03-01T23:03:11","modified_gmt":"2024-03-02T02:03:11","slug":"noticias-da-avep-202","status":"publish","type":"post","link":"https:\/\/www.r2cpress.com.br\/v1\/2024\/03\/01\/noticias-da-avep-202\/","title":{"rendered":"NOT\u00cdCIAS DA AVEP"},"content":{"rendered":"<p><a href=\"https:\/\/www.r2cpress.com.br\/v1\/wp-content\/uploads\/2024\/03\/1-5.jpg\"><img loading=\"lazy\" class=\"aligncenter size-medium wp-image-128577\" src=\"https:\/\/www.r2cpress.com.br\/v1\/wp-content\/uploads\/2024\/03\/1-5-300x117.jpg\" alt=\"\" width=\"300\" height=\"117\" srcset=\"https:\/\/www.r2cpress.com.br\/v1\/wp-content\/uploads\/2024\/03\/1-5-300x117.jpg 300w, https:\/\/www.r2cpress.com.br\/v1\/wp-content\/uploads\/2024\/03\/1-5.jpg 600w\" sizes=\"(max-width: 300px) 100vw, 300px\" \/><\/a><br \/>\nEQUIPES DOS CAPIT\u00c3ES ROGERIO E VIT\u00c3O EMPATAM NA 2\u00aa RODADA<br \/>\nDomingo (25\/2) pela manh\u00e3 a Associa\u00e7\u00e3o dos Veteranos de Esporte Praiano-AVEP, entidade de baba de praia quase centen\u00e1ria de Ilh\u00e9us, realizou sua 2\u00aa rodada da mencionada atividade esportiva praiana da Temporada 2024. A rodada por aus\u00eancia de associados presentes ao evento s\u00f3 permitiu a realiza\u00e7\u00e3o de um baba, e neste as equipes dos capit\u00e3es Rogerio e Vit\u00e3o empataram por 4 a 4 com gols do pr\u00f3prio capit\u00e3o Rogerio(2), Isaque(1) e Dudu(1) para a primeira e Airton Badungo(2), Fabio Alan(1) e Lu\u00eds Claudio Fof\u00e3o(1) para a segunda. O baba foi marcado pelo \u00e1rbitro Ronivon com boa atua\u00e7\u00e3o, conforme os analistas avepianos de babas. Levaram Cart\u00e3o Amarelo: Robson e Galletti da Rio de Engenho. A rodada esteve sob a coordena\u00e7\u00e3o, como Diretor do Dia, de Robert\u00e3o, tamb\u00e9m vice-presidente avepiano.<!--more--><\/p>\n<p>Equipes que atuaram na 2\u00aa rodada:<br \/>\n(Cap. Rogerio): Goleiro Rosivaldo, Prof. Jorge Reis(Franklin do BB), Cleiton, Alexandro(Dudu) e Gagarin; Adauto Negocinho(Lu\u00eds Humberto), Isaque e Zugaib da Ceplac(Crispim Vidros, o meio-italiano); Charles Reis, Odon(Madurieira) e Rogerio.<br \/>\nX<br \/>\n(Cap. Vit\u00e3o): Goleiro Vando Paia\u00e7o, Gilson do Taxi, Galletti da Rio de Engenho, Fred de Itabuna e Robson; Vado do Bradesco, Daniel Murta e Airton Badundo; Vit\u00e3o, Fabio Alan e Alex de Moises.<a href=\"https:\/\/www.r2cpress.com.br\/v1\/wp-content\/uploads\/2024\/03\/2-8.jpg\"><img loading=\"lazy\" class=\"aligncenter size-medium wp-image-128578\" src=\"https:\/\/www.r2cpress.com.br\/v1\/wp-content\/uploads\/2024\/03\/2-8-300x113.jpg\" alt=\"\" width=\"300\" height=\"113\" srcset=\"https:\/\/www.r2cpress.com.br\/v1\/wp-content\/uploads\/2024\/03\/2-8-300x113.jpg 300w, https:\/\/www.r2cpress.com.br\/v1\/wp-content\/uploads\/2024\/03\/2-8.jpg 599w\" sizes=\"(max-width: 300px) 100vw, 300px\" \/><\/a><\/p>\n<p>COMENT\u00c1RIOS<br \/>\nPara o analista de baba Paulo Gois do Bradesco, beque-de-espera III avepiano, que pegou de arquibancada o final da 2\u00aa etapa do baba, apesar de ter chegado quando o placar j\u00e1 estava de 4 a 3 a favor do time do Cap. Rogerio, ele viu o gol de empate de Lu\u00eds Claudio Fof\u00e3o, e entendeu ter sido \u201ccom uma bela cabe\u00e7ada\u201d. O analista no seu modo de ver, achou que a equipe do Cap. Vit\u00e3o \u201c&#8230;teve mais sorte com a entrada de v\u00e1rios associados que deram mais trabalho ao time do Cap. Rogerio\u201d, mas, por outro lado, tamb\u00e9m entendeu que o time do Cap. Rogerio \u201c&#8230;jogou com determina\u00e7\u00e3o e garra, e que no final o placar foi justo\u201d.<br \/>\nO analista Paulo Gois do Bradesco, tamb\u00e9m opinou que \u201cCrispim Vidros, que joga na s\u00e9rie A3 da It\u00e1lia, fez uma bel\u00edssima partida, marcando na defesa, no meio e no ataque. Inclusive o lan\u00e7amento do 4\u00ba gol do time do Cap. Rogerio foi dele\u201d. No apoio de sua opini\u00e3o ressaltou depoimentos de avepianos a favor da grande atua\u00e7\u00e3o do meio-italiano Crispim Vidros, a exemplo de Fabio Alan, Pitanga, Zugaib da Ceplac. Dentre os depoimentos alguns foram na dire\u00e7\u00e3o que \u2018Crispim Vidros tinha dado um passe de calcanhar que jamais havia visto na vida\u2019; outro foi que reconhecia \u2018que esse a\u00ed [a respeito de Crispim] jogou muito bem. Deu assist\u00eancia pro gol de empate\u2019. Outros apontaram at\u00e9 que o meio-italiano, pela exuberante atua\u00e7\u00e3o, tem grandes possibilidades de entrar para o rol dos chamados \u2018Birro 1\u2019 da Avep.<a href=\"https:\/\/www.r2cpress.com.br\/v1\/wp-content\/uploads\/2024\/03\/3-7.jpg\"><img loading=\"lazy\" class=\"aligncenter size-medium wp-image-128579\" src=\"https:\/\/www.r2cpress.com.br\/v1\/wp-content\/uploads\/2024\/03\/3-7-300x112.jpg\" alt=\"\" width=\"300\" height=\"112\" srcset=\"https:\/\/www.r2cpress.com.br\/v1\/wp-content\/uploads\/2024\/03\/3-7-300x112.jpg 300w, https:\/\/www.r2cpress.com.br\/v1\/wp-content\/uploads\/2024\/03\/3-7.jpg 601w\" sizes=\"(max-width: 300px) 100vw, 300px\" \/><\/a><\/p>\n<p>NOTAS<br \/>\nSobre a grande atua\u00e7\u00e3o do meio-italiano Crispim Vidros, houve uma voz destoante: a de Alvinho Beque-de-Vigor. Mas a maioria dos avepianos entendeu que a diverg\u00eancia n\u00e3o passou de intriga da oposi\u00e7\u00e3o.<br \/>\nA rodada teve a presen\u00e7a, a convite do meia Zugaib da Ceplac, do volante-de-contens\u00e3o Alexandro Fernandes, reitor da UESC (Universidade Estadual de Santa Cruz). Segundo os v\u00e1rios analistas de baba, incluindo o analista maior Paulo Gois do Bradesco, o homem deu nos couros e foi enquadrado como \u2018perna&#8230; opa, j\u00e1 ia me passando; digo, como \u2018bom de bola\u2019.<\/p>\n<p>Texto do associado Heckel Janu\u00e1rio. Fotos dos \u201cbabas\u201d de Marconi Almeida, fot\u00f3grafo oficial e diretor de Divulga\u00e7\u00e3o da Avep. O Prof. Jorge Reis \u00e9 o fot\u00f3grafo de momentos et\u00edlicos e secret\u00e1rio-mor desta entidade<a href=\"https:\/\/www.r2cpress.com.br\/v1\/wp-content\/uploads\/2024\/03\/4-7.jpg\"><img loading=\"lazy\" class=\"aligncenter size-medium wp-image-128580\" src=\"https:\/\/www.r2cpress.com.br\/v1\/wp-content\/uploads\/2024\/03\/4-7-300x113.jpg\" alt=\"\" width=\"300\" height=\"113\" srcset=\"https:\/\/www.r2cpress.com.br\/v1\/wp-content\/uploads\/2024\/03\/4-7-300x113.jpg 300w, https:\/\/www.r2cpress.com.br\/v1\/wp-content\/uploads\/2024\/03\/4-7.jpg 600w\" sizes=\"(max-width: 300px) 100vw, 300px\" \/><\/a><\/p>\n","protected":false},"excerpt":{"rendered":"<p>EQUIPES DOS CAPIT\u00c3ES ROGERIO E VIT\u00c3O EMPATAM NA 2\u00aa RODADA Domingo (25\/2) pela manh\u00e3 a Associa\u00e7\u00e3o dos Veteranos de Esporte Praiano-AVEP, entidade de baba de praia quase centen\u00e1ria de Ilh\u00e9us, realizou sua 2\u00aa rodada da mencionada atividade esportiva praiana da Temporada 2024. A rodada por aus\u00eancia de associados presentes ao evento s\u00f3 permitiu a realiza\u00e7\u00e3o [&hellip;]<\/p>\n","protected":false},"author":2,"featured_media":128577,"comment_status":"open","ping_status":"open","sticky":false,"template":"","format":"standard","meta":{"_links_to":"","_links_to_target":""},"categories":[1],"tags":[],"_links":{"self":[{"href":"https:\/\/www.r2cpress.com.br\/v1\/wp-json\/wp\/v2\/posts\/128576"}],"collection":[{"href":"https:\/\/www.r2cpress.com.br\/v1\/wp-json\/wp\/v2\/posts"}],"about":[{"href":"https:\/\/www.r2cpress.com.br\/v1\/wp-json\/wp\/v2\/types\/post"}],"author":[{"embeddable":true,"href":"https:\/\/www.r2cpress.com.br\/v1\/wp-json\/wp\/v2\/users\/2"}],"replies":[{"embeddable":true,"href":"https:\/\/www.r2cpress.com.br\/v1\/wp-json\/wp\/v2\/comments?post=128576"}],"version-history":[{"count":1,"href":"https:\/\/www.r2cpress.com.br\/v1\/wp-json\/wp\/v2\/posts\/128576\/revisions"}],"predecessor-version":[{"id":128581,"href":"https:\/\/www.r2cpress.com.br\/v1\/wp-json\/wp\/v2\/posts\/128576\/revisions\/128581"}],"wp:featuredmedia":[{"embeddable":true,"href":"https:\/\/www.r2cpress.com.br\/v1\/wp-json\/wp\/v2\/media\/128577"}],"wp:attachment":[{"href":"https:\/\/www.r2cpress.com.br\/v1\/wp-json\/wp\/v2\/media?parent=128576"}],"wp:term":[{"taxonomy":"category","embeddable":true,"href":"https:\/\/www.r2cpress.com.br\/v1\/wp-json\/wp\/v2\/categories?post=128576"},{"taxonomy":"post_tag","embeddable":true,"href":"https:\/\/www.r2cpress.com.br\/v1\/wp-json\/wp\/v2\/tags?post=128576"}],"curies":[{"name":"wp","href":"https:\/\/api.w.org\/{rel}","templated":true}]}}