{"id":128759,"date":"2024-04-05T12:02:06","date_gmt":"2024-04-05T15:02:06","guid":{"rendered":"https:\/\/www.r2cpress.com.br\/v1\/?p=128759"},"modified":"2024-04-05T12:02:06","modified_gmt":"2024-04-05T15:02:06","slug":"fieb-abre-inscricoes-para-3o-ciclo-de-formacao-de-jovens-liderancas-da-industria","status":"publish","type":"post","link":"https:\/\/www.r2cpress.com.br\/v1\/2024\/04\/05\/fieb-abre-inscricoes-para-3o-ciclo-de-formacao-de-jovens-liderancas-da-industria\/","title":{"rendered":"FIEB ABRE INSCRI\u00c7\u00d5ES PARA 3\u00ba CICLO DE FORMA\u00c7\u00c3O DE JOVENS LIDERAN\u00c7AS DA IND\u00daSTRIA"},"content":{"rendered":"<p style=\"font-weight: 400;\"><a href=\"https:\/\/www.r2cpress.com.br\/v1\/wp-content\/uploads\/2023\/07\/Screenshot_2023-07-21-19-38-22-277_com.google.android.googlequicksearchbox-edit.jpg\"><img loading=\"lazy\" class=\"aligncenter size-medium wp-image-127548\" src=\"https:\/\/www.r2cpress.com.br\/v1\/wp-content\/uploads\/2023\/07\/Screenshot_2023-07-21-19-38-22-277_com.google.android.googlequicksearchbox-edit-300x153.jpg\" alt=\"\" width=\"300\" height=\"153\" srcset=\"https:\/\/www.r2cpress.com.br\/v1\/wp-content\/uploads\/2023\/07\/Screenshot_2023-07-21-19-38-22-277_com.google.android.googlequicksearchbox-edit-300x153.jpg 300w, https:\/\/www.r2cpress.com.br\/v1\/wp-content\/uploads\/2023\/07\/Screenshot_2023-07-21-19-38-22-277_com.google.android.googlequicksearchbox-edit.jpg 600w\" sizes=\"(max-width: 300px) 100vw, 300px\" \/><\/a>Com o objetivo de fomentar o desenvolvimento de novos l\u00edderes para a ind\u00fastria, a Federa\u00e7\u00e3o das Ind\u00fastrias do Estado da Bahia (FIEB) est\u00e1 com inscri\u00e7\u00f5es abertas para o\u00a0<em>III Ciclo de Forma\u00e7\u00e3o de Jovens Lideran\u00e7as da Ind\u00fastria<\/em>. A iniciativa \u00e9 da FIEB, por meio da Ger\u00eancia de Rela\u00e7\u00f5es Sindicais e do Conselho FIEB Jovem, em parceria com o Sebrae-BA.<\/p>\n<p style=\"font-weight: 400;\">Para participar da iniciativa, que j\u00e1 capacitou mais de 100 jovens empres\u00e1rios da ind\u00fastria e vem contribuindo para o desenvolvimento de iniciativas inovadoras de gest\u00e3o, basta clicar neste link <a href=\"https:\/\/pt.surveymonkey.com\/r\/FN3B6M8\" data-linkindex=\"0\">https:\/\/pt.surveymonkey.com\/r\/FN3B6M8<\/a>. Na sequ\u00eancia os organizadores da forma\u00e7\u00e3o entrar\u00e3o em contato. As vagas s\u00e3o limitadas, e a aula inaugural do\u00a0<em>III Ciclo de Forma\u00e7\u00e3o de Jovens Lideran\u00e7as da Ind\u00fastria<\/em>\u00a0est\u00e1 programada para ocorrer no dia 23\/04, \u00e0s 17h, na sede da FIEB.<\/p>\n<p style=\"font-weight: 400;\">O Ciclo de Forma\u00e7\u00e3o visa promover a capacita\u00e7\u00e3o de novos l\u00edderes da ind\u00fastria, com foco na constru\u00e7\u00e3o de uma jornada de autoconhecimento como l\u00edder empresarial. A iniciativa inclui a\u00e7\u00f5es voltadas para networking, intera\u00e7\u00e3o, din\u00e2micas e f\u00f3runs de discuss\u00e3o.<!--more--><\/p>\n<p style=\"font-weight: 400;\">Em sua terceira edi\u00e7\u00e3o, o ciclo prev\u00ea 16 encontros, que ocorrer\u00e3o entre abril e dezembro de 2024, com dois encontros mensais, um te\u00f3rico e outro com atividades de intera\u00e7\u00e3o institucional (visitas t\u00e9cnicas, workshops etc.).<\/p>\n<p style=\"font-weight: 400;\">\n<p style=\"font-weight: 400;\">Dentre os temas abordados est\u00e3o Lideran\u00e7a e autoconhecimento, Associativismo e rela\u00e7\u00f5es institucionais, Comunica\u00e7\u00e3o e relacionamento, Gest\u00e3o e produtividade, Criatividade e inova\u00e7\u00e3o, Sociedade 5.0 e ESG, Futurismo e desafios globais, Governan\u00e7a corporativa e familiar.<\/p>\n<p style=\"font-weight: 400;\">\n","protected":false},"excerpt":{"rendered":"<p>Com o objetivo de fomentar o desenvolvimento de novos l\u00edderes para a ind\u00fastria, a Federa\u00e7\u00e3o das Ind\u00fastrias do Estado da Bahia (FIEB) est\u00e1 com inscri\u00e7\u00f5es abertas para o\u00a0III Ciclo de Forma\u00e7\u00e3o de Jovens Lideran\u00e7as da Ind\u00fastria. A iniciativa \u00e9 da FIEB, por meio da Ger\u00eancia de Rela\u00e7\u00f5es Sindicais e do Conselho FIEB Jovem, em parceria [&hellip;]<\/p>\n","protected":false},"author":2,"featured_media":127548,"comment_status":"open","ping_status":"open","sticky":false,"template":"","format":"standard","meta":{"_links_to":"","_links_to_target":""},"categories":[1],"tags":[],"_links":{"self":[{"href":"https:\/\/www.r2cpress.com.br\/v1\/wp-json\/wp\/v2\/posts\/128759"}],"collection":[{"href":"https:\/\/www.r2cpress.com.br\/v1\/wp-json\/wp\/v2\/posts"}],"about":[{"href":"https:\/\/www.r2cpress.com.br\/v1\/wp-json\/wp\/v2\/types\/post"}],"author":[{"embeddable":true,"href":"https:\/\/www.r2cpress.com.br\/v1\/wp-json\/wp\/v2\/users\/2"}],"replies":[{"embeddable":true,"href":"https:\/\/www.r2cpress.com.br\/v1\/wp-json\/wp\/v2\/comments?post=128759"}],"version-history":[{"count":1,"href":"https:\/\/www.r2cpress.com.br\/v1\/wp-json\/wp\/v2\/posts\/128759\/revisions"}],"predecessor-version":[{"id":128760,"href":"https:\/\/www.r2cpress.com.br\/v1\/wp-json\/wp\/v2\/posts\/128759\/revisions\/128760"}],"wp:featuredmedia":[{"embeddable":true,"href":"https:\/\/www.r2cpress.com.br\/v1\/wp-json\/wp\/v2\/media\/127548"}],"wp:attachment":[{"href":"https:\/\/www.r2cpress.com.br\/v1\/wp-json\/wp\/v2\/media?parent=128759"}],"wp:term":[{"taxonomy":"category","embeddable":true,"href":"https:\/\/www.r2cpress.com.br\/v1\/wp-json\/wp\/v2\/categories?post=128759"},{"taxonomy":"post_tag","embeddable":true,"href":"https:\/\/www.r2cpress.com.br\/v1\/wp-json\/wp\/v2\/tags?post=128759"}],"curies":[{"name":"wp","href":"https:\/\/api.w.org\/{rel}","templated":true}]}}