{"id":128941,"date":"2024-05-14T17:23:23","date_gmt":"2024-05-14T20:23:23","guid":{"rendered":"https:\/\/www.r2cpress.com.br\/v1\/?p=128941"},"modified":"2024-05-14T17:23:23","modified_gmt":"2024-05-14T20:23:23","slug":"noticias-da-avep-207","status":"publish","type":"post","link":"https:\/\/www.r2cpress.com.br\/v1\/2024\/05\/14\/noticias-da-avep-207\/","title":{"rendered":"NOT\u00cdCIAS DA AVEP"},"content":{"rendered":"<p><a href=\"https:\/\/www.r2cpress.com.br\/v1\/wp-content\/uploads\/2024\/05\/1-1.jpg\"><img loading=\"lazy\" class=\"aligncenter size-medium wp-image-128942\" src=\"https:\/\/www.r2cpress.com.br\/v1\/wp-content\/uploads\/2024\/05\/1-1-300x88.jpg\" alt=\"\" width=\"300\" height=\"88\" srcset=\"https:\/\/www.r2cpress.com.br\/v1\/wp-content\/uploads\/2024\/05\/1-1-300x88.jpg 300w, https:\/\/www.r2cpress.com.br\/v1\/wp-content\/uploads\/2024\/05\/1-1.jpg 599w\" sizes=\"(max-width: 300px) 100vw, 300px\" \/><\/a><br \/>\n7\u00aa RODADA COM VIT\u00d3RIA DA EQUIPE DO CAP. ELDON DO OFERT\u00c3O<br \/>\nDomingo, dia 5 pela manh\u00e3 a Associa\u00e7\u00e3o dos Veteranos de Esporte Praiano-AVEP, entidade de baba de praia quase centen\u00e1ria de Ilh\u00e9us, cumpriu sua 7\u00aa rodada \u2013do Calend\u00e1rio 2024\u2013 referente a mencionada modalidade esportiva, realizando \u2013em raz\u00e3o da aus\u00eancia de associados\u2013 somente uma partida. No jogo a equipe do Capit\u00e3o Alex de Moises levou uma sacola de gols, ou seja, 5 a 0 para a do Capit\u00e3o Eldon do Ofert\u00e3o. Os gols foram marcado por, Rogerio(3), Crispa da Galera do Fla(1) e Valdimiro(1). Ronivon apitou o baba sem nenhum coment\u00e1rio agravante feito pelo analista de arbitragem sobre o \u00e1rbitro. Como sempre acontece, a rodada foi realizada na praia da Avenida Soares Lopes, local adjacente aos campos de t\u00eanis da Associa\u00e7\u00e3o Ilheense de Beach Tennis \u2013 AIBT. Levaram Cart\u00e3o Amarelo os \u2018disciplinados\u2019 Agnaldo, Isaque e Lu\u00eds Humberto. A rodada foi coordenada, como Diretor do Dia pelo presidente da Avep, Djalma Peludo.<br \/>\nCOMENT\u00c1RIOS<br \/>\nPara o analista de baba e beque-de-espera III avepiano Paulo Gois do Bradesco no baba da 7\u00aa rodada a equipe do Capit\u00e3o Eldon do Ofert\u00e3o foi superior de mont\u00e3o a do Capit\u00e3o Alex de Moises. Segundo o analista o time comandado pelo Cap. Eldon do Ofert\u00e3o \u201c&#8230;teve 20 minutos de jogo avassalador fazendo logo 4 gols, sendo o primeiro aos 36 segundos de jogo por interm\u00e9dio de Crispa da Galera do Fla, ele que vinha parado h\u00e1 quase seis meses&#8230;\u201d; assim mesmo, prossegue o analista \u201c&#8230;<!--more--> Crispa deu um show de bola dentro de campo, bem como fora das quatro linhas, visto ter prometido fazer gol antes da partida, conforme v\u00eddeo gravado pelo pr\u00f3prio atacante de beirada&#8230;\u201d. E continuando relata que seu marcador (o de Crispa) Alvinho beque-de-vigor n\u00e3o suportando a excelente atua\u00e7\u00e3o do atacante de beirada Crispa da Galera do Fla, pediu pinico e saiu nos oito minutos iniciais da contenda\u201d. Noutro t\u00f3pico de seus coment\u00e1rios o analista Paulo Gois do Bradesco ressalta que \u201c&#8230; a vit\u00f3ria do quadro do Cap. Eldon foi merecedora, mas teve a sorte do avante Valdimiro ter entrado em sua equipe, em raz\u00e3o da n\u00e3o presen\u00e7a do beque-de-abafa Prof. Jorge Reis no momento da chamada do baba, o que fortaleceu ainda mais do time do capit\u00e3o vencedor\u201d. Sobre o time comandado por Alex de Moises entendeu o analista que \u201cestava no dia que nada dava certo e que seu jogador Vit\u00e3o n\u00e3o jogou absolutamente nada e mais do que isso, s\u00f3 fazia reclamar com os companheiros de equipe; resultando que todos entraram na onda da reclama\u00e7\u00e3o um com o outro e as conclus\u00f5es das jogadas em busca de um golzinho, ficaram a ver navios\u201d<br \/>\nEntrando em alguns detalhes do baba e das atua\u00e7\u00f5es dos jogadores o analista registrou:<br \/>\n&#8211; \u201cQue Zugaib da Ceplac, como no baba passado, jogou muito bem, inclusive deu um lindo banho de cuia no meia Fabio Alan\u201d<br \/>\n&#8211; \u201cQue o goleiro Rosivaldo salvou seu time, o do Cap. Alex de levar uma goleada hist\u00f3rica\u201d<br \/>\n&#8211; \u201cQue o ne\u00f3fito associado Agnaldo jogou muito bem\u201d<br \/>\n&#8211; \u201cQue no 2\u00ba tempo com a entrada de alguns jogadores que estavam no banco de reserva, o jogo ficou equilibrado, mas j\u00e1 era tarde para o time que estava levando cacete, recuperar o el\u00e1stico placar do 1\u00ba tempo\u201d<br \/>\nE terminando seus registros o analista Paulo Gois fez uma louva\u00e7\u00e3o exalta\u00e7\u00e3o ao associado Crispa da Galera do Fla inserindo o texto:<br \/>\n&#8211; \u201cAten\u00e7\u00e3o: Crispa Gol, segundo informa\u00e7\u00f5es, passou 30 dias no Rio de Janeiro fazendo tratamento para fortalecer os m\u00fasculos e desde j\u00e1, como est\u00e1 bem fininho, manda avisar aos zagueiros avepianos eles se cuidarem, porque ele vem a\u00ed botando pra quebrar com seus dribles desconcertantes\u201d.<br \/>\nO analista apurou por meio de seus auxiliares de reportagem, e registra que \u201co Capit\u00e3o Eldon do Ofert\u00e3o vem perguntando nos grupos de resenha da Avep, quem gostaria de jogar no time dele, e os que querem e n\u00e3o s\u00e3o escolhidos, fazem corpo mole, n\u00e3o jogam nada. E isso prova ser verdade porque, quando jogam de seu lado, os caras s\u00f3 faltam comer a bola, d\u00e3o tudo, soam a camisa\u201d, e conclui que \u201cessa \u00e9 uma das prov\u00e1veis respostas para as vit\u00f3rias \u2013in\u00fameras\u2013 em sequ\u00eancia que as equipes escolhidas por este capit\u00e3o v\u00eam obtendo.\u201d.<a href=\"https:\/\/www.r2cpress.com.br\/v1\/wp-content\/uploads\/2024\/05\/2-2.jpg\"><img loading=\"lazy\" class=\"aligncenter size-medium wp-image-128943\" src=\"https:\/\/www.r2cpress.com.br\/v1\/wp-content\/uploads\/2024\/05\/2-2-300x99.jpg\" alt=\"\" width=\"300\" height=\"99\" srcset=\"https:\/\/www.r2cpress.com.br\/v1\/wp-content\/uploads\/2024\/05\/2-2-300x99.jpg 300w, https:\/\/www.r2cpress.com.br\/v1\/wp-content\/uploads\/2024\/05\/2-2.jpg 599w\" sizes=\"(max-width: 300px) 100vw, 300px\" \/><\/a><\/p>\n<p>NOTAS.<br \/>\nO presidente por aclama\u00e7\u00e3o da Banda Podre, o promoter Zezinho da Baixa Fria, anuncia que o pr\u00f3ximo encontro desta entidade de futebol ser\u00e1 realizado dia 28\/07\/2024 no est\u00e1dio Mario Pessoa com hor\u00e1rio marcado para as 8:00 horas da manh\u00e3. Enfrentar\u00e1 em jogo amistoso de volta a equipe do Clube Recreativo Luznamar da cidade de Canavieiras.<a href=\"https:\/\/www.r2cpress.com.br\/v1\/wp-content\/uploads\/2024\/05\/4-2.jpg\"><img loading=\"lazy\" class=\"aligncenter size-full wp-image-128945\" src=\"https:\/\/www.r2cpress.com.br\/v1\/wp-content\/uploads\/2024\/05\/4-2.jpg\" alt=\"\" width=\"233\" height=\"178\" \/><\/a><br \/>\nO promoter Zezinho tamb\u00e9m observa que no encontro poder\u00e1 haver \u2013conforme andamentos dos acertos com a agremia\u00e7\u00e3o visitante\u2013 dois jogos, e que ser\u00e3o levados em considera\u00e7\u00e3o a idade dos atletas, das duas entidades esportivas:<br \/>\nFaixa mais nova: Times \u2018A\u2019 da Banda Podre e Clube R. Luznamar<br \/>\nFaixa mais velha: Times \u2018B\u2019 da Banda Podre e Clube R. Luznamar<br \/>\nO promoter deixou seu celular \u2018Zap\u2019 73 9 8165 5548<br \/>\nTexto do associado Heckel Janu\u00e1rio. Fotos dos \u201cbabas\u201d de Marconi Almeida, fot\u00f3grafo oficial e diretor de Divulga\u00e7\u00e3o da Avep. O Prof. Jorge Reis \u00e9 o fot\u00f3grafo de momentos et\u00edlicos e secret\u00e1rio-mor desta entidade<\/p>\n<p><a href=\"https:\/\/www.r2cpress.com.br\/v1\/wp-content\/uploads\/2024\/05\/3-2.jpg\"><br \/>\n<img loading=\"lazy\" class=\"aligncenter size-medium wp-image-128944\" src=\"https:\/\/www.r2cpress.com.br\/v1\/wp-content\/uploads\/2024\/05\/3-2-300x119.jpg\" alt=\"\" width=\"300\" height=\"119\" srcset=\"https:\/\/www.r2cpress.com.br\/v1\/wp-content\/uploads\/2024\/05\/3-2-300x119.jpg 300w, https:\/\/www.r2cpress.com.br\/v1\/wp-content\/uploads\/2024\/05\/3-2.jpg 600w\" sizes=\"(max-width: 300px) 100vw, 300px\" \/><\/a><\/p>\n","protected":false},"excerpt":{"rendered":"<p>7\u00aa RODADA COM VIT\u00d3RIA DA EQUIPE DO CAP. ELDON DO OFERT\u00c3O Domingo, dia 5 pela manh\u00e3 a Associa\u00e7\u00e3o dos Veteranos de Esporte Praiano-AVEP, entidade de baba de praia quase centen\u00e1ria de Ilh\u00e9us, cumpriu sua 7\u00aa rodada \u2013do Calend\u00e1rio 2024\u2013 referente a mencionada modalidade esportiva, realizando \u2013em raz\u00e3o da aus\u00eancia de associados\u2013 somente uma partida. No [&hellip;]<\/p>\n","protected":false},"author":2,"featured_media":128942,"comment_status":"open","ping_status":"open","sticky":false,"template":"","format":"standard","meta":{"_links_to":"","_links_to_target":""},"categories":[1],"tags":[],"_links":{"self":[{"href":"https:\/\/www.r2cpress.com.br\/v1\/wp-json\/wp\/v2\/posts\/128941"}],"collection":[{"href":"https:\/\/www.r2cpress.com.br\/v1\/wp-json\/wp\/v2\/posts"}],"about":[{"href":"https:\/\/www.r2cpress.com.br\/v1\/wp-json\/wp\/v2\/types\/post"}],"author":[{"embeddable":true,"href":"https:\/\/www.r2cpress.com.br\/v1\/wp-json\/wp\/v2\/users\/2"}],"replies":[{"embeddable":true,"href":"https:\/\/www.r2cpress.com.br\/v1\/wp-json\/wp\/v2\/comments?post=128941"}],"version-history":[{"count":1,"href":"https:\/\/www.r2cpress.com.br\/v1\/wp-json\/wp\/v2\/posts\/128941\/revisions"}],"predecessor-version":[{"id":128946,"href":"https:\/\/www.r2cpress.com.br\/v1\/wp-json\/wp\/v2\/posts\/128941\/revisions\/128946"}],"wp:featuredmedia":[{"embeddable":true,"href":"https:\/\/www.r2cpress.com.br\/v1\/wp-json\/wp\/v2\/media\/128942"}],"wp:attachment":[{"href":"https:\/\/www.r2cpress.com.br\/v1\/wp-json\/wp\/v2\/media?parent=128941"}],"wp:term":[{"taxonomy":"category","embeddable":true,"href":"https:\/\/www.r2cpress.com.br\/v1\/wp-json\/wp\/v2\/categories?post=128941"},{"taxonomy":"post_tag","embeddable":true,"href":"https:\/\/www.r2cpress.com.br\/v1\/wp-json\/wp\/v2\/tags?post=128941"}],"curies":[{"name":"wp","href":"https:\/\/api.w.org\/{rel}","templated":true}]}}