{"id":128949,"date":"2024-05-14T17:28:00","date_gmt":"2024-05-14T20:28:00","guid":{"rendered":"https:\/\/www.r2cpress.com.br\/v1\/?p=128949"},"modified":"2024-05-14T17:28:00","modified_gmt":"2024-05-14T20:28:00","slug":"ufsb-inaugura-novo-nucleo-pedagogico-em-teixeira-de-freitas-com-a-presenca-do-presidente-ministros-e-governador","status":"publish","type":"post","link":"https:\/\/www.r2cpress.com.br\/v1\/2024\/05\/14\/ufsb-inaugura-novo-nucleo-pedagogico-em-teixeira-de-freitas-com-a-presenca-do-presidente-ministros-e-governador\/","title":{"rendered":"UFSB inaugura novo N\u00facleo Pedag\u00f3gico em Teixeira de Freitas com a presen\u00e7a do presidente, ministros e governador"},"content":{"rendered":"<p><a href=\"https:\/\/www.r2cpress.com.br\/v1\/wp-content\/uploads\/2019\/08\/UFSB-AZUL-HORIZONTAL1.jpg\"><img loading=\"lazy\" class=\"aligncenter size-medium wp-image-120343\" src=\"https:\/\/www.r2cpress.com.br\/v1\/wp-content\/uploads\/2019\/08\/UFSB-AZUL-HORIZONTAL1-300x155.jpg\" alt=\"\" width=\"300\" height=\"155\" srcset=\"https:\/\/www.r2cpress.com.br\/v1\/wp-content\/uploads\/2019\/08\/UFSB-AZUL-HORIZONTAL1-300x155.jpg 300w, https:\/\/www.r2cpress.com.br\/v1\/wp-content\/uploads\/2019\/08\/UFSB-AZUL-HORIZONTAL1.jpg 587w\" sizes=\"(max-width: 300px) 100vw, 300px\" \/><\/a>Nessa sexta-feira, 10 de maio, aconteceu a inaugura\u00e7\u00e3o do N\u00facleo Pedag\u00f3gico do campus Paulo Freire da Universidade Federal do Sul da Bahia. O N\u00facleo Pedag\u00f3gico \u00e9 uma obra que beneficiar\u00e1\u00a04.000 alunos, sediando 12 cursos de gradua\u00e7\u00e3o e 04 cursos de p\u00f3s-gradua\u00e7\u00e3o, em uma \u00e1rea de mais de 9 mil metros quadrados.<\/p>\n<p>Para a inaugura\u00e7\u00e3o, foi realizada uma visita ao novo n\u00facleo para o descerramento da placa com a presen\u00e7a do presidente Luiz In\u00e1cio Lula da Silva, juntamente com a primeira dama, Janja Lula da Silva; dos Ministros da Educa\u00e7\u00e3o, Camilo Santana, da Sa\u00fade, N\u00edsia Trindade, e da Casa Civil, Rui Costa; do Governador da Bahia, Jer\u00f4nimo Rodrigues; da Reitora da UFSB, Joana Ang\u00e9lica Guimar\u00e3es, e do Vice-reitor, Francisco Mesquita; de representantes discente, t\u00e9cnico e docente da institui\u00e7\u00e3o; e de demais autoridades.<\/p>\n<p>Concomitante \u00e0 inaugura\u00e7\u00e3o do n\u00facleo, ocorreu tamb\u00e9m a inaugura\u00e7\u00e3o do Hospital Estadual Costa das Baleias. A cerim\u00f4nia de ambas aconteceu no novo hospital. Em seu discurso, a Reitora\u00a0Joana Ang\u00e9lica Guimar\u00e3es disse os n\u00fameros que representam a UFSB at\u00e9 o momento: 6 mil alunos distribu\u00eddos nos 3 campi, 47 cursos de gradua\u00e7\u00e3o e 10 de p\u00f3s-gradua\u00e7\u00e3o a n\u00edvel de mestrado e doutorado. A Reitora tamb\u00e9m pontuou o sistema de cotas da institui\u00e7\u00e3o, que atende a um percentual de 75% das vagas para alunos de escola p\u00fablica, al\u00e9m de ser a primeira universidade a ter cotas para pessoas trans e a primeira a ter cota para pessoas do sistema prisional, contando com 33 alunos que assistem suas aulas de dentro dos pres\u00eddios, dando a essas pessoas a oportunidade de mudan\u00e7a em suas trajet\u00f3rias de vida a partir da educa\u00e7\u00e3o.<!--more--><\/p>\n<p>\u201cPode parecer pouco, se compararmos com outras universidades que j\u00e1 est\u00e3o em atividade h\u00e1 muito mais tempo, mas, para uma universidade que ainda est\u00e1 em plena \u00a0inf\u00e2ncia e que inaugura hoje, neste campus, sua primeira obra definitiva com laborat\u00f3rios e espa\u00e7os adequados para nossa comunidade, \u00e9 um enorme feito, dada as dificuldades que enfrentamos nos \u00faltimos anos. A inaugura\u00e7\u00e3o deste pr\u00e9dio significa a nossa consolida\u00e7\u00e3o na regi\u00e3o. Estamos aqui para ficar\u201c, finalizou a reitora.<\/p>\n<p>J\u00e1 o presidente Lula discursou, entre outros temas, sobre a import\u00e2ncia da educa\u00e7\u00e3o para a liberdade da popula\u00e7\u00e3o. De acordo com ele, quanto mais educa\u00e7\u00e3o a popula\u00e7\u00e3o receber, melhores ser\u00e3o as ofertas de emprego e melhor a qualidade de vida. Relembrou sobre o aumento exponencial da quantidade de institutos federais nos \u00faltimos anos, chegando a quase 800, e de sua meta em aumentar ainda mais.<\/p>\n<p>No evento, ainda foi citado sobre o novo conv\u00eanio entre a UFSB e o novo hospital para que os estudantes de sa\u00fade tenham campos de pr\u00e1tica e haja benef\u00edcios m\u00fatuos entre educa\u00e7\u00e3o, sa\u00fade e popula\u00e7\u00e3o.<\/p>\n<p>Pela manh\u00e3, a Reitora e o Vice-Reitor se reuniram com o Ministro da Educa\u00e7\u00e3o e o Secret\u00e1rio de Educa\u00e7\u00e3o Superior, Alexandre Brasil, para apresentar as novas instala\u00e7\u00f5es do N\u00facleo Pedag\u00f3gico, al\u00e9m de mostrar dados sobre a universidade.<\/p>\n<p>Para a Reitora, o dia de hoje foi um grande avan\u00e7o para os pr\u00f3ximos passos da UFSB \u201cPara que as autoridades, que s\u00e3o respons\u00e1veis pela nossa exist\u00eancia, possam ver de perto o nosso campus, os nossos pr\u00e9dios, e poder, inclusive, nos dar mais apoio para expans\u00e3o em um futuro breve. Tudo isso mostra que n\u00e3o s\u00f3 chegamos, mas tamb\u00e9m que estamos consolidando cada vez mais nossa presen\u00e7a&#8221;, finalizou professora Joana Guimar\u00e3es.<\/p>\n","protected":false},"excerpt":{"rendered":"<p>Nessa sexta-feira, 10 de maio, aconteceu a inaugura\u00e7\u00e3o do N\u00facleo Pedag\u00f3gico do campus Paulo Freire da Universidade Federal do Sul da Bahia. O N\u00facleo Pedag\u00f3gico \u00e9 uma obra que beneficiar\u00e1\u00a04.000 alunos, sediando 12 cursos de gradua\u00e7\u00e3o e 04 cursos de p\u00f3s-gradua\u00e7\u00e3o, em uma \u00e1rea de mais de 9 mil metros quadrados. Para a inaugura\u00e7\u00e3o, foi [&hellip;]<\/p>\n","protected":false},"author":2,"featured_media":120343,"comment_status":"open","ping_status":"open","sticky":false,"template":"","format":"standard","meta":{"_links_to":"","_links_to_target":""},"categories":[1],"tags":[],"_links":{"self":[{"href":"https:\/\/www.r2cpress.com.br\/v1\/wp-json\/wp\/v2\/posts\/128949"}],"collection":[{"href":"https:\/\/www.r2cpress.com.br\/v1\/wp-json\/wp\/v2\/posts"}],"about":[{"href":"https:\/\/www.r2cpress.com.br\/v1\/wp-json\/wp\/v2\/types\/post"}],"author":[{"embeddable":true,"href":"https:\/\/www.r2cpress.com.br\/v1\/wp-json\/wp\/v2\/users\/2"}],"replies":[{"embeddable":true,"href":"https:\/\/www.r2cpress.com.br\/v1\/wp-json\/wp\/v2\/comments?post=128949"}],"version-history":[{"count":1,"href":"https:\/\/www.r2cpress.com.br\/v1\/wp-json\/wp\/v2\/posts\/128949\/revisions"}],"predecessor-version":[{"id":128950,"href":"https:\/\/www.r2cpress.com.br\/v1\/wp-json\/wp\/v2\/posts\/128949\/revisions\/128950"}],"wp:featuredmedia":[{"embeddable":true,"href":"https:\/\/www.r2cpress.com.br\/v1\/wp-json\/wp\/v2\/media\/120343"}],"wp:attachment":[{"href":"https:\/\/www.r2cpress.com.br\/v1\/wp-json\/wp\/v2\/media?parent=128949"}],"wp:term":[{"taxonomy":"category","embeddable":true,"href":"https:\/\/www.r2cpress.com.br\/v1\/wp-json\/wp\/v2\/categories?post=128949"},{"taxonomy":"post_tag","embeddable":true,"href":"https:\/\/www.r2cpress.com.br\/v1\/wp-json\/wp\/v2\/tags?post=128949"}],"curies":[{"name":"wp","href":"https:\/\/api.w.org\/{rel}","templated":true}]}}