{"id":129225,"date":"2024-07-12T18:53:44","date_gmt":"2024-07-12T21:53:44","guid":{"rendered":"https:\/\/www.r2cpress.com.br\/v1\/?p=129225"},"modified":"2024-07-12T18:53:44","modified_gmt":"2024-07-12T21:53:44","slug":"do-fundo-do-bau-de-jose-leite-579","status":"publish","type":"post","link":"https:\/\/www.r2cpress.com.br\/v1\/2024\/07\/12\/do-fundo-do-bau-de-jose-leite-579\/","title":{"rendered":"DO FUNDO DO BA\u00da DE JOS\u00c9 LEITE"},"content":{"rendered":"<p><a href=\"https:\/\/www.r2cpress.com.br\/v1\/wp-content\/uploads\/2022\/02\/bau-1-300x214-2.jpg\"><img loading=\"lazy\" class=\"aligncenter size-full wp-image-125387\" src=\"https:\/\/www.r2cpress.com.br\/v1\/wp-content\/uploads\/2022\/02\/bau-1-300x214-2.jpg\" alt=\"\" width=\"300\" height=\"214\" \/><\/a><\/p>\n<p style=\"text-align: center;\"><strong>1) 64 ANOS DE JOS\u00c9 LEITE EM ILH\u00c9US.<\/strong><br \/>\n<strong>2) AGORA SIM, UM BONITO AEROPORTO!<\/strong><br \/>\n<strong>3) AMIGOS QUE A GENTE GOSTA.<\/strong><br \/>\n<strong>4) 3\u00ba ILH\u00c9US MOTO PRAIA, JOS\u00c9 LEITE ESTAVA L\u00c1!<\/strong><br \/>\n<strong>5) AS FOTOS DESTAQUES DA SEMANA.<\/strong><!--more--><\/p>\n<p style=\"text-align: center;\"><strong>1) 64 ANOS DE JOS\u00c9 LEITE EM ILH\u00c9US.<a href=\"https:\/\/www.r2cpress.com.br\/v1\/wp-content\/uploads\/2024\/06\/1-1-1.jpg\"><img loading=\"lazy\" class=\"aligncenter size-medium wp-image-129155\" src=\"https:\/\/www.r2cpress.com.br\/v1\/wp-content\/uploads\/2024\/06\/1-1-1-300x136.jpg\" alt=\"\" width=\"300\" height=\"136\" srcset=\"https:\/\/www.r2cpress.com.br\/v1\/wp-content\/uploads\/2024\/06\/1-1-1-300x136.jpg 300w, https:\/\/www.r2cpress.com.br\/v1\/wp-content\/uploads\/2024\/06\/1-1-1.jpg 600w\" sizes=\"(max-width: 300px) 100vw, 300px\" \/><\/a><\/strong><\/p>\n<p>Meus amigos de ILH\u00c9US, JUAZEIRO DO NORTE e de todo o BRASIL, gra\u00e7as ao meu BOM DEUS e ao PADRE C\u00cdCERO DO JUAZEIRO e S\u00c3O JORGE DOS ILH\u00c9US, conseguimos chegar em 2024 com SA\u00daDE. Essa coluna \u00e9 a vig\u00e9sima oitava desse ANO. Vamos pedir a DEUS que tenhamos um ano de muita sa\u00fade para todos n\u00f3s, o resto, com ajuda do TODO PODEROSO, vamos conseguir.<a href=\"https:\/\/www.r2cpress.com.br\/v1\/wp-content\/uploads\/2024\/07\/2-5.jpg\"><img loading=\"lazy\" class=\"aligncenter size-medium wp-image-129226\" src=\"https:\/\/www.r2cpress.com.br\/v1\/wp-content\/uploads\/2024\/07\/2-5-220x300.jpg\" alt=\"\" width=\"220\" height=\"300\" srcset=\"https:\/\/www.r2cpress.com.br\/v1\/wp-content\/uploads\/2024\/07\/2-5-220x300.jpg 220w, https:\/\/www.r2cpress.com.br\/v1\/wp-content\/uploads\/2024\/07\/2-5.jpg 440w\" sizes=\"(max-width: 220px) 100vw, 220px\" \/><\/a><\/p>\n<p style=\"text-align: center;\">Corria o ano de 1936, o BRASIL e o mundo nem sonhavam num futuro onde a INTERNET iria dominar. A Comunica\u00e7\u00e3o, as Not\u00edcias eram atrav\u00e9s das R\u00e1dios e dos Jornais. Na foto acima, a Capa de um ALMANAQUE que breve seria lan\u00e7ado. JOS\u00c9 LEITE nasceu anos depois, mas gostaria de ler esse Almanaque. Pense num homem saudosista! Clique na foto para ampliar.<br \/>\n<strong>2) AGORA SIM, UM BONITO AEROPORTO!<\/strong><\/p>\n<p>A Reforma do AEROPORTO DE ILH\u00c9US demorou mais do que o esperado, foram quase 5 anos. Finalmente chegou ao fim. N\u00e3o, quase ao fim. Porque precisa aumentar o espa\u00e7o do P\u00e1tio para mais uma Aeronave Estacionar.<a href=\"https:\/\/www.r2cpress.com.br\/v1\/wp-content\/uploads\/2024\/07\/3-5.jpg\"><img loading=\"lazy\" class=\"aligncenter size-medium wp-image-129227\" src=\"https:\/\/www.r2cpress.com.br\/v1\/wp-content\/uploads\/2024\/07\/3-5-300x153.jpg\" alt=\"\" width=\"300\" height=\"153\" srcset=\"https:\/\/www.r2cpress.com.br\/v1\/wp-content\/uploads\/2024\/07\/3-5-300x153.jpg 300w, https:\/\/www.r2cpress.com.br\/v1\/wp-content\/uploads\/2024\/07\/3-5.jpg 600w\" sizes=\"(max-width: 300px) 100vw, 300px\" \/><\/a><\/p>\n<p>1\u00aa Foto: Nova Fachada do AEROPORTO DE ILH\u00c9US.<br \/>\n2\u00aa Foto: Entrada para os Novos Guich\u00eas.<br \/>\nClique na foto para ampliar.<a href=\"https:\/\/www.r2cpress.com.br\/v1\/wp-content\/uploads\/2024\/07\/4-6.jpg\"><img loading=\"lazy\" class=\"aligncenter size-medium wp-image-129228\" src=\"https:\/\/www.r2cpress.com.br\/v1\/wp-content\/uploads\/2024\/07\/4-6-300x167.jpg\" alt=\"\" width=\"300\" height=\"167\" srcset=\"https:\/\/www.r2cpress.com.br\/v1\/wp-content\/uploads\/2024\/07\/4-6-300x167.jpg 300w, https:\/\/www.r2cpress.com.br\/v1\/wp-content\/uploads\/2024\/07\/4-6.jpg 600w\" sizes=\"(max-width: 300px) 100vw, 300px\" \/><\/a><\/p>\n<p>1\u00aa Foto: Escada Rolante para o Espa\u00e7o Superior.<br \/>\n2\u00aa Foto: Sal\u00e3o Superior.<br \/>\nClique na foto para ampliar.<a href=\"https:\/\/www.r2cpress.com.br\/v1\/wp-content\/uploads\/2024\/07\/5-5.jpg\"><img loading=\"lazy\" class=\"aligncenter size-medium wp-image-129229\" src=\"https:\/\/www.r2cpress.com.br\/v1\/wp-content\/uploads\/2024\/07\/5-5-300x154.jpg\" alt=\"\" width=\"300\" height=\"154\" srcset=\"https:\/\/www.r2cpress.com.br\/v1\/wp-content\/uploads\/2024\/07\/5-5-300x154.jpg 300w, https:\/\/www.r2cpress.com.br\/v1\/wp-content\/uploads\/2024\/07\/5-5.jpg 600w\" sizes=\"(max-width: 300px) 100vw, 300px\" \/><\/a><\/p>\n<p>1\u00aa Foto: Vista do Sal\u00e3o Superior.<br \/>\n2\u00aa Foto: Novo Painel de Voos.<br \/>\nClique na foto para ampliar.<\/p>\n<p style=\"text-align: center;\"><strong>3) AMIGOS QUE A GENTE GOSTA.<a href=\"https:\/\/www.r2cpress.com.br\/v1\/wp-content\/uploads\/2024\/07\/6-5.jpg\"><img loading=\"lazy\" class=\"aligncenter size-medium wp-image-129230\" src=\"https:\/\/www.r2cpress.com.br\/v1\/wp-content\/uploads\/2024\/07\/6-5-219x300.jpg\" alt=\"\" width=\"219\" height=\"300\" srcset=\"https:\/\/www.r2cpress.com.br\/v1\/wp-content\/uploads\/2024\/07\/6-5-219x300.jpg 219w, https:\/\/www.r2cpress.com.br\/v1\/wp-content\/uploads\/2024\/07\/6-5.jpg 438w\" sizes=\"(max-width: 219px) 100vw, 219px\" \/><\/a><\/strong><\/p>\n<p>Um casal de m\u00e9dicos conhecido por todos em ILH\u00c9US, Dr. PAULO JORGE e Dra. ANA CL\u00c9A propriet\u00e1rios do M\u00c9DICO CENTER, est\u00e3o muito felizes! Seu filho, Dr. OSWALDO CARLOS se formou em MEDICINA, e no \u00faltimo s\u00e1bado (06-07-2024) a comemora\u00e7\u00e3o foi muito boa! Parab\u00e9ns para o casal! Clique na foto para ampliar.<a href=\"https:\/\/www.r2cpress.com.br\/v1\/wp-content\/uploads\/2024\/07\/7-5.jpg\"><img loading=\"lazy\" class=\"aligncenter size-medium wp-image-129231\" src=\"https:\/\/www.r2cpress.com.br\/v1\/wp-content\/uploads\/2024\/07\/7-5-300x178.jpg\" alt=\"\" width=\"300\" height=\"178\" srcset=\"https:\/\/www.r2cpress.com.br\/v1\/wp-content\/uploads\/2024\/07\/7-5-300x178.jpg 300w, https:\/\/www.r2cpress.com.br\/v1\/wp-content\/uploads\/2024\/07\/7-5.jpg 600w\" sizes=\"(max-width: 300px) 100vw, 300px\" \/><\/a><\/p>\n<p>1\u00aa Foto: Conjunto ao vivo a tarde inteira.<br \/>\n2\u00aa Foto: Muitos amigos e amigas presentes.<br \/>\nClique na foto para ampliar.<a href=\"https:\/\/www.r2cpress.com.br\/v1\/wp-content\/uploads\/2024\/07\/8-5.jpg\"><img loading=\"lazy\" class=\"aligncenter size-medium wp-image-129232\" src=\"https:\/\/www.r2cpress.com.br\/v1\/wp-content\/uploads\/2024\/07\/8-5-300x185.jpg\" alt=\"\" width=\"300\" height=\"185\" srcset=\"https:\/\/www.r2cpress.com.br\/v1\/wp-content\/uploads\/2024\/07\/8-5-300x185.jpg 300w, https:\/\/www.r2cpress.com.br\/v1\/wp-content\/uploads\/2024\/07\/8-5.jpg 600w\" sizes=\"(max-width: 300px) 100vw, 300px\" \/><\/a><\/p>\n<p>Muito Bom! JOS\u00c9 LEITE n\u00e3o poderia perder!<br \/>\nClique na foto para ampliar.<\/p>\n<p style=\"text-align: center;\"><strong>4) 3\u00ba ILH\u00c9US MOTO PRAIA, JOS\u00c9 LEITE ESTAVA L\u00c1.<\/strong><\/p>\n<p>Como estava previsto, aconteceu de 4 a 7 de julho o Grande Evento, 3\u00ba ILH\u00c9US MOTO PRAIA, e foi um Sucesso!<a href=\"https:\/\/www.r2cpress.com.br\/v1\/wp-content\/uploads\/2024\/07\/9-5.jpg\"><img loading=\"lazy\" class=\"aligncenter size-medium wp-image-129233\" src=\"https:\/\/www.r2cpress.com.br\/v1\/wp-content\/uploads\/2024\/07\/9-5-300x200.jpg\" alt=\"\" width=\"300\" height=\"200\" srcset=\"https:\/\/www.r2cpress.com.br\/v1\/wp-content\/uploads\/2024\/07\/9-5-300x200.jpg 300w, https:\/\/www.r2cpress.com.br\/v1\/wp-content\/uploads\/2024\/07\/9-5.jpg 600w\" sizes=\"(max-width: 300px) 100vw, 300px\" \/><\/a><\/p>\n<p>1\u00aa Foto: Como sempre, JOS\u00c9 LEITE estava l\u00e1!<br \/>\n2\u00aa Foto: Shows ao vivo com Cantores de Rock e outras mais.<br \/>\nClique na foto para ampliar.<a href=\"https:\/\/www.r2cpress.com.br\/v1\/wp-content\/uploads\/2024\/07\/10-5.jpg\"><img loading=\"lazy\" class=\"aligncenter size-medium wp-image-129234\" src=\"https:\/\/www.r2cpress.com.br\/v1\/wp-content\/uploads\/2024\/07\/10-5-300x179.jpg\" alt=\"\" width=\"300\" height=\"179\" srcset=\"https:\/\/www.r2cpress.com.br\/v1\/wp-content\/uploads\/2024\/07\/10-5-300x179.jpg 300w, https:\/\/www.r2cpress.com.br\/v1\/wp-content\/uploads\/2024\/07\/10-5.jpg 600w\" sizes=\"(max-width: 300px) 100vw, 300px\" \/><\/a><\/p>\n<p>Motos potentes e Triciclos n\u00e3o faltaram!<br \/>\nClique na foto para ampliar.<\/p>\n<p style=\"text-align: center;\"><strong>5) AS FOTOS DESTAQUES DA SEMANA.<\/strong><\/p>\n<p><a href=\"https:\/\/www.r2cpress.com.br\/v1\/wp-content\/uploads\/2024\/07\/11-4.jpg\"><img loading=\"lazy\" class=\"aligncenter size-medium wp-image-129235\" src=\"https:\/\/www.r2cpress.com.br\/v1\/wp-content\/uploads\/2024\/07\/11-4-300x225.jpg\" alt=\"\" width=\"300\" height=\"225\" srcset=\"https:\/\/www.r2cpress.com.br\/v1\/wp-content\/uploads\/2024\/07\/11-4-300x225.jpg 300w, https:\/\/www.r2cpress.com.br\/v1\/wp-content\/uploads\/2024\/07\/11-4.jpg 600w\" sizes=\"(max-width: 300px) 100vw, 300px\" \/><\/a><br \/>\nO PR\u00c9DIO DA ASSOCIA\u00c7\u00c3O COMERCIAL DE ILH\u00c9US, nesse dia 14 de julho (domingo) completa 90 anos de Constru\u00eddo. Foi o Construtor EM\u00cdLIO ODEBRECHT com o Engenheiro OS\u00d3RIO DE CARVALHO que constru\u00edram, contratados, na \u00e9poca (1932), pelo Presidente da ACI MISAEL TAVARES. Na foto, Fachada do Pr\u00e9dio da ASSOCIA\u00c7\u00c3O COMERCIAL DE ILH\u00c9US. Foto clicada em 11-07-2024. Clique na foto para ampliar.<a href=\"https:\/\/www.r2cpress.com.br\/v1\/wp-content\/uploads\/2024\/07\/12-5.jpg\"><img loading=\"lazy\" class=\"aligncenter size-medium wp-image-129236\" src=\"https:\/\/www.r2cpress.com.br\/v1\/wp-content\/uploads\/2024\/07\/12-5-300x164.jpg\" alt=\"\" width=\"300\" height=\"164\" srcset=\"https:\/\/www.r2cpress.com.br\/v1\/wp-content\/uploads\/2024\/07\/12-5-300x164.jpg 300w, https:\/\/www.r2cpress.com.br\/v1\/wp-content\/uploads\/2024\/07\/12-5.jpg 600w\" sizes=\"(max-width: 300px) 100vw, 300px\" \/><\/a><\/p>\n<p>Parte da Fachada da ACI toda Pichada. Apenas uma LATA DE TINTA dava para \u201cQUEBRAR O GALHO\u201d. Nem isso! Clique na foto para ampliar.<a href=\"https:\/\/www.r2cpress.com.br\/v1\/wp-content\/uploads\/2024\/07\/13-4.jpg\"><img loading=\"lazy\" class=\"aligncenter size-medium wp-image-129237\" src=\"https:\/\/www.r2cpress.com.br\/v1\/wp-content\/uploads\/2024\/07\/13-4-225x300.jpg\" alt=\"\" width=\"225\" height=\"300\" srcset=\"https:\/\/www.r2cpress.com.br\/v1\/wp-content\/uploads\/2024\/07\/13-4-225x300.jpg 225w, https:\/\/www.r2cpress.com.br\/v1\/wp-content\/uploads\/2024\/07\/13-4.jpg 450w\" sizes=\"(max-width: 225px) 100vw, 225px\" \/><\/a><\/p>\n<p>Visita do amigo CARLOS da MEGALENS. Quanto tempo sem te ver! Volte mais vezes amig\u00e3o. Foto: (11-07-2024). Clique na foto para ampliar.<a href=\"https:\/\/www.r2cpress.com.br\/v1\/wp-content\/uploads\/2024\/07\/14-5.jpg\"><img loading=\"lazy\" class=\"aligncenter size-medium wp-image-129238\" src=\"https:\/\/www.r2cpress.com.br\/v1\/wp-content\/uploads\/2024\/07\/14-5-172x300.jpg\" alt=\"\" width=\"172\" height=\"300\" srcset=\"https:\/\/www.r2cpress.com.br\/v1\/wp-content\/uploads\/2024\/07\/14-5-172x300.jpg 172w, https:\/\/www.r2cpress.com.br\/v1\/wp-content\/uploads\/2024\/07\/14-5.jpg 343w\" sizes=\"(max-width: 172px) 100vw, 172px\" \/><\/a><\/p>\n<p>PARAB\u00c9NS para dois ilustres amigos e IRM\u00c3OS MA\u00c7ONS, JOS\u00c9 BALBINO e JOSEVANDRO NASCIMENTO. Clique na foto para ampliar.<a href=\"https:\/\/www.r2cpress.com.br\/v1\/wp-content\/uploads\/2024\/07\/15-5.jpg\"><img loading=\"lazy\" class=\"aligncenter size-medium wp-image-129239\" src=\"https:\/\/www.r2cpress.com.br\/v1\/wp-content\/uploads\/2024\/07\/15-5-280x300.jpg\" alt=\"\" width=\"280\" height=\"300\" srcset=\"https:\/\/www.r2cpress.com.br\/v1\/wp-content\/uploads\/2024\/07\/15-5-280x300.jpg 280w, https:\/\/www.r2cpress.com.br\/v1\/wp-content\/uploads\/2024\/07\/15-5.jpg 559w\" sizes=\"(max-width: 280px) 100vw, 280px\" \/><\/a><\/p>\n<p>Um grande abra\u00e7o para um CASAL de JUAZEIRO DO NORTE que JOS\u00c9 LEITE gosta muito. Dr. PAULO MACHADO e sua esposa CL\u00c1UDIA COELHO. Clique na foto para ampliar.<\/p>\n<p style=\"text-align: center;\"><strong>E NO MAIS&#8230;<a href=\"https:\/\/www.r2cpress.com.br\/v1\/wp-content\/uploads\/2024\/07\/16-5.jpg\"><img loading=\"lazy\" class=\"aligncenter size-medium wp-image-129240\" src=\"https:\/\/www.r2cpress.com.br\/v1\/wp-content\/uploads\/2024\/07\/16-5-231x300.jpg\" alt=\"\" width=\"231\" height=\"300\" srcset=\"https:\/\/www.r2cpress.com.br\/v1\/wp-content\/uploads\/2024\/07\/16-5-231x300.jpg 231w, https:\/\/www.r2cpress.com.br\/v1\/wp-content\/uploads\/2024\/07\/16-5.jpg 461w\" sizes=\"(max-width: 231px) 100vw, 231px\" \/><\/a><\/strong><\/p>\n<p>Um grande abra\u00e7o para dois amigos que JOS\u00c9 LEITE gosta e considera como dois irm\u00e3os. Dr. IDERVAL REGINALDO TEN\u00d3RIO e ALUISIO FILHO. Dois Juazeirenses que orgulha sua terra! Clique na foto para ampliar.<\/p>\n<p style=\"text-align: center;\"><strong>PARA CONFERIR O BA\u00da ANTERIOR CLIQUE <a href=\"https:\/\/www.r2cpress.com.br\/v1\/2024\/07\/05\/do-fundo-do-bau-de-jose-leite-578\/\"><span style=\"color: #ff0000;\">AQUI<\/span><\/a>\u00a0<\/strong><\/p>\n<p>Texto e fotos: Jos\u00e9 Leite de Sousa.<br \/>\njleitesouza@hotmail.com<br \/>\n(73) 3634-3134<\/p>\n<p>&nbsp;<\/p>\n","protected":false},"excerpt":{"rendered":"<p>1) 64 ANOS DE JOS\u00c9 LEITE EM ILH\u00c9US. 2) AGORA SIM, UM BONITO AEROPORTO! 3) AMIGOS QUE A GENTE GOSTA. 4) 3\u00ba ILH\u00c9US MOTO PRAIA, JOS\u00c9 LEITE ESTAVA L\u00c1! 5) AS FOTOS DESTAQUES DA SEMANA.<\/p>\n","protected":false},"author":2,"featured_media":125387,"comment_status":"open","ping_status":"open","sticky":false,"template":"","format":"standard","meta":{"_links_to":"","_links_to_target":""},"categories":[39],"tags":[],"_links":{"self":[{"href":"https:\/\/www.r2cpress.com.br\/v1\/wp-json\/wp\/v2\/posts\/129225"}],"collection":[{"href":"https:\/\/www.r2cpress.com.br\/v1\/wp-json\/wp\/v2\/posts"}],"about":[{"href":"https:\/\/www.r2cpress.com.br\/v1\/wp-json\/wp\/v2\/types\/post"}],"author":[{"embeddable":true,"href":"https:\/\/www.r2cpress.com.br\/v1\/wp-json\/wp\/v2\/users\/2"}],"replies":[{"embeddable":true,"href":"https:\/\/www.r2cpress.com.br\/v1\/wp-json\/wp\/v2\/comments?post=129225"}],"version-history":[{"count":1,"href":"https:\/\/www.r2cpress.com.br\/v1\/wp-json\/wp\/v2\/posts\/129225\/revisions"}],"predecessor-version":[{"id":129241,"href":"https:\/\/www.r2cpress.com.br\/v1\/wp-json\/wp\/v2\/posts\/129225\/revisions\/129241"}],"wp:featuredmedia":[{"embeddable":true,"href":"https:\/\/www.r2cpress.com.br\/v1\/wp-json\/wp\/v2\/media\/125387"}],"wp:attachment":[{"href":"https:\/\/www.r2cpress.com.br\/v1\/wp-json\/wp\/v2\/media?parent=129225"}],"wp:term":[{"taxonomy":"category","embeddable":true,"href":"https:\/\/www.r2cpress.com.br\/v1\/wp-json\/wp\/v2\/categories?post=129225"},{"taxonomy":"post_tag","embeddable":true,"href":"https:\/\/www.r2cpress.com.br\/v1\/wp-json\/wp\/v2\/tags?post=129225"}],"curies":[{"name":"wp","href":"https:\/\/api.w.org\/{rel}","templated":true}]}}