{"id":129250,"date":"2024-07-19T17:35:59","date_gmt":"2024-07-19T20:35:59","guid":{"rendered":"https:\/\/www.r2cpress.com.br\/v1\/?p=129250"},"modified":"2024-07-19T17:35:59","modified_gmt":"2024-07-19T20:35:59","slug":"do-fundo-do-bau-de-jose-leite-580","status":"publish","type":"post","link":"https:\/\/www.r2cpress.com.br\/v1\/2024\/07\/19\/do-fundo-do-bau-de-jose-leite-580\/","title":{"rendered":"DO FUNDO DO BA\u00da DE JOS\u00c9 LEITE."},"content":{"rendered":"<p><a href=\"https:\/\/www.r2cpress.com.br\/v1\/wp-content\/uploads\/2022\/02\/bau-1-300x214-2.jpg\"><img loading=\"lazy\" class=\"aligncenter size-full wp-image-125387\" src=\"https:\/\/www.r2cpress.com.br\/v1\/wp-content\/uploads\/2022\/02\/bau-1-300x214-2.jpg\" alt=\"\" width=\"300\" height=\"214\" \/><\/a><\/p>\n<p style=\"text-align: center;\"><strong>1) 64 ANOS DE JOS\u00c9 LEITE EM ILH\u00c9US.<\/strong><br \/>\n<strong>2) HOMENS QUE FORAM IMPORTANTES NA CIDADE DE ILH\u00c9US.<\/strong><br \/>\n<strong>3) AS FOTOS DESTAQUES DA SEMANA.<\/strong><!--more--><\/p>\n<p style=\"text-align: center;\"><strong>1) 64 ANOS DE JOS\u00c9 LEITE EM ILH\u00c9US.<a href=\"https:\/\/www.r2cpress.com.br\/v1\/wp-content\/uploads\/2024\/06\/1-1-1.jpg\"><img loading=\"lazy\" class=\"aligncenter size-medium wp-image-129155\" src=\"https:\/\/www.r2cpress.com.br\/v1\/wp-content\/uploads\/2024\/06\/1-1-1-300x136.jpg\" alt=\"\" width=\"300\" height=\"136\" srcset=\"https:\/\/www.r2cpress.com.br\/v1\/wp-content\/uploads\/2024\/06\/1-1-1-300x136.jpg 300w, https:\/\/www.r2cpress.com.br\/v1\/wp-content\/uploads\/2024\/06\/1-1-1.jpg 600w\" sizes=\"(max-width: 300px) 100vw, 300px\" \/><\/a><\/strong><\/p>\n<p style=\"text-align: center;\">Meus amigos de ILH\u00c9US, JUAZEIRO DO NORTE e de todo o BRASIL, gra\u00e7as ao meu BOM DEUS e ao PADRE C\u00cdCERO DO JUAZEIRO e S\u00c3O JORGE DOS ILH\u00c9US, conseguimos chegar em 2024 com SA\u00daDE. Essa coluna \u00e9 a vig\u00e9sima nona desse ANO. Vamos pedir a DEUS que tenhamos um ano de muita sa\u00fade para todos n\u00f3s, o resto, com ajuda do TODO PODEROSO, vamos conseguir.<a href=\"https:\/\/www.r2cpress.com.br\/v1\/wp-content\/uploads\/2024\/07\/2-6.jpg\"><img loading=\"lazy\" class=\"aligncenter size-medium wp-image-129251\" src=\"https:\/\/www.r2cpress.com.br\/v1\/wp-content\/uploads\/2024\/07\/2-6-107x300.jpg\" alt=\"\" width=\"107\" height=\"300\" srcset=\"https:\/\/www.r2cpress.com.br\/v1\/wp-content\/uploads\/2024\/07\/2-6-107x300.jpg 107w, https:\/\/www.r2cpress.com.br\/v1\/wp-content\/uploads\/2024\/07\/2-6.jpg 214w\" sizes=\"(max-width: 107px) 100vw, 107px\" \/><\/a><\/p>\n<p>Leia esse texto e veja como a cidade de ILH\u00c9US era no ano de 1958. Quando JOS\u00c9 LEITE chegou a ILH\u00c9US (1960), ainda viveu esse Clima. No centro da cidade tinha esse cheiro gostoso de Chocolate vindo da USINA CACAU INDUSTRIAL.<br \/>\nQUE COISA BOA! Clique na foto para ampliar!<\/p>\n<p style=\"text-align: center;\"><strong>2) HOMENS QUE FORAM IMPORTANTES NA CIDADE DE ILH\u00c9US.<a href=\"https:\/\/www.r2cpress.com.br\/v1\/wp-content\/uploads\/2024\/07\/3-6.jpg\"><img loading=\"lazy\" class=\"aligncenter size-medium wp-image-129252\" src=\"https:\/\/www.r2cpress.com.br\/v1\/wp-content\/uploads\/2024\/07\/3-6-300x187.jpg\" alt=\"\" width=\"300\" height=\"187\" srcset=\"https:\/\/www.r2cpress.com.br\/v1\/wp-content\/uploads\/2024\/07\/3-6-300x187.jpg 300w, https:\/\/www.r2cpress.com.br\/v1\/wp-content\/uploads\/2024\/07\/3-6.jpg 600w\" sizes=\"(max-width: 300px) 100vw, 300px\" \/><\/a><\/strong>1\u00aa Foto: Cel. BAS\u00cdLIO, grande Fazendeiro! Sua Fazenda ficava no ALTO que tem o seu nome.<\/p>\n<p>2\u00aa Foto: HUGO KAUFMAM, o primeiro Industrial de Produtos do CACAU no Sul da BAHIA. Sua primeira USINA foi a CACAU INDUSTRIAL DE ILH\u00c9US. Clique na foto para ampliar.<a href=\"https:\/\/www.r2cpress.com.br\/v1\/wp-content\/uploads\/2024\/07\/4-7.jpg\"><img loading=\"lazy\" class=\"aligncenter size-medium wp-image-129253\" src=\"https:\/\/www.r2cpress.com.br\/v1\/wp-content\/uploads\/2024\/07\/4-7-300x236.jpg\" alt=\"\" width=\"300\" height=\"236\" srcset=\"https:\/\/www.r2cpress.com.br\/v1\/wp-content\/uploads\/2024\/07\/4-7-300x236.jpg 300w, https:\/\/www.r2cpress.com.br\/v1\/wp-content\/uploads\/2024\/07\/4-7.jpg 600w\" sizes=\"(max-width: 300px) 100vw, 300px\" \/><\/a><\/p>\n<p>1\u00aa Foto: SARGENTO AMARO, Instrutor do TIRO DE GUERRA DE ILH\u00c9US, muito lembrado pela sua r\u00edgida Disciplina.<br \/>\n2\u00aa Foto: RUBENS CORREA, Rep\u00f3rter fotogr\u00e1fico, foi incompreendido por poucos e admirado por muitos! Clique na foto para ampliar.<a href=\"https:\/\/www.r2cpress.com.br\/v1\/wp-content\/uploads\/2024\/07\/5-6.jpg\"><img loading=\"lazy\" class=\"aligncenter size-medium wp-image-129254\" src=\"https:\/\/www.r2cpress.com.br\/v1\/wp-content\/uploads\/2024\/07\/5-6-300x184.jpg\" alt=\"\" width=\"300\" height=\"184\" srcset=\"https:\/\/www.r2cpress.com.br\/v1\/wp-content\/uploads\/2024\/07\/5-6-300x184.jpg 300w, https:\/\/www.r2cpress.com.br\/v1\/wp-content\/uploads\/2024\/07\/5-6.jpg 600w\" sizes=\"(max-width: 300px) 100vw, 300px\" \/><\/a><\/p>\n<p>1\u00aa Foto: EVALDO TABAJARA, Radialista e Rep\u00f3rter Policial, tinha um programa Campe\u00e3o de Audi\u00eancia na d\u00e9cada de 1970.<\/p>\n<p>2\u00aa Foto: OSMAR FALC\u00c3O tinha um Posto de Combust\u00edvel na Avenida Itabuna (POSTO ITA\u00cdPE), muito conhecido! Clique na foto para ampliar.<\/p>\n<p style=\"text-align: center;\"><strong>3) AS FOTOS DESTAQUES DA SEMANA.<a href=\"https:\/\/www.r2cpress.com.br\/v1\/wp-content\/uploads\/2024\/07\/6-6.jpg\"><img loading=\"lazy\" class=\"aligncenter size-medium wp-image-129255\" src=\"https:\/\/www.r2cpress.com.br\/v1\/wp-content\/uploads\/2024\/07\/6-6-300x223.jpg\" alt=\"\" width=\"300\" height=\"223\" srcset=\"https:\/\/www.r2cpress.com.br\/v1\/wp-content\/uploads\/2024\/07\/6-6-300x223.jpg 300w, https:\/\/www.r2cpress.com.br\/v1\/wp-content\/uploads\/2024\/07\/6-6.jpg 599w\" sizes=\"(max-width: 300px) 100vw, 300px\" \/><\/a><\/strong><\/p>\n<p>COMO \u00c9 BOM RECEBER AMIGOS!<br \/>\nNessa ter\u00e7a-feira (16-07-2024) JOS\u00c9 LEITE recebeu a visita de 3 amigos. Da esquerda para direita: RICARDO, DESMONTIER, JOS\u00c9 LEITE e CLEBER.<br \/>\nClique na foto para ampliar.<a href=\"https:\/\/www.r2cpress.com.br\/v1\/wp-content\/uploads\/2024\/07\/7-6.jpg\"><img loading=\"lazy\" class=\"aligncenter size-medium wp-image-129256\" src=\"https:\/\/www.r2cpress.com.br\/v1\/wp-content\/uploads\/2024\/07\/7-6-280x300.jpg\" alt=\"\" width=\"280\" height=\"300\" srcset=\"https:\/\/www.r2cpress.com.br\/v1\/wp-content\/uploads\/2024\/07\/7-6-280x300.jpg 280w, https:\/\/www.r2cpress.com.br\/v1\/wp-content\/uploads\/2024\/07\/7-6.jpg 560w\" sizes=\"(max-width: 280px) 100vw, 280px\" \/><\/a><\/p>\n<p>Meu amigo MARCO MAROM (centro) recebendo o CARRO do Sorteio da CDL de ILH\u00c9US na Promo\u00e7\u00e3o do DIA DOS NAMORADOS E FESTAS JUNINAS. Na foto, aparecem tamb\u00e9m JOS\u00c9 LEITE e o Presidente da CDL, ANSELMO CLEMENT. Foto: 15-07-2024.<a href=\"https:\/\/www.r2cpress.com.br\/v1\/wp-content\/uploads\/2024\/07\/8-6.jpg\"><img loading=\"lazy\" class=\"aligncenter size-medium wp-image-129257\" src=\"https:\/\/www.r2cpress.com.br\/v1\/wp-content\/uploads\/2024\/07\/8-6-266x300.jpg\" alt=\"\" width=\"266\" height=\"300\" srcset=\"https:\/\/www.r2cpress.com.br\/v1\/wp-content\/uploads\/2024\/07\/8-6-266x300.jpg 266w, https:\/\/www.r2cpress.com.br\/v1\/wp-content\/uploads\/2024\/07\/8-6.jpg 532w\" sizes=\"(max-width: 266px) 100vw, 266px\" \/><\/a>Tr\u00eas Cearenses que fincaram o P\u00e9 em ILH\u00c9US e nunca mais sa\u00edram.<\/p>\n<p>Da esquerda para direita: BEN\u00cdCIO, LANDIM e JOS\u00c9 LEITE.<br \/>\nClique na foto para ampliar.<a href=\"https:\/\/www.r2cpress.com.br\/v1\/wp-content\/uploads\/2024\/07\/9-6.jpg\"><img loading=\"lazy\" class=\"aligncenter size-medium wp-image-129258\" src=\"https:\/\/www.r2cpress.com.br\/v1\/wp-content\/uploads\/2024\/07\/9-6-230x300.jpg\" alt=\"\" width=\"230\" height=\"300\" srcset=\"https:\/\/www.r2cpress.com.br\/v1\/wp-content\/uploads\/2024\/07\/9-6-230x300.jpg 230w, https:\/\/www.r2cpress.com.br\/v1\/wp-content\/uploads\/2024\/07\/9-6.jpg 460w\" sizes=\"(max-width: 230px) 100vw, 230px\" \/><\/a><\/p>\n<p>AMIGOS QUE A GENTE GOSTA!<br \/>\nWAGNER e o Primo de JOS\u00c9 LEITE, GET\u00daLIO. Os dois morando em BEL\u00c9M DO PAR\u00c1. Clique na foto para ampliar.<a href=\"https:\/\/www.r2cpress.com.br\/v1\/wp-content\/uploads\/2024\/07\/10-6.jpg\"><img loading=\"lazy\" class=\"aligncenter size-medium wp-image-129259\" src=\"https:\/\/www.r2cpress.com.br\/v1\/wp-content\/uploads\/2024\/07\/10-6-300x169.jpg\" alt=\"\" width=\"300\" height=\"169\" srcset=\"https:\/\/www.r2cpress.com.br\/v1\/wp-content\/uploads\/2024\/07\/10-6-300x169.jpg 300w, https:\/\/www.r2cpress.com.br\/v1\/wp-content\/uploads\/2024\/07\/10-6.jpg 600w\" sizes=\"(max-width: 300px) 100vw, 300px\" \/><\/a><\/p>\n<p>Todas familiares de JOS\u00c9 LEITE, morando em TEREZINA-PIAU\u00cd. As duas Irm\u00e3s, SOCORRO e GERALITA (NEN\u00c9) junto com as Filhas e Netas. Foto: Julho\/2024.<br \/>\nClique na foto para ampliar.<a href=\"https:\/\/www.r2cpress.com.br\/v1\/wp-content\/uploads\/2024\/07\/11-5.jpg\"><img loading=\"lazy\" class=\"aligncenter size-medium wp-image-129260\" src=\"https:\/\/www.r2cpress.com.br\/v1\/wp-content\/uploads\/2024\/07\/11-5-251x300.jpg\" alt=\"\" width=\"251\" height=\"300\" srcset=\"https:\/\/www.r2cpress.com.br\/v1\/wp-content\/uploads\/2024\/07\/11-5-251x300.jpg 251w, https:\/\/www.r2cpress.com.br\/v1\/wp-content\/uploads\/2024\/07\/11-5.jpg 501w\" sizes=\"(max-width: 251px) 100vw, 251px\" \/><\/a><\/p>\n<p>Grande abra\u00e7o para DONA DALVA GILA PIEDADE, antiga moradora do OUTEIRO S\u00c3O SEBASTI\u00c3O que na \u00faltima semana comemorou 97 anos. Na foto: JOS\u00c9 LEITE e DONA DALVA. Clique na foto para ampliar<a href=\"https:\/\/www.r2cpress.com.br\/v1\/wp-content\/uploads\/2024\/07\/12-6.jpg\"><img loading=\"lazy\" class=\"aligncenter size-medium wp-image-129261\" src=\"https:\/\/www.r2cpress.com.br\/v1\/wp-content\/uploads\/2024\/07\/12-6-222x300.jpg\" alt=\"\" width=\"222\" height=\"300\" srcset=\"https:\/\/www.r2cpress.com.br\/v1\/wp-content\/uploads\/2024\/07\/12-6-222x300.jpg 222w, https:\/\/www.r2cpress.com.br\/v1\/wp-content\/uploads\/2024\/07\/12-6.jpg 444w\" sizes=\"(max-width: 222px) 100vw, 222px\" \/><\/a>Parab\u00e9ns para o amigo e companheiro Rotariano CARLINHOS SOUTO, atual Presidente do ROTARY CLUBE DE ILH\u00c9US, que tamb\u00e9m foi visitar o Novo AEROPORTO DE ILH\u00c9US com sua Fam\u00edlia.<\/p>\n<p>Clique na foto para ampliar.<\/p>\n<p style=\"text-align: center;\">\n<strong>E NO MAIS&#8230;<a href=\"https:\/\/www.r2cpress.com.br\/v1\/wp-content\/uploads\/2024\/07\/13-5.jpg\"><img loading=\"lazy\" class=\"aligncenter size-medium wp-image-129262\" src=\"https:\/\/www.r2cpress.com.br\/v1\/wp-content\/uploads\/2024\/07\/13-5-264x300.jpg\" alt=\"\" width=\"264\" height=\"300\" srcset=\"https:\/\/www.r2cpress.com.br\/v1\/wp-content\/uploads\/2024\/07\/13-5-264x300.jpg 264w, https:\/\/www.r2cpress.com.br\/v1\/wp-content\/uploads\/2024\/07\/13-5.jpg 528w\" sizes=\"(max-width: 264px) 100vw, 264px\" \/><\/a><\/strong><\/p>\n<p>Quando meus amigos verem essa foto de JOS\u00c9 LEITE, ele vai estar em JUAZEIRO DO NORTE acompanhado de 30 Ilheenses que viajaram no \u00faltimo dia 18-07-2024 para conhecerem a Regi\u00e3o do CARIRI, com prioridade para 3 cidades: JUAZEIRO DO NORTE, CRATO e BARBALHA. Um abra\u00e7o a todos!<br \/>\nClique na foto para ampliar.<\/p>\n<p style=\"text-align: center;\"><strong>PARA CONFERIR O BAU ANTERIOR CLIQUE <a href=\"https:\/\/www.r2cpress.com.br\/v1\/2024\/07\/12\/do-fundo-do-bau-de-jose-leite-579\/\"><span style=\"color: #ff0000;\">AQUI<\/span><\/a><\/strong><\/p>\n<p>Texto e fotos: Jos\u00e9 Leite de Sousa.<br \/>\njleitesouza@hotmail.com<br \/>\n(73) 3634-3134.<\/p>\n","protected":false},"excerpt":{"rendered":"<p>1) 64 ANOS DE JOS\u00c9 LEITE EM ILH\u00c9US. 2) HOMENS QUE FORAM IMPORTANTES NA CIDADE DE ILH\u00c9US. 3) AS FOTOS DESTAQUES DA SEMANA.<\/p>\n","protected":false},"author":2,"featured_media":125387,"comment_status":"open","ping_status":"open","sticky":false,"template":"","format":"standard","meta":{"_links_to":"","_links_to_target":""},"categories":[39],"tags":[],"_links":{"self":[{"href":"https:\/\/www.r2cpress.com.br\/v1\/wp-json\/wp\/v2\/posts\/129250"}],"collection":[{"href":"https:\/\/www.r2cpress.com.br\/v1\/wp-json\/wp\/v2\/posts"}],"about":[{"href":"https:\/\/www.r2cpress.com.br\/v1\/wp-json\/wp\/v2\/types\/post"}],"author":[{"embeddable":true,"href":"https:\/\/www.r2cpress.com.br\/v1\/wp-json\/wp\/v2\/users\/2"}],"replies":[{"embeddable":true,"href":"https:\/\/www.r2cpress.com.br\/v1\/wp-json\/wp\/v2\/comments?post=129250"}],"version-history":[{"count":1,"href":"https:\/\/www.r2cpress.com.br\/v1\/wp-json\/wp\/v2\/posts\/129250\/revisions"}],"predecessor-version":[{"id":129263,"href":"https:\/\/www.r2cpress.com.br\/v1\/wp-json\/wp\/v2\/posts\/129250\/revisions\/129263"}],"wp:featuredmedia":[{"embeddable":true,"href":"https:\/\/www.r2cpress.com.br\/v1\/wp-json\/wp\/v2\/media\/125387"}],"wp:attachment":[{"href":"https:\/\/www.r2cpress.com.br\/v1\/wp-json\/wp\/v2\/media?parent=129250"}],"wp:term":[{"taxonomy":"category","embeddable":true,"href":"https:\/\/www.r2cpress.com.br\/v1\/wp-json\/wp\/v2\/categories?post=129250"},{"taxonomy":"post_tag","embeddable":true,"href":"https:\/\/www.r2cpress.com.br\/v1\/wp-json\/wp\/v2\/tags?post=129250"}],"curies":[{"name":"wp","href":"https:\/\/api.w.org\/{rel}","templated":true}]}}