{"id":130433,"date":"2025-04-18T22:48:13","date_gmt":"2025-04-19T01:48:13","guid":{"rendered":"https:\/\/www.r2cpress.com.br\/v1\/?p=130433"},"modified":"2025-04-18T22:48:13","modified_gmt":"2025-04-19T01:48:13","slug":"do-fundo-do-bau-de-jose-leite-615","status":"publish","type":"post","link":"https:\/\/www.r2cpress.com.br\/v1\/2025\/04\/18\/do-fundo-do-bau-de-jose-leite-615\/","title":{"rendered":"DO FUNDO DO BA\u00da DE JOS\u00c9 LEITE."},"content":{"rendered":"<p><a href=\"https:\/\/www.r2cpress.com.br\/v1\/wp-content\/uploads\/2022\/02\/bau-1-300x214-2.jpg\"><img loading=\"lazy\" class=\"aligncenter size-full wp-image-125387\" src=\"https:\/\/www.r2cpress.com.br\/v1\/wp-content\/uploads\/2022\/02\/bau-1-300x214-2.jpg\" alt=\"\" width=\"300\" height=\"214\" \/><\/a><\/p>\n<p style=\"text-align: center;\"><strong>1) 65 ANOS DE JOS\u00c9 LEITE EM ILH\u00c9US. <\/strong><\/p>\n<p style=\"text-align: center;\"><strong>2) HOMENS QUE DEIXARAM SAUDADES EM JUAZEIRO DO NORTE. <\/strong><\/p>\n<p style=\"text-align: center;\"><strong>3) AS FOTOS DESTAQUES DA SEMANA. <\/strong><!--more--><\/p>\n<p style=\"text-align: center;\"><strong>1) 65 ANOS DE JOS\u00c9 LEITE EM ILH\u00c9US.<a href=\"https:\/\/www.r2cpress.com.br\/v1\/wp-content\/uploads\/2025\/04\/1-1.jpg\"><img loading=\"lazy\" class=\"aligncenter size-medium wp-image-130434\" src=\"https:\/\/www.r2cpress.com.br\/v1\/wp-content\/uploads\/2025\/04\/1-1-300x136.jpg\" alt=\"\" width=\"300\" height=\"136\" srcset=\"https:\/\/www.r2cpress.com.br\/v1\/wp-content\/uploads\/2025\/04\/1-1-300x136.jpg 300w, https:\/\/www.r2cpress.com.br\/v1\/wp-content\/uploads\/2025\/04\/1-1.jpg 600w\" sizes=\"(max-width: 300px) 100vw, 300px\" \/><\/a> <\/strong><\/p>\n<p>Meus amigos de ILH\u00c9US, JUAZEIRO DO NORTE e de todo o BRASIL, gra\u00e7as ao meu BOM DEUS e ao PADRE C\u00cdCERO DO JUAZEIRO e S\u00c3O JORGE DOS ILH\u00c9US, conseguimos chegar em 2025 com SA\u00daDE. Essa coluna \u00e9 a d\u00e9cima sexta desse ano. Vamos pedir a DEUS que tenhamos um ano de muita sa\u00fade para todos n\u00f3s, o resto, com ajuda do TODO PODEROSO, vamos conseguir.<\/p>\n<p style=\"text-align: center;\"><strong>2) HOMENS QUE DEIXARAM SAUDADES EM JUAZEIRO DO NORTE.<a href=\"https:\/\/www.r2cpress.com.br\/v1\/wp-content\/uploads\/2025\/04\/2-1.jpg\"><img loading=\"lazy\" class=\"aligncenter size-medium wp-image-130435\" src=\"https:\/\/www.r2cpress.com.br\/v1\/wp-content\/uploads\/2025\/04\/2-1-300x182.jpg\" alt=\"\" width=\"300\" height=\"182\" srcset=\"https:\/\/www.r2cpress.com.br\/v1\/wp-content\/uploads\/2025\/04\/2-1-300x182.jpg 300w, https:\/\/www.r2cpress.com.br\/v1\/wp-content\/uploads\/2025\/04\/2-1.jpg 600w\" sizes=\"(max-width: 300px) 100vw, 300px\" \/><\/a> <\/strong><\/p>\n<p>PRAXEDES FERREIRA foi um dos nomes consagrados entre figuras populares de JUAZEIRO DO NORTE. Foi um dos grandes Esportistas da TERRA DO PADRE C\u00cdCERO. Clique na foto para ampliar!<a href=\"https:\/\/www.r2cpress.com.br\/v1\/wp-content\/uploads\/2025\/04\/3-1.jpg\"><img loading=\"lazy\" class=\"aligncenter size-medium wp-image-130436\" src=\"https:\/\/www.r2cpress.com.br\/v1\/wp-content\/uploads\/2025\/04\/3-1-223x300.jpg\" alt=\"\" width=\"223\" height=\"300\" srcset=\"https:\/\/www.r2cpress.com.br\/v1\/wp-content\/uploads\/2025\/04\/3-1-223x300.jpg 223w, https:\/\/www.r2cpress.com.br\/v1\/wp-content\/uploads\/2025\/04\/3-1.jpg 408w\" sizes=\"(max-width: 223px) 100vw, 223px\" \/><\/a><\/p>\n<p>Dr. GENEFLIDES MATOS foi um dos M\u00e9dicos mais importantes de JUAZEIRO DO NORTE, falecido em 06-12-1996. Clique na foto para ampliar!<\/p>\n<p style=\"text-align: center;\"><strong>3) AS FOTOS DESTAQUES DA SEMANA.<a href=\"https:\/\/www.r2cpress.com.br\/v1\/wp-content\/uploads\/2025\/04\/4-1.jpg\"><img loading=\"lazy\" class=\"aligncenter size-medium wp-image-130437\" src=\"https:\/\/www.r2cpress.com.br\/v1\/wp-content\/uploads\/2025\/04\/4-1-262x300.jpg\" alt=\"\" width=\"262\" height=\"300\" srcset=\"https:\/\/www.r2cpress.com.br\/v1\/wp-content\/uploads\/2025\/04\/4-1-262x300.jpg 262w, https:\/\/www.r2cpress.com.br\/v1\/wp-content\/uploads\/2025\/04\/4-1.jpg 481w\" sizes=\"(max-width: 262px) 100vw, 262px\" \/><\/a> <\/strong><\/p>\n<p>Os saudosos jogadores do COLO-COLO DE ILH\u00c9US nas d\u00e9cadas de 1960\/1970, VALDO e MALAGUTE. Clique na foto para ampliar!<a href=\"https:\/\/www.r2cpress.com.br\/v1\/wp-content\/uploads\/2025\/04\/5-1.jpg\"><img loading=\"lazy\" class=\"aligncenter size-medium wp-image-130438\" src=\"https:\/\/www.r2cpress.com.br\/v1\/wp-content\/uploads\/2025\/04\/5-1-300x208.jpg\" alt=\"\" width=\"300\" height=\"208\" srcset=\"https:\/\/www.r2cpress.com.br\/v1\/wp-content\/uploads\/2025\/04\/5-1-300x208.jpg 300w, https:\/\/www.r2cpress.com.br\/v1\/wp-content\/uploads\/2025\/04\/5-1.jpg 600w\" sizes=\"(max-width: 300px) 100vw, 300px\" \/><\/a><\/p>\n<p>Confraterniza\u00e7\u00e3o entre os funcion\u00e1rios da ORGANIZA\u00c7\u00c3O JOS\u00c9 LEITE DE SOUZA no HOTEL CACAU D\u2019OURO. Saudades dos saudosos amigos GUTEMBERG e QUIROGA Eletricista, o terceiro do lado esquerdo (camisa branca). Foto: D\u00e9cada de 1990. Clique na foto para ampliar.<a href=\"https:\/\/www.r2cpress.com.br\/v1\/wp-content\/uploads\/2025\/04\/6-1.jpg\"><img loading=\"lazy\" class=\"aligncenter size-medium wp-image-130439\" src=\"https:\/\/www.r2cpress.com.br\/v1\/wp-content\/uploads\/2025\/04\/6-1-300x185.jpg\" alt=\"\" width=\"300\" height=\"185\" srcset=\"https:\/\/www.r2cpress.com.br\/v1\/wp-content\/uploads\/2025\/04\/6-1-300x185.jpg 300w, https:\/\/www.r2cpress.com.br\/v1\/wp-content\/uploads\/2025\/04\/6-1.jpg 600w\" sizes=\"(max-width: 300px) 100vw, 300px\" \/><\/a><\/p>\n<p>PARAB\u00c9NS JOS\u00c9 LEITE DE SOUZA FILHO, PELO SEU ANIVERS\u00c1RIO!!!<\/p>\n<p>Foto: 12-04-2025. (ZEZINHO). Clique na foto para ampliar.<a href=\"https:\/\/www.r2cpress.com.br\/v1\/wp-content\/uploads\/2025\/04\/7-1.jpg\"><img loading=\"lazy\" class=\"aligncenter size-medium wp-image-130440\" src=\"https:\/\/www.r2cpress.com.br\/v1\/wp-content\/uploads\/2025\/04\/7-1-300x196.jpg\" alt=\"\" width=\"300\" height=\"196\" srcset=\"https:\/\/www.r2cpress.com.br\/v1\/wp-content\/uploads\/2025\/04\/7-1-300x196.jpg 300w, https:\/\/www.r2cpress.com.br\/v1\/wp-content\/uploads\/2025\/04\/7-1.jpg 600w\" sizes=\"(max-width: 300px) 100vw, 300px\" \/><\/a><\/p>\n<p>JOS\u00c9 LEITE DE SOUZA FILHO (ZEZINHO) sendo saudado pelo GRUPO RM de ILH\u00c9US. Foto: 12-04-2025. Clique na foto para ampliar.<a href=\"https:\/\/www.r2cpress.com.br\/v1\/wp-content\/uploads\/2025\/04\/8-1.jpg\"><img loading=\"lazy\" class=\"aligncenter size-medium wp-image-130441\" src=\"https:\/\/www.r2cpress.com.br\/v1\/wp-content\/uploads\/2025\/04\/8-1-195x300.jpg\" alt=\"\" width=\"195\" height=\"300\" srcset=\"https:\/\/www.r2cpress.com.br\/v1\/wp-content\/uploads\/2025\/04\/8-1-195x300.jpg 195w, https:\/\/www.r2cpress.com.br\/v1\/wp-content\/uploads\/2025\/04\/8-1.jpg 389w\" sizes=\"(max-width: 195px) 100vw, 195px\" \/><\/a><\/p>\n<p>AMIGOS QUE A GENTE GOSTA!<\/p>\n<p>JOS\u00c9 LEITE e DILSON LIMA (CAFURINGA). Foto: 06-04-2025.<\/p>\n<p>Clique na foto para ampliar.<a href=\"https:\/\/www.r2cpress.com.br\/v1\/wp-content\/uploads\/2025\/04\/9-1.jpg\"><img loading=\"lazy\" class=\"aligncenter size-medium wp-image-130442\" src=\"https:\/\/www.r2cpress.com.br\/v1\/wp-content\/uploads\/2025\/04\/9-1-169x300.jpg\" alt=\"\" width=\"169\" height=\"300\" srcset=\"https:\/\/www.r2cpress.com.br\/v1\/wp-content\/uploads\/2025\/04\/9-1-169x300.jpg 169w, https:\/\/www.r2cpress.com.br\/v1\/wp-content\/uploads\/2025\/04\/9-1.jpg 337w\" sizes=\"(max-width: 169px) 100vw, 169px\" \/><\/a><\/p>\n<p>JOS\u00c9 LEITE agradece ao amigo Escritor HUGO MIRANDA por mais um novo Livro a ser lan\u00e7ado. Foto: 14-04-2025. Clique na foto para ampliar!<a href=\"https:\/\/www.r2cpress.com.br\/v1\/wp-content\/uploads\/2025\/04\/10-1.jpg\"><img loading=\"lazy\" class=\"aligncenter size-medium wp-image-130443\" src=\"https:\/\/www.r2cpress.com.br\/v1\/wp-content\/uploads\/2025\/04\/10-1-300x197.jpg\" alt=\"\" width=\"300\" height=\"197\" srcset=\"https:\/\/www.r2cpress.com.br\/v1\/wp-content\/uploads\/2025\/04\/10-1-300x197.jpg 300w, https:\/\/www.r2cpress.com.br\/v1\/wp-content\/uploads\/2025\/04\/10-1.jpg 600w\" sizes=\"(max-width: 300px) 100vw, 300px\" \/><\/a><\/p>\n<p>1\u00aa Foto: ALEXANDRE da INFO WOLRD (Lan House). Foto: 05-04-2025.<\/p>\n<p>2\u00aa Foto: JOS\u00c9 LEITE DE SOUZA ao lado do P\u00c9 DE CACAU da Rua Rodolfo Vieira. Foto: 05-04-2025. Clique na foto para ampliar.<a href=\"https:\/\/www.r2cpress.com.br\/v1\/wp-content\/uploads\/2025\/04\/11-1.jpg\"><img loading=\"lazy\" class=\"aligncenter size-medium wp-image-130444\" src=\"https:\/\/www.r2cpress.com.br\/v1\/wp-content\/uploads\/2025\/04\/11-1-200x300.jpg\" alt=\"\" width=\"200\" height=\"300\" srcset=\"https:\/\/www.r2cpress.com.br\/v1\/wp-content\/uploads\/2025\/04\/11-1-200x300.jpg 200w, https:\/\/www.r2cpress.com.br\/v1\/wp-content\/uploads\/2025\/04\/11-1.jpg 400w\" sizes=\"(max-width: 200px) 100vw, 200px\" \/><\/a><\/p>\n<p>Inaugura\u00e7\u00e3o do LOJ\u00c3O do PAI MENDON\u00c7A na \u00faltima segunda-feira (14-04-2025). Da esquerda para direita: LUIZ ORLEANS MENDON\u00c7A (Diretor) VANESSA GEDEON (Vice-Prefeita de ILH\u00c9US), JOSEVANDRO NASCIMENTO (Chefe de Cerimonial da Prefeitura) e LUIZ MENDON\u00c7A (Diretor). Foto: 14-04-2025. Clique na foto para ampliar.<a href=\"https:\/\/www.r2cpress.com.br\/v1\/wp-content\/uploads\/2025\/04\/12-1.jpg\"><img loading=\"lazy\" class=\"aligncenter size-medium wp-image-130445\" src=\"https:\/\/www.r2cpress.com.br\/v1\/wp-content\/uploads\/2025\/04\/12-1-300x218.jpg\" alt=\"\" width=\"300\" height=\"218\" srcset=\"https:\/\/www.r2cpress.com.br\/v1\/wp-content\/uploads\/2025\/04\/12-1-300x218.jpg 300w, https:\/\/www.r2cpress.com.br\/v1\/wp-content\/uploads\/2025\/04\/12-1.jpg 600w\" sizes=\"(max-width: 300px) 100vw, 300px\" \/><\/a><\/p>\n<p>AMIGOS QUE A GENTE GOSTA!<\/p>\n<p>O casal de amigos Donos da Cl\u00ednica M\u00c9DICO-CENTER. Dr. PAULO JORGE e Dr\u00aa. ANA CL\u00c9A. Foto: 05-04-2025. Clique na foto para ampliar.<a href=\"https:\/\/www.r2cpress.com.br\/v1\/wp-content\/uploads\/2025\/04\/13-1.jpg\"><img loading=\"lazy\" class=\"aligncenter size-medium wp-image-130446\" src=\"https:\/\/www.r2cpress.com.br\/v1\/wp-content\/uploads\/2025\/04\/13-1-300x181.jpg\" alt=\"\" width=\"300\" height=\"181\" srcset=\"https:\/\/www.r2cpress.com.br\/v1\/wp-content\/uploads\/2025\/04\/13-1-300x181.jpg 300w, https:\/\/www.r2cpress.com.br\/v1\/wp-content\/uploads\/2025\/04\/13-1.jpg 600w\" sizes=\"(max-width: 300px) 100vw, 300px\" \/><\/a><\/p>\n<p>PARA VOC\u00ca QUE VIVE SE QUEIXANDO DO SEU TRABALHO!<\/p>\n<p>Seu LUIZ FRANCISCO passa a tarde no Centro do Com\u00e9rcio de ILH\u00c9US catando Caixas de Papel\u00e3o. Quando termina de arrumar no seu Carrinho, j\u00e1 passa das 21 horas e vai empurrando at\u00e9 a Avenida Ubaitaba para, no outro dia, come\u00e7ar tudo de novo. E n\u00e3o chega a ganhar nem um Sal\u00e1rio M\u00ednimo por m\u00eas. PARAB\u00c9NS SEU LUIZ FRANCISCO. DEUS TE AJUDE! Clique na foto para ampliar.<a href=\"https:\/\/www.r2cpress.com.br\/v1\/wp-content\/uploads\/2025\/04\/14-1.jpg\"><img loading=\"lazy\" class=\"aligncenter size-medium wp-image-130447\" src=\"https:\/\/www.r2cpress.com.br\/v1\/wp-content\/uploads\/2025\/04\/14-1-300x214.jpg\" alt=\"\" width=\"300\" height=\"214\" srcset=\"https:\/\/www.r2cpress.com.br\/v1\/wp-content\/uploads\/2025\/04\/14-1-300x214.jpg 300w, https:\/\/www.r2cpress.com.br\/v1\/wp-content\/uploads\/2025\/04\/14-1.jpg 600w\" sizes=\"(max-width: 300px) 100vw, 300px\" \/><\/a><\/p>\n<p>Nessa SEMANA SANTA (Final de Semana) JOS\u00c9 LEITE estar\u00e1 na TERRA ABEN\u00c7OADA DE JUAZEIRO DO NORTE visitando parentes e amigos, desejando a todos seus amigos de ILH\u00c9US e de outros lugares, UMA FELIZ P\u00c1SCOA!!<\/p>\n<p>Na foto: EST\u00c1TUA DO PADRE C\u00cdCERO, aparecendo a linda cidade de JUAZEIRO DO NORTE e com um bonito texto feito pelo saudoso amigo POPOF.<\/p>\n<p>Clique na foto para ampliar!<\/p>\n<p style=\"text-align: center;\"><strong>E NO MAIS&#8230;<a href=\"https:\/\/www.r2cpress.com.br\/v1\/wp-content\/uploads\/2025\/04\/15-1.jpg\"><img loading=\"lazy\" class=\"aligncenter size-medium wp-image-130448\" src=\"https:\/\/www.r2cpress.com.br\/v1\/wp-content\/uploads\/2025\/04\/15-1-205x300.jpg\" alt=\"\" width=\"205\" height=\"300\" srcset=\"https:\/\/www.r2cpress.com.br\/v1\/wp-content\/uploads\/2025\/04\/15-1-205x300.jpg 205w, https:\/\/www.r2cpress.com.br\/v1\/wp-content\/uploads\/2025\/04\/15-1.jpg 376w\" sizes=\"(max-width: 205px) 100vw, 205px\" \/><\/a> <\/strong><\/p>\n<p>Nesse Final de Semana, JOS\u00c9 LEITE vai comemorar o S\u00e1bado de Aleluia bebendo um VINHO DE ALTA QUALIDADE. VOC\u00ca EST\u00c1 CONVIDADO!<\/p>\n<p style=\"text-align: center;\"><strong>PARA CONFERIR O BA\u00da ANTERIOR CLIQUE <a href=\"https:\/\/www.r2cpress.com.br\/v1\/2025\/04\/11\/do-fundo-do-bau-de-jose-leite-614\/\"><span style=\"color: #ff0000;\">AQUI\u00a0<\/span><\/a><\/strong><\/p>\n<p>Clique na foto para ampliar!<\/p>\n<p>Texto e fotos: Jos\u00e9 Leite de Souza<\/p>\n<p>jleitesouza@hotmail.com<\/p>\n<p>(73) 3634-3134.<\/p>\n","protected":false},"excerpt":{"rendered":"<p>1) 65 ANOS DE JOS\u00c9 LEITE EM ILH\u00c9US. 2) HOMENS QUE DEIXARAM SAUDADES EM JUAZEIRO DO NORTE. 3) AS FOTOS DESTAQUES DA SEMANA.<\/p>\n","protected":false},"author":2,"featured_media":125387,"comment_status":"open","ping_status":"open","sticky":false,"template":"","format":"standard","meta":{"_links_to":"","_links_to_target":""},"categories":[1],"tags":[],"_links":{"self":[{"href":"https:\/\/www.r2cpress.com.br\/v1\/wp-json\/wp\/v2\/posts\/130433"}],"collection":[{"href":"https:\/\/www.r2cpress.com.br\/v1\/wp-json\/wp\/v2\/posts"}],"about":[{"href":"https:\/\/www.r2cpress.com.br\/v1\/wp-json\/wp\/v2\/types\/post"}],"author":[{"embeddable":true,"href":"https:\/\/www.r2cpress.com.br\/v1\/wp-json\/wp\/v2\/users\/2"}],"replies":[{"embeddable":true,"href":"https:\/\/www.r2cpress.com.br\/v1\/wp-json\/wp\/v2\/comments?post=130433"}],"version-history":[{"count":1,"href":"https:\/\/www.r2cpress.com.br\/v1\/wp-json\/wp\/v2\/posts\/130433\/revisions"}],"predecessor-version":[{"id":130451,"href":"https:\/\/www.r2cpress.com.br\/v1\/wp-json\/wp\/v2\/posts\/130433\/revisions\/130451"}],"wp:featuredmedia":[{"embeddable":true,"href":"https:\/\/www.r2cpress.com.br\/v1\/wp-json\/wp\/v2\/media\/125387"}],"wp:attachment":[{"href":"https:\/\/www.r2cpress.com.br\/v1\/wp-json\/wp\/v2\/media?parent=130433"}],"wp:term":[{"taxonomy":"category","embeddable":true,"href":"https:\/\/www.r2cpress.com.br\/v1\/wp-json\/wp\/v2\/categories?post=130433"},{"taxonomy":"post_tag","embeddable":true,"href":"https:\/\/www.r2cpress.com.br\/v1\/wp-json\/wp\/v2\/tags?post=130433"}],"curies":[{"name":"wp","href":"https:\/\/api.w.org\/{rel}","templated":true}]}}