{"id":130485,"date":"2025-05-02T20:04:52","date_gmt":"2025-05-02T23:04:52","guid":{"rendered":"https:\/\/www.r2cpress.com.br\/v1\/?p=130485"},"modified":"2025-05-02T20:04:52","modified_gmt":"2025-05-02T23:04:52","slug":"ufsb-abre-inscricoes-para-processo-seletivo-para-professor-substituto","status":"publish","type":"post","link":"https:\/\/www.r2cpress.com.br\/v1\/2025\/05\/02\/ufsb-abre-inscricoes-para-processo-seletivo-para-professor-substituto\/","title":{"rendered":"UFSB abre inscri\u00e7\u00f5es para Processo Seletivo para Professor Substituto"},"content":{"rendered":"<p><a href=\"https:\/\/www.r2cpress.com.br\/v1\/wp-content\/uploads\/2019\/11\/UFSB-AZUL-HORIZONTAL1.jpg\"><img loading=\"lazy\" class=\"aligncenter size-medium wp-image-121095\" src=\"https:\/\/www.r2cpress.com.br\/v1\/wp-content\/uploads\/2019\/11\/UFSB-AZUL-HORIZONTAL1-300x155.jpg\" alt=\"\" width=\"300\" height=\"155\" srcset=\"https:\/\/www.r2cpress.com.br\/v1\/wp-content\/uploads\/2019\/11\/UFSB-AZUL-HORIZONTAL1-300x155.jpg 300w, https:\/\/www.r2cpress.com.br\/v1\/wp-content\/uploads\/2019\/11\/UFSB-AZUL-HORIZONTAL1.jpg 587w\" sizes=\"(max-width: 300px) 100vw, 300px\" \/><\/a>A Universidade Federal do Sul da Bahia (UFSB) abriu inscri\u00e7\u00f5es para o Processo Seletivo Simplificado para Professor Substituto para a \u00e1rea de Direito, Ci\u00eancias Sociais, Interdisciplinar em Humanidades ou Servi\u00e7o Social. A vaga \u00e9 para a cidade de Teixeira de Freitas.<\/p>\n<p>As inscri\u00e7\u00f5es ser\u00e3o de 29\/04 a 08\/05, atrav\u00e9s do Portal P\u00fablico SIGRH, e tem o valor de R$100,00, sendo poss\u00edvel solicitar a isen\u00e7\u00e3o da taxa. A remunera\u00e7\u00e3o ultrapassa 9 mil reais. O processo Seletivo ocorrer\u00e1 a partir do dia 26 de maio, na cidade de Teixeira de Freitas.<\/p>\n<p>Saiba mais em: Processo Seletivo Simplificado para Contrata\u00e7\u00e3o de Professor Substituto &#8211; Edital 04\/2025<\/p>\n","protected":false},"excerpt":{"rendered":"<p>A Universidade Federal do Sul da Bahia (UFSB) abriu inscri\u00e7\u00f5es para o Processo Seletivo Simplificado para Professor Substituto para a \u00e1rea de Direito, Ci\u00eancias Sociais, Interdisciplinar em Humanidades ou Servi\u00e7o Social. A vaga \u00e9 para a cidade de Teixeira de Freitas. As inscri\u00e7\u00f5es ser\u00e3o de 29\/04 a 08\/05, atrav\u00e9s do Portal P\u00fablico SIGRH, e tem [&hellip;]<\/p>\n","protected":false},"author":2,"featured_media":121095,"comment_status":"open","ping_status":"open","sticky":false,"template":"","format":"standard","meta":{"_links_to":"","_links_to_target":""},"categories":[1],"tags":[],"_links":{"self":[{"href":"https:\/\/www.r2cpress.com.br\/v1\/wp-json\/wp\/v2\/posts\/130485"}],"collection":[{"href":"https:\/\/www.r2cpress.com.br\/v1\/wp-json\/wp\/v2\/posts"}],"about":[{"href":"https:\/\/www.r2cpress.com.br\/v1\/wp-json\/wp\/v2\/types\/post"}],"author":[{"embeddable":true,"href":"https:\/\/www.r2cpress.com.br\/v1\/wp-json\/wp\/v2\/users\/2"}],"replies":[{"embeddable":true,"href":"https:\/\/www.r2cpress.com.br\/v1\/wp-json\/wp\/v2\/comments?post=130485"}],"version-history":[{"count":1,"href":"https:\/\/www.r2cpress.com.br\/v1\/wp-json\/wp\/v2\/posts\/130485\/revisions"}],"predecessor-version":[{"id":130486,"href":"https:\/\/www.r2cpress.com.br\/v1\/wp-json\/wp\/v2\/posts\/130485\/revisions\/130486"}],"wp:featuredmedia":[{"embeddable":true,"href":"https:\/\/www.r2cpress.com.br\/v1\/wp-json\/wp\/v2\/media\/121095"}],"wp:attachment":[{"href":"https:\/\/www.r2cpress.com.br\/v1\/wp-json\/wp\/v2\/media?parent=130485"}],"wp:term":[{"taxonomy":"category","embeddable":true,"href":"https:\/\/www.r2cpress.com.br\/v1\/wp-json\/wp\/v2\/categories?post=130485"},{"taxonomy":"post_tag","embeddable":true,"href":"https:\/\/www.r2cpress.com.br\/v1\/wp-json\/wp\/v2\/tags?post=130485"}],"curies":[{"name":"wp","href":"https:\/\/api.w.org\/{rel}","templated":true}]}}