{"id":130509,"date":"2025-05-09T20:52:41","date_gmt":"2025-05-09T23:52:41","guid":{"rendered":"https:\/\/www.r2cpress.com.br\/v1\/?p=130509"},"modified":"2025-05-09T20:52:41","modified_gmt":"2025-05-09T23:52:41","slug":"censo-busca-mapear-perfil-dos-pacientes-com-doenca-falciforme-na-bahia","status":"publish","type":"post","link":"https:\/\/www.r2cpress.com.br\/v1\/2025\/05\/09\/censo-busca-mapear-perfil-dos-pacientes-com-doenca-falciforme-na-bahia\/","title":{"rendered":"Censo busca mapear perfil dos pacientes com doen\u00e7a falciforme na Bahia"},"content":{"rendered":"<div class=\"elementToProof\"><a href=\"https:\/\/www.r2cpress.com.br\/v1\/wp-content\/uploads\/2025\/05\/1000113032.jpg\"><img loading=\"lazy\" class=\"aligncenter size-medium wp-image-130510\" src=\"https:\/\/www.r2cpress.com.br\/v1\/wp-content\/uploads\/2025\/05\/1000113032-240x300.jpg\" alt=\"\" width=\"240\" height=\"300\" srcset=\"https:\/\/www.r2cpress.com.br\/v1\/wp-content\/uploads\/2025\/05\/1000113032-240x300.jpg 240w, https:\/\/www.r2cpress.com.br\/v1\/wp-content\/uploads\/2025\/05\/1000113032.jpg 600w\" sizes=\"(max-width: 240px) 100vw, 240px\" \/><\/a>O Centro Estadual de Refer\u00eancia \u00e0s Pessoas com Doen\u00e7a Falciforme Rilza Valentim (CERPDFRV\/HEMOBA), juntamente com a Secretaria de Sa\u00fade do Estado (SESAB), realiza o Censo da Doen\u00e7a Falciforme (DF), com o objetivo de mapear o perfil dos pacientes na Bahia, atrav\u00e9s de um question\u00e1rio dispon\u00edvel no site da Funda\u00e7\u00e3o Hemoba (<u><a id=\"OWAd0b0fc78-d08d-7162-7661-06bcf0c77c75\" class=\"OWAAutoLink\" href=\"http:\/\/www.hemoba.ba.gov.br\/\" data-linkindex=\"0\">www.hemoba.ba.gov.br<\/a><\/u>). Realizada desde junho do ano passado, j\u00e1 foram cadastrados 1.144 pacientes de 246 munic\u00edpios do estado. Entre eles, 1.045 est\u00e3o em tratamento, 698 fazem uso de medicamentos, 421 realizam transfus\u00e3o de sangue, 32 possuem pr\u00f3tese e 50 apresentam \u00falceras. Em sua maioria, s\u00e3o pardos (568) e pretos (495), na faixa et\u00e1ria de 25 a 59 anos (439) e foram atendidos no Centro de Refer\u00eancia (493) e APAE Salvador (175).<\/div>\n<div class=\"elementToProof\">A pesquisa tem sido divulgada em todo o estado atrav\u00e9s de outdoor, spot de r\u00e1dio, panfletos, cartazes, cards para redes sociais, v\u00eddeos para internet, banners para sites, entrevistas nas r\u00e1dios e reuni\u00f5es e contatos com parceiros e apoiadores, como o Conselho Estadual dos Secret\u00e1rios Municipais de Sa\u00fade (COSEMS\/BA), a Diretoria de Aten\u00e7\u00e3o B\u00e1sica, com a qual ser\u00e1 realizado um webin\u00e1rio junto ao Telesa\u00fade em Junho\/2025, e os coordenadores dos n\u00facleos regionais de sa\u00fade e os centros de refer\u00eancia municipais e ou regionais. A Bahia \u00e9 o estado que apresenta a maior incid\u00eancia de DF no Brasil, estimada em 1 caso para cada 650 nascimentos, enquanto no pa\u00eds estima-se o nascimento de 700 a 1.000 casos novos anuais.<\/div>\n<p><!--more--><\/p>\n<div class=\"elementToProof\">A DF trata-se de uma doen\u00e7a gen\u00e9tica, heredit\u00e1ria e caracterizada por altera\u00e7\u00f5es nas hem\u00e1cias (gl\u00f3bulos vermelhos) do sangue, que se tornam r\u00edgidos e assumem formato de foice, dificultando a passagem de oxig\u00eanio para c\u00e9rebro, pulm\u00f5es, rins e outros \u00f3rg\u00e3os. \u00c9 uma doen\u00e7a mais comum em indiv\u00edduos da ra\u00e7a negra (pretos e pardos), mas devido \u00e0 intensa miscigena\u00e7\u00e3o historicamente ocorrida no Brasil, pode ser observada tamb\u00e9m em pessoas de ra\u00e7a branca.<\/div>\n<div><\/div>\n","protected":false},"excerpt":{"rendered":"<p>O Centro Estadual de Refer\u00eancia \u00e0s Pessoas com Doen\u00e7a Falciforme Rilza Valentim (CERPDFRV\/HEMOBA), juntamente com a Secretaria de Sa\u00fade do Estado (SESAB), realiza o Censo da Doen\u00e7a Falciforme (DF), com o objetivo de mapear o perfil dos pacientes na Bahia, atrav\u00e9s de um question\u00e1rio dispon\u00edvel no site da Funda\u00e7\u00e3o Hemoba (www.hemoba.ba.gov.br). Realizada desde junho do [&hellip;]<\/p>\n","protected":false},"author":2,"featured_media":130510,"comment_status":"open","ping_status":"open","sticky":false,"template":"","format":"standard","meta":{"_links_to":"","_links_to_target":""},"categories":[1],"tags":[],"_links":{"self":[{"href":"https:\/\/www.r2cpress.com.br\/v1\/wp-json\/wp\/v2\/posts\/130509"}],"collection":[{"href":"https:\/\/www.r2cpress.com.br\/v1\/wp-json\/wp\/v2\/posts"}],"about":[{"href":"https:\/\/www.r2cpress.com.br\/v1\/wp-json\/wp\/v2\/types\/post"}],"author":[{"embeddable":true,"href":"https:\/\/www.r2cpress.com.br\/v1\/wp-json\/wp\/v2\/users\/2"}],"replies":[{"embeddable":true,"href":"https:\/\/www.r2cpress.com.br\/v1\/wp-json\/wp\/v2\/comments?post=130509"}],"version-history":[{"count":1,"href":"https:\/\/www.r2cpress.com.br\/v1\/wp-json\/wp\/v2\/posts\/130509\/revisions"}],"predecessor-version":[{"id":130511,"href":"https:\/\/www.r2cpress.com.br\/v1\/wp-json\/wp\/v2\/posts\/130509\/revisions\/130511"}],"wp:featuredmedia":[{"embeddable":true,"href":"https:\/\/www.r2cpress.com.br\/v1\/wp-json\/wp\/v2\/media\/130510"}],"wp:attachment":[{"href":"https:\/\/www.r2cpress.com.br\/v1\/wp-json\/wp\/v2\/media?parent=130509"}],"wp:term":[{"taxonomy":"category","embeddable":true,"href":"https:\/\/www.r2cpress.com.br\/v1\/wp-json\/wp\/v2\/categories?post=130509"},{"taxonomy":"post_tag","embeddable":true,"href":"https:\/\/www.r2cpress.com.br\/v1\/wp-json\/wp\/v2\/tags?post=130509"}],"curies":[{"name":"wp","href":"https:\/\/api.w.org\/{rel}","templated":true}]}}