{"id":130535,"date":"2025-05-16T15:10:26","date_gmt":"2025-05-16T18:10:26","guid":{"rendered":"https:\/\/www.r2cpress.com.br\/v1\/?p=130535"},"modified":"2025-05-16T15:10:26","modified_gmt":"2025-05-16T18:10:26","slug":"estado-da-bahia-condenado-por-poluicao-do-rio-cachoeira","status":"publish","type":"post","link":"https:\/\/www.r2cpress.com.br\/v1\/2025\/05\/16\/estado-da-bahia-condenado-por-poluicao-do-rio-cachoeira\/","title":{"rendered":"ESTADO DA BAHIA CONDENADO POR POLUI\u00c7\u00c3O DO RIO CACHOEIRA"},"content":{"rendered":"<p><a href=\"https:\/\/www.r2cpress.com.br\/v1\/wp-content\/uploads\/2025\/05\/1000124361.jpg\"><img loading=\"lazy\" class=\"aligncenter size-medium wp-image-130536\" src=\"https:\/\/www.r2cpress.com.br\/v1\/wp-content\/uploads\/2025\/05\/1000124361-222x300.jpg\" alt=\"\" width=\"222\" height=\"300\" srcset=\"https:\/\/www.r2cpress.com.br\/v1\/wp-content\/uploads\/2025\/05\/1000124361-222x300.jpg 222w, https:\/\/www.r2cpress.com.br\/v1\/wp-content\/uploads\/2025\/05\/1000124361.jpg 592w\" sizes=\"(max-width: 222px) 100vw, 222px\" \/><\/a>O Coletivo Preserva Ilh\u00e9us ganha causa em benef\u00edcio do meio ambiente. Numa decis\u00e3o in\u00e9dita na Bahia, o juiz da 2\u00aa Vara da Fazenda P\u00fablica de Itabuna, J\u00falio Gon\u00e7alves da Silva J\u00fanior, deu senten\u00e7a favor\u00e1vel, responsabilizando por danos coletivos: o Munic\u00edpio de Itabuna, o Governo da Bahia e a Companhia de Engenharia Rural, H\u00eddrica e de Saneamento da Bahia. O caso trata do manejo das baronesas, que se acumulam nos pilares das pontes itabunenses e, quando s\u00e3o empurradas por m\u00e1quinas, terminam descendo o rio e poluindo as praias ilheenses.<!--more--><\/p>\n<p>A A\u00e7\u00e3o Civil P\u00fablica do Preserva Ilh\u00e9us, atrav\u00e9s de seus entes, o Instituto Nossa Ilh\u00e9us e do Grupo de Amigos da Praia, iniciada em 2022 pelos advogados Bruno Duarte, Silvana Lins, Maria L\u00edvia Carvalho, que atuaram pro bono nesta causa, sob a lideran\u00e7a de Jurema Cintra e Marta Serafim, advogadas do Preserva Ilh\u00e9us, comprovou os danos ambientais e a incapacidade dos r\u00e9us em manejar as baronesas. Essas plantas s\u00e3o um problema mundial e afetam a regi\u00e3o Grapi\u00fana h\u00e1 anos. Assim, o juiz proibiu que o Munic\u00edpio de Itabuna empurre as macr\u00f3fitas rio abaixo, ordenou que em 90 dias elabore um Plano Municipal de Manejo de Macr\u00f3fitas Aqu\u00e1ticas, fa\u00e7a um manejo emergencial, separando as baronesas, os res\u00edduos s\u00f3lidos inorg\u00e2nicos e d\u00ea a destina\u00e7\u00e3o adequada para a Cooperativa de Reciclagem de Itabuna. A CERB tem o mesmo prazo para elabora\u00e7\u00e3o do Plano de Manejo de Flora Aqu\u00e1tica na Barragem do Rio Col\u00f4nia, para fazer a imediata conten\u00e7\u00e3o e remo\u00e7\u00e3o das macr\u00f3fitas j\u00e1 existentes na barragem e divulga\u00e7\u00e3o semestral de relat\u00f3rio sobre o material removido da barragem e sua destina\u00e7\u00e3o. O Estado da Bahia tem 180 dias para implementar as a\u00e7\u00f5es previstas no Plano Estrat\u00e9gico de Revitaliza\u00e7\u00e3o da Bacia do Rio Cachoeira, exercer efetivamente seu poder de pol\u00edcia ambiental, fiscalizando o lan\u00e7amento de efluentes no rio, prestar apoio t\u00e9cnico e financeiro aos munic\u00edpios da Bacia do Rio Cachoeira para implementa\u00e7\u00e3o de sistemas adequados de tratamento de esgotos e gest\u00e3o de res\u00edduos s\u00f3lidos.<\/p>\n<p>Os tr\u00eas r\u00e9us t\u00eam 120 dias, para elabora\u00e7\u00e3o de Plano Integrado de Gest\u00e3o de Macr\u00f3fitas Aqu\u00e1ticas da Bacia Hidrogr\u00e1fica do Rio Cachoeira, contemplando a\u00e7\u00f5es coordenadas de preven\u00e7\u00e3o, controle e manejo, e est\u00e3o condenados ao pagamento de indeniza\u00e7\u00e3o por danos morais coletivos no valor de R$ 300.000,00 para projetos de recupera\u00e7\u00e3o ambiental da Bacia Hidrogr\u00e1fica do Rio Cachoeira. Tamb\u00e9m foram estabelecidas multas di\u00e1rias pela n\u00e3o execu\u00e7\u00e3o das medidas.<\/p>\n<p>Ainda cabe recurso, mas o Coletivo est\u00e1 otimista, pois a OAB de Itabuna vai se unir ao grupo nesta A\u00e7\u00e3o Civil P\u00fablica e outras institui\u00e7\u00f5es podem fazer o mesmo.<\/p>\n<p>O movimento coletivo e o meio ambiente venceram! O Rio Cachoeira ter\u00e1 direitos garantidos! Fez-se Justi\u00e7a \u00e0 Natureza!<\/p>\n<p>&nbsp;<\/p>\n","protected":false},"excerpt":{"rendered":"<p>O Coletivo Preserva Ilh\u00e9us ganha causa em benef\u00edcio do meio ambiente. Numa decis\u00e3o in\u00e9dita na Bahia, o juiz da 2\u00aa Vara da Fazenda P\u00fablica de Itabuna, J\u00falio Gon\u00e7alves da Silva J\u00fanior, deu senten\u00e7a favor\u00e1vel, responsabilizando por danos coletivos: o Munic\u00edpio de Itabuna, o Governo da Bahia e a Companhia de Engenharia Rural, H\u00eddrica e de [&hellip;]<\/p>\n","protected":false},"author":2,"featured_media":130536,"comment_status":"open","ping_status":"open","sticky":false,"template":"","format":"standard","meta":{"_links_to":"","_links_to_target":""},"categories":[1],"tags":[],"_links":{"self":[{"href":"https:\/\/www.r2cpress.com.br\/v1\/wp-json\/wp\/v2\/posts\/130535"}],"collection":[{"href":"https:\/\/www.r2cpress.com.br\/v1\/wp-json\/wp\/v2\/posts"}],"about":[{"href":"https:\/\/www.r2cpress.com.br\/v1\/wp-json\/wp\/v2\/types\/post"}],"author":[{"embeddable":true,"href":"https:\/\/www.r2cpress.com.br\/v1\/wp-json\/wp\/v2\/users\/2"}],"replies":[{"embeddable":true,"href":"https:\/\/www.r2cpress.com.br\/v1\/wp-json\/wp\/v2\/comments?post=130535"}],"version-history":[{"count":1,"href":"https:\/\/www.r2cpress.com.br\/v1\/wp-json\/wp\/v2\/posts\/130535\/revisions"}],"predecessor-version":[{"id":130537,"href":"https:\/\/www.r2cpress.com.br\/v1\/wp-json\/wp\/v2\/posts\/130535\/revisions\/130537"}],"wp:featuredmedia":[{"embeddable":true,"href":"https:\/\/www.r2cpress.com.br\/v1\/wp-json\/wp\/v2\/media\/130536"}],"wp:attachment":[{"href":"https:\/\/www.r2cpress.com.br\/v1\/wp-json\/wp\/v2\/media?parent=130535"}],"wp:term":[{"taxonomy":"category","embeddable":true,"href":"https:\/\/www.r2cpress.com.br\/v1\/wp-json\/wp\/v2\/categories?post=130535"},{"taxonomy":"post_tag","embeddable":true,"href":"https:\/\/www.r2cpress.com.br\/v1\/wp-json\/wp\/v2\/tags?post=130535"}],"curies":[{"name":"wp","href":"https:\/\/api.w.org\/{rel}","templated":true}]}}