{"id":130624,"date":"2025-06-06T18:46:51","date_gmt":"2025-06-06T21:46:51","guid":{"rendered":"https:\/\/www.r2cpress.com.br\/v1\/?p=130624"},"modified":"2025-06-06T18:46:51","modified_gmt":"2025-06-06T21:46:51","slug":"hemoba-lanca-campanha-do-junho-vermelho-com-forro-da-banda-tio-barnabe","status":"publish","type":"post","link":"https:\/\/www.r2cpress.com.br\/v1\/2025\/06\/06\/hemoba-lanca-campanha-do-junho-vermelho-com-forro-da-banda-tio-barnabe\/","title":{"rendered":"Hemoba lan\u00e7a campanha do Junho Vermelho com forr\u00f3 da banda Tio Barnab\u00e9"},"content":{"rendered":"<div class=\"elementToProof\"><a href=\"https:\/\/www.r2cpress.com.br\/v1\/wp-content\/uploads\/2025\/06\/1000158248.jpg\"><img loading=\"lazy\" class=\"aligncenter size-medium wp-image-130625\" src=\"https:\/\/www.r2cpress.com.br\/v1\/wp-content\/uploads\/2025\/06\/1000158248-300x205.jpg\" alt=\"\" width=\"300\" height=\"205\" srcset=\"https:\/\/www.r2cpress.com.br\/v1\/wp-content\/uploads\/2025\/06\/1000158248-300x205.jpg 300w, https:\/\/www.r2cpress.com.br\/v1\/wp-content\/uploads\/2025\/06\/1000158248.jpg 600w\" sizes=\"(max-width: 300px) 100vw, 300px\" \/><\/a>A Hemoba lan\u00e7a a Campanha \u201cDoe sangue. \u00c9 tradi\u00e7\u00e3o que salva vidas\u201d, em celebra\u00e7\u00e3o ao Junho Vermelho, com a apresenta\u00e7\u00e3o da banda Tio Barnab\u00e9, nesta quinta-feira (05), a partir das 11h, na sede da Funda\u00e7\u00e3o, em Salvador. O grupo ser\u00e1 o primeiro a participar da a\u00e7\u00e3o, que ter\u00e1 tamb\u00e9m as presen\u00e7as do cantor Adelmario Coelho, padrinho da campanha, em 10\/06, e da Banda Flor de Milho, em 14\/06, Dia Mundial do Doador de Sangue.<\/div>\n<div class=\"elementToProof\">A campanha busca incentivar as pessoas doarem sangue de forma volunt\u00e1ria e altru\u00edsta durante o m\u00eas de junho, quando h\u00e1 uma diminui\u00e7\u00e3o no n\u00famero de doa\u00e7\u00f5es de sangue, ocasionado por v\u00e1rios fatores, como maior incid\u00eancia de infec\u00e7\u00f5es respirat\u00f3rias em decorr\u00eancia de ondas mais intensas de frio e chuvas; aumento de viagens por causa das f\u00e9rias escolares e, no Nordeste, celebra\u00e7\u00f5es das festas juninas. Al\u00e9m disso, cresce a demanda por transfus\u00e3o de sangue motivada por um maior n\u00famero de acidentes nas estradas e elevado \u00edndice de casos de queimaduras, ocasionados pelos fogos de artif\u00edcios dos festejos juninos.<\/div>\n<div class=\"elementToProof\"><b>Tio Barnab\u00e9 &#8211;<\/b>\u00a0A banda Tio Barnab\u00e9 foi fundada por um grupo de amigos em 2004, quando foi eleita a banda revela\u00e7\u00e3o do S\u00e3o Jo\u00e3o da Bahia. Seu primeiro CD \u201cO Mundo Gira\u201d, gravado em 2007, teve a can\u00e7\u00e3o \u201cPreciso Te Ver\u201d, que virou hit e ainda est\u00e1 no repert\u00f3rio das grandes bandas de forr\u00f3 do Nordeste. Em 2009, lan\u00e7ou as can\u00e7\u00f5es \u201cAmor na Lua\u201d e \u201cRoubaram Meu Cora\u00e7\u00e3o\u201d. O segundo CD foi lan\u00e7ado em 2014 com as can\u00e7\u00f5es \u201cRafaela\u201d e \u201cMeter Dan\u00e7a\u201d. Em 2017, lan\u00e7ou o disco \u201cHist\u00f3rias\u201d, com as m\u00fasicas de sucesso de toda carreira da banda. Formada atualmente por Neto Bittencourt, vocalista e l\u00edder do grupo, a backing vocal Sabrina Sasha e o zabumbeiro e percussionista Bruno Almeida, a banda possui um estilo irreverente, que mistura v\u00e1rios ritmos com o forr\u00f3 nordestino,<\/div>\n<p><!--more--><\/p>\n<div class=\"elementToProof\"><b>Onde doar \u2013<\/b>\u00a0Em Salvador, as unidades fixas funcionam com o seguinte hor\u00e1rio: Hemocentro Coordenador (sede da Hemoba), de segunda-feira a sexta-feira, das 7h30 \u00e0s 18h30, e aos s\u00e1bados, das 7h30 \u00e0s 16h30; Hospital do Sub\u00farbio, de segunda a sexta-feira, das 7h30 \u00e0s 16h30; Hospital Ana Nery, de ter\u00e7a a sexta-feira, das 7h30 \u00e0s 12h30; Hospital Roberto Santos, de segunda a sexta-feira, das 8h \u00e0s 12h e das 13h \u00e0s 17h; Hospital Santo Ant\u00f4nio (OSID), de segunda a sexta-feira, das 7h10 \u00e0s 11h30 e das 13h \u00e0s 16h. Para informa\u00e7\u00f5es sobre os hor\u00e1rios de atendimento das 21 unidades de coleta no interior, consultar o site da Hemoba:\u00a0<a class=\"ms-outlook-linkify\" href=\"http:\/\/hemoba.ba.gov.br\/\">http:\/\/hemoba.ba.gov.br\/<\/a>.<\/div>\n<div class=\"elementToProof\"><b>Crit\u00e9rios para doa\u00e7\u00e3o &#8211;<\/b>\u00a0Para doar sangue, o candidato tem que estar em boas condi\u00e7\u00f5es de sa\u00fade, pesar acima de 50 kg e ter idade entre 16 e 69 anos. Lembrando que menores de 18 anos devem ir acompanhados dos pais ou respons\u00e1vel legal, e idosos acima de 60 anos s\u00f3 podem doar se j\u00e1 tiverem doado anteriormente. No dia da doa\u00e7\u00e3o, o volunt\u00e1rio n\u00e3o pode estar em jejum, n\u00e3o ter ingerido bebida alco\u00f3lica nas 12 horas anteriores \u00e0 doa\u00e7\u00e3o e n\u00e3o ter fumado por pelo menos duas horas antes do procedimento, al\u00e9m de ter dormido por no m\u00ednimo seis horas na noite anterior. Tamb\u00e9m \u00e9 recomend\u00e1vel que evite alimentos gordurosos nas \u00faltimas 4 horas anteriores ao procedimento. Para doar, \u00e9 necess\u00e1ria apresenta\u00e7\u00e3o de um documento com foto, emitido por \u00f3rg\u00e3o oficial e v\u00e1lido em todo o territ\u00f3rio nacional.<\/div>\n","protected":false},"excerpt":{"rendered":"<p>A Hemoba lan\u00e7a a Campanha \u201cDoe sangue. \u00c9 tradi\u00e7\u00e3o que salva vidas\u201d, em celebra\u00e7\u00e3o ao Junho Vermelho, com a apresenta\u00e7\u00e3o da banda Tio Barnab\u00e9, nesta quinta-feira (05), a partir das 11h, na sede da Funda\u00e7\u00e3o, em Salvador. O grupo ser\u00e1 o primeiro a participar da a\u00e7\u00e3o, que ter\u00e1 tamb\u00e9m as presen\u00e7as do cantor Adelmario Coelho, [&hellip;]<\/p>\n","protected":false},"author":2,"featured_media":130625,"comment_status":"open","ping_status":"open","sticky":false,"template":"","format":"standard","meta":{"_links_to":"","_links_to_target":""},"categories":[1],"tags":[],"_links":{"self":[{"href":"https:\/\/www.r2cpress.com.br\/v1\/wp-json\/wp\/v2\/posts\/130624"}],"collection":[{"href":"https:\/\/www.r2cpress.com.br\/v1\/wp-json\/wp\/v2\/posts"}],"about":[{"href":"https:\/\/www.r2cpress.com.br\/v1\/wp-json\/wp\/v2\/types\/post"}],"author":[{"embeddable":true,"href":"https:\/\/www.r2cpress.com.br\/v1\/wp-json\/wp\/v2\/users\/2"}],"replies":[{"embeddable":true,"href":"https:\/\/www.r2cpress.com.br\/v1\/wp-json\/wp\/v2\/comments?post=130624"}],"version-history":[{"count":1,"href":"https:\/\/www.r2cpress.com.br\/v1\/wp-json\/wp\/v2\/posts\/130624\/revisions"}],"predecessor-version":[{"id":130626,"href":"https:\/\/www.r2cpress.com.br\/v1\/wp-json\/wp\/v2\/posts\/130624\/revisions\/130626"}],"wp:featuredmedia":[{"embeddable":true,"href":"https:\/\/www.r2cpress.com.br\/v1\/wp-json\/wp\/v2\/media\/130625"}],"wp:attachment":[{"href":"https:\/\/www.r2cpress.com.br\/v1\/wp-json\/wp\/v2\/media?parent=130624"}],"wp:term":[{"taxonomy":"category","embeddable":true,"href":"https:\/\/www.r2cpress.com.br\/v1\/wp-json\/wp\/v2\/categories?post=130624"},{"taxonomy":"post_tag","embeddable":true,"href":"https:\/\/www.r2cpress.com.br\/v1\/wp-json\/wp\/v2\/tags?post=130624"}],"curies":[{"name":"wp","href":"https:\/\/api.w.org\/{rel}","templated":true}]}}