{"id":130877,"date":"2025-08-01T15:42:07","date_gmt":"2025-08-01T18:42:07","guid":{"rendered":"https:\/\/www.r2cpress.com.br\/v1\/?p=130877"},"modified":"2025-08-01T15:42:07","modified_gmt":"2025-08-01T18:42:07","slug":"unidade-movel-de-coleta-de-sangue-amplia-atendimento-aos-doadores-em-salvador","status":"publish","type":"post","link":"https:\/\/www.r2cpress.com.br\/v1\/2025\/08\/01\/unidade-movel-de-coleta-de-sangue-amplia-atendimento-aos-doadores-em-salvador\/","title":{"rendered":"Unidade m\u00f3vel de coleta de sangue amplia atendimento aos doadores em Salvador"},"content":{"rendered":"<div class=\"elementToProof\"><a href=\"https:\/\/www.r2cpress.com.br\/v1\/wp-content\/uploads\/2025\/07\/1000235318.jpg\"><img loading=\"lazy\" class=\"aligncenter size-medium wp-image-130853\" src=\"https:\/\/www.r2cpress.com.br\/v1\/wp-content\/uploads\/2025\/07\/1000235318-300x200.jpg\" alt=\"\" width=\"300\" height=\"200\" srcset=\"https:\/\/www.r2cpress.com.br\/v1\/wp-content\/uploads\/2025\/07\/1000235318-300x200.jpg 300w, https:\/\/www.r2cpress.com.br\/v1\/wp-content\/uploads\/2025\/07\/1000235318.jpg 600w\" sizes=\"(max-width: 300px) 100vw, 300px\" \/><\/a>Atrav\u00e9s das unidades m\u00f3veis de coleta (hem\u00f3veis) e do posto tempor\u00e1rio, a Funda\u00e7\u00e3o Hemoba amplia o atendimento aos candidatos \u00e0 doa\u00e7\u00e3o de sangue em Salvador. De 01 a 06\/08, exceto no domingo, e no dia 09\/08, o hem\u00f3vel estar\u00e1 no Salvador Shopping e, nos dias 07 e 08\/08, no Tribunal de Justi\u00e7a da Bahia (Centro Administrativo), das 8h \u00e0s 17h, com uma hora de intervalo para o almo\u00e7o. J\u00e1 o Posto Tempor\u00e1rio no Shopping Bela Vista funcionar\u00e1 durante todo o m\u00eas de agosto, das 9h \u00e0s 18h.<\/div>\n<div class=\"elementToProof\">O atendimento nos hem\u00f3veis \u00e9 realizado de forma espont\u00e2nea, levando a coleta de sangue para locais de grande movimenta\u00e7\u00e3o, como shoppings, centros urbanos e esta\u00e7\u00f5es de transbordo. Essa iniciativa ajuda a refor\u00e7ar o estoque estrat\u00e9gico da Hemoba, garantindo o atendimento seguro \u00e0s unidades de sa\u00fade e hospitais. Al\u00e9m disso, aproxima a doa\u00e7\u00e3o da rotina das pessoas, incentivando a popula\u00e7\u00e3o a doar sangue regularmente.<\/div>\n<div class=\"elementToProof\">O hem\u00f3vel \u00e9 um \u00f4nibus totalmente adaptado, com a mesma estrutura b\u00e1sica de uma unidade fixa da Hemoba. Ele conta com triagem cl\u00ednica, sala climatizada com quatro cadeiras para coleta de sangue, mobili\u00e1rio, equipamentos e uma equipe multidisciplinar de 12 profissionais. Al\u00e9m da doa\u00e7\u00e3o de sangue, os interessados podem aproveitar a presen\u00e7a do hem\u00f3vel para se cadastrar como doadores de medula \u00f3ssea no Redome (Registro Nacional de Doadores de Medula \u00d3ssea).<\/div>\n<div class=\"elementToProof\"><b>Crit\u00e9rios para doa\u00e7\u00e3o &#8211;<\/b> Para doar sangue, o candidato tem que estar em boas condi\u00e7\u00f5es de sa\u00fade, pesar acima de 50 kg e ter idade entre 16 e 69 anos. Lembrando que menores de 18 anos devem ir acompanhados dos pais ou respons\u00e1vel legal, e idosos acima de 60 anos s\u00f3 podem doar se j\u00e1 tiverem doado anteriormente. No dia da doa\u00e7\u00e3o, o volunt\u00e1rio n\u00e3o pode estar em jejum, n\u00e3o ter ingerido bebida alco\u00f3lica nas 12 horas anteriores \u00e0 doa\u00e7\u00e3o e n\u00e3o ter fumado por pelo menos duas horas antes do procedimento, al\u00e9m de ter dormido por no m\u00ednimo seis horas na noite anterior. Tamb\u00e9m \u00e9 recomend\u00e1vel que evite alimentos gordurosos nas \u00faltimas 4 horas anteriores ao procedimento. Para doar, \u00e9 necess\u00e1ria apresenta\u00e7\u00e3o de um documento com foto, emitido por \u00f3rg\u00e3o oficial e v\u00e1lido em todo o territ\u00f3rio nacional.<\/div>\n<p><!--more--><\/p>\n<div class=\"elementToProof\"><b>Cadastro de medula \u00f3ssea &#8211;\u00a0<\/b>O cadastro de medula \u00f3ssea pode ser feito em todos os postos de coleta da Hemoba, na capital e no interior, com a coleta de uma amostra de 5 ml de sangue. Para se tornar um doador, \u00e9 necess\u00e1rio ter entre 18 e 35 anos de idade, estar em bom estado geral de sa\u00fade, n\u00e3o possuir doen\u00e7a infecciosa ou incapacitante e n\u00e3o apresentar doen\u00e7a neopl\u00e1sica (c\u00e2ncer), hematol\u00f3gica (do sangue) ou do sistema imunol\u00f3gico. Os dados pessoais e os resultados dos testes ser\u00e3o armazenados no REDOME (Registro Nacional de Doadores de Medula \u00d3ssea), coordenado pelo Instituto Nacional de C\u00e2ncer (INCA).<\/div>\n<div class=\"elementToProof\"><b>Unidades fixas \u2013<\/b>\u00a0Em Salvador, as unidades fixas funcionam com o seguinte hor\u00e1rio: Hemocentro Coordenador (sede da Hemoba), de segunda-feira a sexta-feira, das 7h30 \u00e0s 18h30, e aos s\u00e1bados, das 7h30 \u00e0s 16h30; Hospital do Sub\u00farbio, de segunda a sexta-feira, das 7h30 \u00e0s 16h30; Hospital Ana Nery, de ter\u00e7a a sexta-feira, das 7h30 \u00e0s 12h30; Hospital Roberto Santos, de segunda a sexta-feira, das 8h \u00e0s 12h e das 13h \u00e0s 17h; Hospital Santo Ant\u00f4nio (OSID), de segunda a sexta-feira, das 7h10 \u00e0s 11h30 e das 13h \u00e0s 16h. Para informa\u00e7\u00f5es sobre os hor\u00e1rios de atendimento das 21 unidades de coleta no interior, consultar o site da Hemoba:\u00a0<a class=\"ms-outlook-linkify\" href=\"http:\/\/hemoba.ba.gov.br\/\">http:\/\/hemoba.ba.gov.br\/<\/a>.<\/div>\n","protected":false},"excerpt":{"rendered":"<p>Atrav\u00e9s das unidades m\u00f3veis de coleta (hem\u00f3veis) e do posto tempor\u00e1rio, a Funda\u00e7\u00e3o Hemoba amplia o atendimento aos candidatos \u00e0 doa\u00e7\u00e3o de sangue em Salvador. De 01 a 06\/08, exceto no domingo, e no dia 09\/08, o hem\u00f3vel estar\u00e1 no Salvador Shopping e, nos dias 07 e 08\/08, no Tribunal de Justi\u00e7a da Bahia (Centro [&hellip;]<\/p>\n","protected":false},"author":2,"featured_media":130853,"comment_status":"open","ping_status":"open","sticky":false,"template":"","format":"standard","meta":{"_links_to":"","_links_to_target":""},"categories":[1],"tags":[],"_links":{"self":[{"href":"https:\/\/www.r2cpress.com.br\/v1\/wp-json\/wp\/v2\/posts\/130877"}],"collection":[{"href":"https:\/\/www.r2cpress.com.br\/v1\/wp-json\/wp\/v2\/posts"}],"about":[{"href":"https:\/\/www.r2cpress.com.br\/v1\/wp-json\/wp\/v2\/types\/post"}],"author":[{"embeddable":true,"href":"https:\/\/www.r2cpress.com.br\/v1\/wp-json\/wp\/v2\/users\/2"}],"replies":[{"embeddable":true,"href":"https:\/\/www.r2cpress.com.br\/v1\/wp-json\/wp\/v2\/comments?post=130877"}],"version-history":[{"count":1,"href":"https:\/\/www.r2cpress.com.br\/v1\/wp-json\/wp\/v2\/posts\/130877\/revisions"}],"predecessor-version":[{"id":130878,"href":"https:\/\/www.r2cpress.com.br\/v1\/wp-json\/wp\/v2\/posts\/130877\/revisions\/130878"}],"wp:featuredmedia":[{"embeddable":true,"href":"https:\/\/www.r2cpress.com.br\/v1\/wp-json\/wp\/v2\/media\/130853"}],"wp:attachment":[{"href":"https:\/\/www.r2cpress.com.br\/v1\/wp-json\/wp\/v2\/media?parent=130877"}],"wp:term":[{"taxonomy":"category","embeddable":true,"href":"https:\/\/www.r2cpress.com.br\/v1\/wp-json\/wp\/v2\/categories?post=130877"},{"taxonomy":"post_tag","embeddable":true,"href":"https:\/\/www.r2cpress.com.br\/v1\/wp-json\/wp\/v2\/tags?post=130877"}],"curies":[{"name":"wp","href":"https:\/\/api.w.org\/{rel}","templated":true}]}}