{"id":131006,"date":"2025-08-29T20:23:29","date_gmt":"2025-08-29T23:23:29","guid":{"rendered":"https:\/\/www.r2cpress.com.br\/v1\/?p=131006"},"modified":"2025-08-29T20:23:29","modified_gmt":"2025-08-29T23:23:29","slug":"pela-1a-vez-duas-mulheres-representarao-o-brasil-no-mundial-de-karaoke","status":"publish","type":"post","link":"https:\/\/www.r2cpress.com.br\/v1\/2025\/08\/29\/pela-1a-vez-duas-mulheres-representarao-o-brasil-no-mundial-de-karaoke\/","title":{"rendered":"Pela 1\u00aa vez, duas mulheres representar\u00e3o o Brasil no Mundial de Karaok\u00ea"},"content":{"rendered":"<p><a href=\"https:\/\/www.r2cpress.com.br\/v1\/wp-content\/uploads\/2025\/08\/1000297774.jpg\"><img loading=\"lazy\" class=\"aligncenter size-medium wp-image-131007\" src=\"https:\/\/www.r2cpress.com.br\/v1\/wp-content\/uploads\/2025\/08\/1000297774-300x184.jpg\" alt=\"\" width=\"300\" height=\"184\" srcset=\"https:\/\/www.r2cpress.com.br\/v1\/wp-content\/uploads\/2025\/08\/1000297774-300x184.jpg 300w, https:\/\/www.r2cpress.com.br\/v1\/wp-content\/uploads\/2025\/08\/1000297774.jpg 600w\" sizes=\"(max-width: 300px) 100vw, 300px\" \/><\/a>Andressa Neiva e Gio Miller s\u00e3o as novas campe\u00e3s brasileiras e embarcam rumo \u00e0 Tail\u00e2ndia em busca do t\u00edtulo in\u00e9dito para o pa\u00eds<\/p>\n<h3>O poder feminino chegou aos palcos do mundo<\/h3>\n<p>A final do KWC Brasil 2025 entrou para a hist\u00f3ria. Pela primeira vez em 11 edi\u00e7\u00f5es do campeonato nacional de karaok\u00ea,\u00a0<strong>duas mulheres foram coroadas campe\u00e3s brasileiras e ir\u00e3o representar o pa\u00eds nas categorias Solo e Duetos no Campeonato Mundial, que acontecer\u00e1 em novembro em Bangkok, na Tail\u00e2ndia.<\/strong><\/p>\n<p>As vencedoras s\u00e3o\u00a0<strong>Andressa Neiva<\/strong>, de Jacare\u00ed (SP), e\u00a0<strong>Gio Miller<\/strong>, de S\u00e3o Paulo, criada no Rio de Janeiro. Ambas surpreenderam o corpo de jurados com performances marcantes, t\u00e9cnica refinada e grande conex\u00e3o emocional com o p\u00fablico.<\/p>\n<p>De Jacare\u00ed para o mundo<\/p>\n<p>A cantora Andressa Neiva tem uma trajet\u00f3ria que mistura talento, disciplina e sensibilidade vocal. Professora de t\u00e9cnica vocal no Instituto Musical Amusi, ela usa o karaok\u00ea como ferramenta pedag\u00f3gica com seus alunos \u2014 pr\u00e1tica que tamb\u00e9m a ajudou na pr\u00f3pria prepara\u00e7\u00e3o. Depois de uma performance arrebatadora na seletiva de S\u00e3o Jos\u00e9 dos Campos, Andressa foi escolhida pelos jurados para disputar a final nacional, representando o Showtime Music Bar.<\/p>\n<p>Com carisma, pot\u00eancia vocal e escolhas musicais certeiras, Andressa conquistou o primeiro lugar no ranking nacional e agora carrega o nome de Jacare\u00ed, do Vale do Para\u00edba e do Brasil rumo ao palco mundial.<\/p>\n<h3>Arte de rua, talento de palco<\/h3>\n<p>J\u00e1\u00a0<strong>Gio Miller<\/strong>\u00a0come\u00e7ou sua carreira como artista de rua, se apresentando na Avenida Paulista. Cantora e compositora desde os 16 anos, aos 22 ela se tornou vice-campe\u00e3 nacional do KWC Brasil, garantindo uma vaga na competi\u00e7\u00e3o mundial. Entre ensaios e composi\u00e7\u00f5es autorais, Gio emociona com sua voz marcante e presen\u00e7a forte de palco \u2014 agora, pronta para levar sua autenticidade \u00e0 Tail\u00e2ndia.<\/p>\n<hr \/>\n<h3>Hist\u00f3rias que inspiram \u2014 e rompem padr\u00f5es<\/h3>\n<p>Desde 2018, o KWC Brasil unificou suas categorias: n\u00e3o h\u00e1 mais separa\u00e7\u00e3o por g\u00eanero. Todos os candidatos competem entre si nas categorias\u00a0<strong>Solo<\/strong>\u00a0e\u00a0<strong>Duetos<\/strong>, o que torna ainda mais relevante o feito de Andressa e Gio. Em 11 anos de hist\u00f3ria do campeonato brasileiro, sempre houve um homem e uma mulher entre os campe\u00f5es por coincid\u00eancia.\u00a0<strong>Mas em 2025, o topo do p\u00f3dio \u00e9 100% feminino.<\/strong><!--more--><\/p>\n<p>As duas cantoras ter\u00e3o que se enfrentar na disputa Solo e ainda formar uma dupla para competir na categoria Duetos, desafiando limites e mostrando que rivalidade pode sim se transformar em parceria de palco.<\/p>\n<hr \/>\n<h3>O Brasil j\u00e1 tem hist\u00f3ria \u2014 e quer mais<\/h3>\n<p>O KWC Brasil tem tradi\u00e7\u00e3o no p\u00f3dio mundial. Em\u00a0<strong>2019<\/strong>,\u00a0<strong>Rua e Aline Cunha<\/strong>\u00a0conquistaram o\u00a0<strong>vice-campeonato mundial em duetos<\/strong>. Em\u00a0<strong>2023<\/strong>,\u00a0<strong>Sara Braz<\/strong>\u00a0(tamb\u00e9m do Vale do Para\u00edba) e Filipe Anacleto ficaram com o\u00a0<strong>3\u00ba lugar mundial<\/strong>, mesma coloca\u00e7\u00e3o alcan\u00e7ada em\u00a0<strong>2024<\/strong>\u00a0por Rhamon e Yasmine Mafuz.<\/p>\n<p>J\u00e1 na categoria Solo, o melhor resultado das mulheres do Brasil at\u00e9 hoje, foi o 3\u00ba lugar da cantora Bruna Higgs em Vancouver (2016) e de Thalita Martins na edi\u00e7\u00e3o online de 2021. Ser\u00e1 que agora o t\u00edtulo vem?<\/p>\n<hr \/>\n<h3>Um novo ciclo, um novo time<\/h3>\n<p>Para\u00a0<strong>Izabel Nori<\/strong>, diretora nacional do KWC Brasil, a edi\u00e7\u00e3o 2025 foi \u201cum RESET\u201d. A competi\u00e7\u00e3o reuniu mais de 30 finalistas de todo o pa\u00eds em S\u00e3o Paulo, com grande diversidade vocal e alt\u00edssimo n\u00edvel art\u00edstico. Pela primeira vez, o tradicional\u00a0<strong>TOP TEN virou TOP ELEVEN<\/strong>, ap\u00f3s empate na classifica\u00e7\u00e3o dos finalistas.<\/p>\n<p>A final nacional foi organizada pela\u00a0<strong>TK Produ\u00e7\u00f5es<\/strong>\u00a0e contou com um corpo de jurados de peso:\u00a0<strong>Joe Hirata<\/strong>,\u00a0<strong>Vivi Keller<\/strong>,\u00a0<strong>Gra\u00e7a Cunha<\/strong>,\u00a0<strong>Rafael Dantas<\/strong>\u00a0e\u00a0<strong>Ananda Torres<\/strong>. Os preparativos para o Mundial j\u00e1 come\u00e7aram e os t\u00e9cnicos acreditam que a dupla feminina tem tudo para surpreender o mundo.<\/p>\n<h3>O desafio: 60 dias para brilhar<\/h3>\n<p>A delega\u00e7\u00e3o brasileira tem pouco tempo:\u00a0<strong>menos de dois meses<\/strong>\u00a0para escolher repert\u00f3rios, produzir os playbacks, ajustar figurinos e criar duas apresenta\u00e7\u00f5es de alto impacto \u2014 uma individual para cada campe\u00e3 e uma em dupla. Ser\u00e1 o suficiente para conquistar o sonhado\u00a0<strong>t\u00edtulo in\u00e9dito para o Brasil?<\/strong><\/p>\n<p>Enquanto isso, a torcida j\u00e1 come\u00e7ou \u2014 e vem crescendo a cada nota cantada.<\/p>\n","protected":false},"excerpt":{"rendered":"<p>Andressa Neiva e Gio Miller s\u00e3o as novas campe\u00e3s brasileiras e embarcam rumo \u00e0 Tail\u00e2ndia em busca do t\u00edtulo in\u00e9dito para o pa\u00eds O poder feminino chegou aos palcos do mundo A final do KWC Brasil 2025 entrou para a hist\u00f3ria. Pela primeira vez em 11 edi\u00e7\u00f5es do campeonato nacional de karaok\u00ea,\u00a0duas mulheres foram coroadas [&hellip;]<\/p>\n","protected":false},"author":2,"featured_media":131007,"comment_status":"open","ping_status":"open","sticky":false,"template":"","format":"standard","meta":{"_links_to":"","_links_to_target":""},"categories":[1],"tags":[],"_links":{"self":[{"href":"https:\/\/www.r2cpress.com.br\/v1\/wp-json\/wp\/v2\/posts\/131006"}],"collection":[{"href":"https:\/\/www.r2cpress.com.br\/v1\/wp-json\/wp\/v2\/posts"}],"about":[{"href":"https:\/\/www.r2cpress.com.br\/v1\/wp-json\/wp\/v2\/types\/post"}],"author":[{"embeddable":true,"href":"https:\/\/www.r2cpress.com.br\/v1\/wp-json\/wp\/v2\/users\/2"}],"replies":[{"embeddable":true,"href":"https:\/\/www.r2cpress.com.br\/v1\/wp-json\/wp\/v2\/comments?post=131006"}],"version-history":[{"count":1,"href":"https:\/\/www.r2cpress.com.br\/v1\/wp-json\/wp\/v2\/posts\/131006\/revisions"}],"predecessor-version":[{"id":131008,"href":"https:\/\/www.r2cpress.com.br\/v1\/wp-json\/wp\/v2\/posts\/131006\/revisions\/131008"}],"wp:featuredmedia":[{"embeddable":true,"href":"https:\/\/www.r2cpress.com.br\/v1\/wp-json\/wp\/v2\/media\/131007"}],"wp:attachment":[{"href":"https:\/\/www.r2cpress.com.br\/v1\/wp-json\/wp\/v2\/media?parent=131006"}],"wp:term":[{"taxonomy":"category","embeddable":true,"href":"https:\/\/www.r2cpress.com.br\/v1\/wp-json\/wp\/v2\/categories?post=131006"},{"taxonomy":"post_tag","embeddable":true,"href":"https:\/\/www.r2cpress.com.br\/v1\/wp-json\/wp\/v2\/tags?post=131006"}],"curies":[{"name":"wp","href":"https:\/\/api.w.org\/{rel}","templated":true}]}}