{"id":131255,"date":"2025-10-14T19:42:12","date_gmt":"2025-10-14T22:42:12","guid":{"rendered":"https:\/\/www.r2cpress.com.br\/v1\/?p=131255"},"modified":"2025-11-13T14:33:30","modified_gmt":"2025-11-13T17:33:30","slug":"culturama-setima-edicao-em-novembro","status":"publish","type":"post","link":"https:\/\/www.r2cpress.com.br\/v1\/2025\/10\/14\/culturama-setima-edicao-em-novembro\/","title":{"rendered":"CULTURAMA! S\u00e9tima Edi\u00e7\u00e3o em novembro!"},"content":{"rendered":"<p><a href=\"https:\/\/www.r2cpress.com.br\/v1\/wp-content\/uploads\/2025\/10\/1000382291.jpg\"><img loading=\"lazy\" class=\"aligncenter size-medium wp-image-131256\" src=\"https:\/\/www.r2cpress.com.br\/v1\/wp-content\/uploads\/2025\/10\/1000382291-230x300.jpg\" alt=\"\" width=\"230\" height=\"300\" srcset=\"https:\/\/www.r2cpress.com.br\/v1\/wp-content\/uploads\/2025\/10\/1000382291-230x300.jpg 230w, https:\/\/www.r2cpress.com.br\/v1\/wp-content\/uploads\/2025\/10\/1000382291.jpg 600w\" sizes=\"(max-width: 230px) 100vw, 230px\" \/><\/a>No dia 02 de novembro de 2025 (domingo, \u00e0s 14h), Salvador recebe a 7\u00aa edi\u00e7\u00e3o do CULTURAMA!, um evento que j\u00e1 faz parte do calend\u00e1rio cultural da cidade, reunindo m\u00fasica, artes visuais e experi\u00eancias \u00fanicas.<\/p>\n<p>Nesta edi\u00e7\u00e3o, o Teatro SESI Rio Vermelho (Rua Borges dos Reis, 9) ser\u00e1 palco de toda criatividade que fervilha no CULTURAMA!, que na edi\u00e7\u00e3o deste m\u00eas traz o tema \u201cOrigens\u201d como inspira\u00e7\u00e3o para os artistas. E repetindo a incr\u00edvel experi\u00eancia da edi\u00e7\u00e3o passada, os shows das bandas acontecer\u00e3o dentro do teatro, proporcionando uma experi\u00eancia sonora e visual ainda mais imersiva para o p\u00fablico.<\/p>\n<p>O line-up traz a banda anfitri\u00e3 INTRA (@intra.oficial ) que assina a produ\u00e7\u00e3o do evento e as bandas convidadas: Andre L.R. Mendes ( @andrelrmendes ) e Alex Pucci ( @alexpucci._ ), um verdadeiro encontro de diferentes gera\u00e7\u00f5es do Rock alternativo de Salvador!<\/p>\n<p>Mantendo sua ess\u00eancia, o CULTURAMA! ter\u00e1 a exposi\u00e7\u00e3o coletiva de artes visuais e produtos de mais de 20 artistas independentes da cidade, reafirmando seu compromisso em ser vitrine para artistas independentes da cena local.<\/p>\n<p>Artistas visuais confirmados nesta edi\u00e7\u00e3o: Juvia Libanio @Juvia_art , Dan Borges @danborgesart , Hugo Canuto @hugocanuto_art , Darwiz Bagdeve @darwizarts , Mariow @Mariow.exe , Bee &#8211; Polegarzinha @polegarzinha.store , Gabriel Corr\u00eaa @gabrieucorreia , Cams @artcillyz , Iasmin Pimentel @sowing.art.tattoo , Jean Lucca @saturniiarts , Zahi @zahi.tattoo_ , Eric Bispo @ericbispo , Rodrigo Oliveira @samsara.core , Ionara @rrefug.io , Lua @claymoon.art , Carlos Sampaio @levebrisa__ , Carlos DK @dk.oito @coisasdodk , Isadora Alc\u00e2ntara @alc.isaa , Sophia Fochi @fochiart , Nathalia Felix @nathaliafelixart<\/p>\n<p>O evento \u00e9 uma realiza\u00e7\u00e3o da Atalho Produtora (@atalhoprodutora) em parceria com a INTRA, e conta com o apoio do V\u00e9rtice Est\u00fadio (@vertice2estudio) e da S\u00c3O JOGUE (@saojogue), fortalecendo a rede criativa e colaborativa de Salvador<\/p>\n<p>Entrada: Ingressos limitados via Sympla<\/p>\n<p>R$20 (Antecipado via Sympla)<\/p>\n<p>&nbsp;<\/p>\n<p>R$30 (na porta)<!--more--><\/p>\n<p>&nbsp;<\/p>\n<p>Mais informa\u00e7\u00f5es: @culturama.ssa<\/p>\n<p>Apoio: @saojogue | @vertice2estudio<\/p>\n<p>Realiza\u00e7\u00e3o: @atalhoprodutora | @intra.oficial<\/p>\n","protected":false},"excerpt":{"rendered":"<p>No dia 02 de novembro de 2025 (domingo, \u00e0s 14h), Salvador recebe a 7\u00aa edi\u00e7\u00e3o do CULTURAMA!, um evento que j\u00e1 faz parte do calend\u00e1rio cultural da cidade, reunindo m\u00fasica, artes visuais e experi\u00eancias \u00fanicas. Nesta edi\u00e7\u00e3o, o Teatro SESI Rio Vermelho (Rua Borges dos Reis, 9) ser\u00e1 palco de toda criatividade que fervilha no [&hellip;]<\/p>\n","protected":false},"author":2,"featured_media":131257,"comment_status":"open","ping_status":"open","sticky":false,"template":"","format":"standard","meta":{"_links_to":"","_links_to_target":""},"categories":[1],"tags":[],"_links":{"self":[{"href":"https:\/\/www.r2cpress.com.br\/v1\/wp-json\/wp\/v2\/posts\/131255"}],"collection":[{"href":"https:\/\/www.r2cpress.com.br\/v1\/wp-json\/wp\/v2\/posts"}],"about":[{"href":"https:\/\/www.r2cpress.com.br\/v1\/wp-json\/wp\/v2\/types\/post"}],"author":[{"embeddable":true,"href":"https:\/\/www.r2cpress.com.br\/v1\/wp-json\/wp\/v2\/users\/2"}],"replies":[{"embeddable":true,"href":"https:\/\/www.r2cpress.com.br\/v1\/wp-json\/wp\/v2\/comments?post=131255"}],"version-history":[{"count":1,"href":"https:\/\/www.r2cpress.com.br\/v1\/wp-json\/wp\/v2\/posts\/131255\/revisions"}],"predecessor-version":[{"id":131258,"href":"https:\/\/www.r2cpress.com.br\/v1\/wp-json\/wp\/v2\/posts\/131255\/revisions\/131258"}],"wp:featuredmedia":[{"embeddable":true,"href":"https:\/\/www.r2cpress.com.br\/v1\/wp-json\/wp\/v2\/media\/131257"}],"wp:attachment":[{"href":"https:\/\/www.r2cpress.com.br\/v1\/wp-json\/wp\/v2\/media?parent=131255"}],"wp:term":[{"taxonomy":"category","embeddable":true,"href":"https:\/\/www.r2cpress.com.br\/v1\/wp-json\/wp\/v2\/categories?post=131255"},{"taxonomy":"post_tag","embeddable":true,"href":"https:\/\/www.r2cpress.com.br\/v1\/wp-json\/wp\/v2\/tags?post=131255"}],"curies":[{"name":"wp","href":"https:\/\/api.w.org\/{rel}","templated":true}]}}