{"id":131336,"date":"2025-10-31T21:49:56","date_gmt":"2025-11-01T00:49:56","guid":{"rendered":"https:\/\/www.r2cpress.com.br\/v1\/?p=131336"},"modified":"2025-10-31T21:49:56","modified_gmt":"2025-11-01T00:49:56","slug":"3a-edicao-do-festival-reconcavo-instrumental-celebra-diversidade-musical-e-promove-intercambio-entre-artistas-nacionais-e-internacionais","status":"publish","type":"post","link":"https:\/\/www.r2cpress.com.br\/v1\/2025\/10\/31\/3a-edicao-do-festival-reconcavo-instrumental-celebra-diversidade-musical-e-promove-intercambio-entre-artistas-nacionais-e-internacionais\/","title":{"rendered":"3\u00aa edi\u00e7\u00e3o do Festival Rec\u00f4ncavo Instrumental celebra\u00a0diversidade musical e promove interc\u00e2mbio entre\u00a0artistas nacionais e internacionais"},"content":{"rendered":"<div id=\"m_toolbarLayer\" class=\"layer\"><a href=\"https:\/\/www.r2cpress.com.br\/v1\/wp-content\/uploads\/2023\/07\/Screenshot_2023-03-24-17-30-00-765_com.miui_.screenshot-edit-1-300x121-1.jpg\"><img loading=\"lazy\" class=\"aligncenter size-full wp-image-127471\" src=\"https:\/\/www.r2cpress.com.br\/v1\/wp-content\/uploads\/2023\/07\/Screenshot_2023-03-24-17-30-00-765_com.miui_.screenshot-edit-1-300x121-1.jpg\" alt=\"\" width=\"300\" height=\"121\" \/><\/a><\/div>\n<div id=\"m_textViewLayer\" class=\"layer\">\n<div id=\"m_content\">\n<div id=\"pc1\">\n<div id=\"p1\">\n<div><b><i>\u00a0<\/i><\/b><\/div>\n<div>De 10 a 15 de novembro e no dia 21 de novembro, o Rec\u00f4ncavo Baiano ser\u00e1 tomado pelos sons,\u00a0ritmos e encontros da 3\u00aa edi\u00e7\u00e3o do Festival Rec\u00f4ncavo Instrumental, um evento que celebra a\u00a0for\u00e7a da m\u00fasica como linguagem universal e espa\u00e7o de di\u00e1logo entre culturas.<\/div>\n<div>Sob a curadoria e dire\u00e7\u00e3o art\u00edstica da pianista Simone Leit\u00e3o, o festival re\u00fane artistas do Brasil\u00a0e de diversos pa\u00edses, promovendo um interc\u00e2mbio musical que atravessa fronteiras e conecta\u00a0tradi\u00e7\u00f5es. Ser\u00e3o concertos, shows, oficinas e atividades formativas. O evento vem transformando\u00a0o Rec\u00f4ncavo em um grande palco da m\u00fasica instrumental mundial e acontece nas cidades de\u00a0Cachoeira, Madre de Deus, S\u00e3o Francisco do Conde e Salvador. Vale ressaltar que a\u00a0participa\u00e7\u00e3o ser\u00e1 paga apenas em Salvador, e os ingressos podem ser adquiridos atrav\u00e9s da\u00a0plataforma Sympla e para obter mais informa\u00e7\u00f5es basta acessar o perfil do Instragram\u00a0@reconcavoinstrumental.<\/div>\n<div>O Instituto Popular do Rec\u00f4ncavo (IPR), realizador do evento, reafirma, nesta terceira edi\u00e7\u00e3o,\u00a0seu compromisso com a cultura e a m\u00fasica local, oferecendo ao p\u00fablico experi\u00eancias incr\u00edveis. \u00a0O festival tamb\u00e9m refor\u00e7a sua presen\u00e7a digital, ampliando seu alcance e permitindo que mais\u00a0pessoas tenham contato com apresenta\u00e7\u00f5es e conte\u00fados formativos.<\/div>\n<div>A programa\u00e7\u00e3o valoriza a pluralidade de repert\u00f3rios, estilos e territ\u00f3rios, oferecendo ao p\u00fablico\u00a0experi\u00eancias que v\u00e3o do erudito ao popular, do cl\u00e1ssico ao contempor\u00e2neo. M\u00fasicos\u00a0consagrados e novos talentos se encontram em apresenta\u00e7\u00f5es que evidenciam a riqueza da\u00a0cria\u00e7\u00e3o instrumental e a pot\u00eancia da colabora\u00e7\u00e3o entre culturas e gera\u00e7\u00f5es.<\/div>\n<div>Nesta edi\u00e7\u00e3o, a cena baiana ganha destaque com artistas como Igor Gnomo, Gel Barbosa, Jana\u00a0Vasconcellos e Jefinho Dias. O Ubuntu Ensemble e a pianista Simone Leit\u00e3o se apresentam ao\u00a0lado de nomes internacionais, como a pianista argentina Lorena Eckell, o bandoneonista\u00a0portenho Nico Ledesma, o duo escoc\u00eas Chris Stout &amp; Catriona McKay e o brit\u00e2nico Henry\u00a0Weekes. Jovens talentos brasileiros, como o violoncelista potiguar Diego Paix\u00e3o e o sanfoneiro\u00a0piauiense Ign\u00e1cio Bot\u00ealho, fen\u00f4meno da internet, tamb\u00e9m est\u00e3o confirmados.<\/div>\n<div>Mais do que um evento musical, o Festival Rec\u00f4ncavo Instrumental se consolida como um\u00a0movimento de valoriza\u00e7\u00e3o do Rec\u00f4ncavo Baiano como territ\u00f3rio cultural pulsante, ber\u00e7o de\u00a0tradi\u00e7\u00f5es que dialogam com o mundo. Cada cidade participante se torna cen\u00e1rio para encontros\u00a0que unem forma\u00e7\u00e3o, sensibilidade e inova\u00e7\u00e3o.<\/div>\n<div>Ao reunir diversidade, talento e conhecimento, o festival reafirma o papel da m\u00fasica como ponte entre povos, linguagens e experi\u00eancias, celebrando o que h\u00e1 de mais vibrante na cultura brasileira em di\u00e1logo com o mundo.<\/div>\n<\/div>\n<\/div>\n<div id=\"pc2\">\n<div class=\"pageNumV2\"><\/div>\n<div id=\"p2\">\n<div>O evento conta com o patroc\u00ednio da Acelen e do Governo do Estado da Bahia, atrav\u00e9s do\u00a0Programa Fazcultura, e com o apoio da Secretaria de Cultura e da Secretaria da Fazenda. A\u00a0coprodu\u00e7\u00e3o \u00e9 da Brasil Classical e a realiza\u00e7\u00e3o do Instituto Rec\u00f4ncavo Instrumental.<b><br \/>\n<\/b><\/div>\n<div><\/div>\n<div><b>Programa\u00e7\u00e3o 3\u00aa Edi\u00e7\u00e3o \u2013 Festival Rec\u00f4ncavo Instrumental 2025<br \/>\n<\/b><\/div>\n<div><b>S\u00e3o Francisco do Conde \u00a0<\/b><\/div>\n<div>Data e Hor\u00e1rio: 10 de Novembro, \u00e0s 15 horas<\/div>\n<div>Local: Teatro Durval Salles &#8211; Col\u00e9gio Martinho Salles Brasil<\/div>\n<div>Programa\u00e7\u00e3o:<\/div>\n<div>Concerto: Lorena Eckell e Nico Ledesma<\/div>\n<div><\/div>\n<div><b>Madre de Deus<\/b><\/div>\n<div>Data e Hor\u00e1rio: 11 de Novembro, \u00e0s 15h<\/div>\n<div>Local: Audit\u00f3rio da Biblioteca Municipal<\/div>\n<div>Programa\u00e7\u00e3o:<br \/>\nA\u00e7\u00e3o did\u00e1tica com Ubuntu Ensemble<\/div>\n<div>Concerto com Duo Chris Stout e Catriona McKay<\/div>\n<div><b>Salvador<\/b><\/div>\n<div>Datas e Hor\u00e1rio:<b>\u00a0<\/b>12 a 15\/11, \u00e0s 20 horas<\/div>\n<div>Local:<b>\u00a0<\/b>Teatro do Goethe-Institut Salvador (ICBA)<\/div>\n<div><b>12\/11:<\/b>\u00a0Simone Leit\u00e3o e Ubuntu Ensemble \/ Duo Chris Stout, Catriona McKay e Henry Weekes<\/div>\n<div><b>13\/11:<\/b>\u00a0Jana Vasconcelos e Gel Barbosa \/ \u00a0Lorena Eckell, Nico Ledesma e Diego Paix\u00e3o<\/div>\n<div><b>14\/11:<\/b>\u00a0Diego Paix\u00e3o, Simone Leit\u00e3o e Quinteto de Sopros Aliseos \/ In\u00e1cio Botelho<\/div>\n<div><b>15\/11:<\/b>\u00a0Igor Gnomo \/ Henry Weekes \/ Jefinho Dias<\/div>\n<div><b>Cachoeira<\/b><\/div>\n<div>Concerto<\/div>\n<\/div>\n<\/div>\n<div id=\"pc3\">\n<div class=\"pageNumV2\"><\/div>\n<div id=\"p3\">\n<div>Data e Hor\u00e1rio: 21 de Novembro, \u00e0s 19h<\/div>\n<div>Local: Cine Theatro Cachoeirano<\/div>\n<div>\n<p>Jana Vasconcelos, Gel Barbosa e Quinteto de Sopros Aliseos<\/p>\n<\/div>\n<div>A\u00e7\u00e3o Formativa<\/div>\n<div>Data e Hor\u00e1rio: 21 de Novembro, \u00e0s 10h30<\/div>\n<div>Local: Sede da Filarm\u00f4nica Minerva Cachoeirana<\/div>\n<div>Programa\u00e7\u00e3o: Quinteto de Sopros Aliseos<b><br \/>\n<\/b><\/div>\n<div><b>Hist\u00f3rico do Festival<br \/>\n<\/b><\/div>\n<div>Desde sua primeira edi\u00e7\u00e3o em 2023, o Festival Rec\u00f4ncavo Instrumental se consolidou\u00a0como um dos mais importantes encontros de m\u00fasica instrumental do pa\u00eds, promovendo\u00a0diversidade cultural e interc\u00e2mbio art\u00edstico. Na estreia, reuniu aproximadamente 6.200\u00a0espectadores em cidades do Rec\u00f4ncavo Baiano e Salvador, com apresenta\u00e7\u00f5es de\u00a0artistas renomados como Sona Jobarteh, Melissa Laveaux e H\u00e9rcules Gomes, al\u00e9m de\u00a0artistas de destaque da cena brasileira como Daniel Guedes e Mario Ulloa e grupos\u00a0emblem\u00e1ticos como a Camerata Concertante e as Sociedades Filarm\u00f4nicas do\u00a0Rec\u00f4ncavo.<\/div>\n<div>A segunda edi\u00e7\u00e3o, em 2024, manteve o car\u00e1ter de interc\u00e2mbio e forma\u00e7\u00e3o musical,\u00a0reunindo cerca de 1.600 pessoas e apresentando artistas internacionais e nacionais de\u00a0destaque como Gabriele Leite, Mamadou Sarr, Srjan Vukasinovich, Jana Vasconcelos e\u00a0Gel Barbosa, Jefinho Dias e Grupo, Coral Municipal de Madre de Deus, Thierry Lucas,\u00a0Aare Tammesalu, Delia Fischer, Bostjan Lipovsev, Jam Delas, Hercules Gomes e Grupo\u00a0de Choro e Leila Maria.<\/div>\n<div>Ao longo dessas edi\u00e7\u00f5es, o festival vem refor\u00e7ando a sua proposta de valorizar a produ\u00e7\u00e3o\u00a0musical do Rec\u00f4ncavo em di\u00e1logo com sonoridades internacionais e brasileiras.<\/div>\n<div>O Instituto Popular do Rec\u00f4ncavo (IPR), realizador do evento, reafirma, nesta terceira edi\u00e7\u00e3o, seu compromisso com a cultura e a m\u00fasica local, oferecendo um espa\u00e7o gratuito e acess\u00edvel para o p\u00fablico vivenciar o melhor da m\u00fasica instrumental no cora\u00e7\u00e3o da Bahia. O Rec\u00f4ncavo Instrumental tamb\u00e9m refor\u00e7a a import\u00e2ncia da presen\u00e7a digital do festival, ampliando seu alcance e permitindo que mais pessoas tenham contato com as apresenta\u00e7\u00f5es e conte\u00fados formativos e tamb\u00e9m conta com o patroc\u00ednio da Acelen e do Governo do Estado da Bahia, atrav\u00e9s do Programa Fazcultura.<\/div>\n<\/div>\n<\/div>\n<\/div>\n<\/div>\n<p>&nbsp;<\/p>\n","protected":false},"excerpt":{"rendered":"<p>\u00a0 De 10 a 15 de novembro e no dia 21 de novembro, o Rec\u00f4ncavo Baiano ser\u00e1 tomado pelos sons,\u00a0ritmos e encontros da 3\u00aa edi\u00e7\u00e3o do Festival Rec\u00f4ncavo Instrumental, um evento que celebra a\u00a0for\u00e7a da m\u00fasica como linguagem universal e espa\u00e7o de di\u00e1logo entre culturas. Sob a curadoria e dire\u00e7\u00e3o art\u00edstica da pianista Simone Leit\u00e3o, [&hellip;]<\/p>\n","protected":false},"author":2,"featured_media":127471,"comment_status":"open","ping_status":"open","sticky":false,"template":"","format":"standard","meta":{"_links_to":"","_links_to_target":""},"categories":[1],"tags":[],"_links":{"self":[{"href":"https:\/\/www.r2cpress.com.br\/v1\/wp-json\/wp\/v2\/posts\/131336"}],"collection":[{"href":"https:\/\/www.r2cpress.com.br\/v1\/wp-json\/wp\/v2\/posts"}],"about":[{"href":"https:\/\/www.r2cpress.com.br\/v1\/wp-json\/wp\/v2\/types\/post"}],"author":[{"embeddable":true,"href":"https:\/\/www.r2cpress.com.br\/v1\/wp-json\/wp\/v2\/users\/2"}],"replies":[{"embeddable":true,"href":"https:\/\/www.r2cpress.com.br\/v1\/wp-json\/wp\/v2\/comments?post=131336"}],"version-history":[{"count":1,"href":"https:\/\/www.r2cpress.com.br\/v1\/wp-json\/wp\/v2\/posts\/131336\/revisions"}],"predecessor-version":[{"id":131340,"href":"https:\/\/www.r2cpress.com.br\/v1\/wp-json\/wp\/v2\/posts\/131336\/revisions\/131340"}],"wp:featuredmedia":[{"embeddable":true,"href":"https:\/\/www.r2cpress.com.br\/v1\/wp-json\/wp\/v2\/media\/127471"}],"wp:attachment":[{"href":"https:\/\/www.r2cpress.com.br\/v1\/wp-json\/wp\/v2\/media?parent=131336"}],"wp:term":[{"taxonomy":"category","embeddable":true,"href":"https:\/\/www.r2cpress.com.br\/v1\/wp-json\/wp\/v2\/categories?post=131336"},{"taxonomy":"post_tag","embeddable":true,"href":"https:\/\/www.r2cpress.com.br\/v1\/wp-json\/wp\/v2\/tags?post=131336"}],"curies":[{"name":"wp","href":"https:\/\/api.w.org\/{rel}","templated":true}]}}