{"id":131361,"date":"2025-11-07T12:14:34","date_gmt":"2025-11-07T15:14:34","guid":{"rendered":"https:\/\/www.r2cpress.com.br\/v1\/?p=131361"},"modified":"2025-12-06T15:24:41","modified_gmt":"2025-12-06T18:24:41","slug":"ufsb-e-o-novo-pac-campus-de-jequie-e-melhorias-no-campus-de-porto-entram-em-fase-de-licitacao","status":"publish","type":"post","link":"https:\/\/www.r2cpress.com.br\/v1\/2025\/11\/07\/ufsb-e-o-novo-pac-campus-de-jequie-e-melhorias-no-campus-de-porto-entram-em-fase-de-licitacao\/","title":{"rendered":"UFSB e o Novo PAC: campus de Jequi\u00e9 e melhorias no campus de Porto entram em fase de licita\u00e7\u00e3o"},"content":{"rendered":"<p style=\"list-style: none; vertical-align: baseline; margin: 0px; padding: 0px; font-size: 14px; line-height: 1.75em; color: #000000; font-family: open_sansregular, 'Open Sans', Arial, Helvetica, sans-serif; font-style: normal; font-variant-ligatures: normal; font-variant-caps: normal; font-weight: 400; letter-spacing: normal; orphans: 2; text-indent: 0px; text-transform: none; widows: 2; word-spacing: 0px; -webkit-text-stroke-width: 0px; white-space: normal; background-color: #ffffff; text-decoration-thickness: initial; text-decoration-style: initial; text-decoration-color: initial; text-align: justify;\"><span style=\"list-style: none; vertical-align: baseline; margin: 0px; padding: 0px; font-size: 10pt; font-family: verdana, geneva;\"><a href=\"https:\/\/www.r2cpress.com.br\/v1\/wp-content\/uploads\/2025\/11\/1000419770.jpg\"><img loading=\"lazy\" class=\"aligncenter size-medium wp-image-131362\" src=\"https:\/\/www.r2cpress.com.br\/v1\/wp-content\/uploads\/2025\/11\/1000419770-300x169.jpg\" alt=\"\" width=\"300\" height=\"169\" srcset=\"https:\/\/www.r2cpress.com.br\/v1\/wp-content\/uploads\/2025\/11\/1000419770-300x169.jpg 300w, https:\/\/www.r2cpress.com.br\/v1\/wp-content\/uploads\/2025\/11\/1000419770.jpg 600w\" sizes=\"(max-width: 300px) 100vw, 300px\" \/><\/a>Com o objetivo de ampliar o acesso \u00e0 educa\u00e7\u00e3o superior p\u00fablica, gratuita e de qualidade, dando continuidade ao processo de consolida\u00e7\u00e3o institucional, a UFSB publicou, no dia 5 de novembro, mais duas licita\u00e7\u00f5es de obras previstas no Plano de Contrata\u00e7\u00f5es Anual &#8211; PCA da UFSB e no\u00a0<a style=\"list-style: none; vertical-align: baseline; margin: 0px; padding: 0px; color: #0088cc; text-decoration: none; outline: none medium;\" href=\"https:\/\/www.gov.br\/casacivil\/pt-br\/novopac\" data-linkindex=\"0\">Novo PAC<\/a>\u00a0do Governo Federal.<\/span><\/p>\n<p style=\"list-style: none; vertical-align: baseline; margin: 0px; padding: 0px; font-size: 14px; line-height: 1.75em; color: #000000; font-family: open_sansregular, 'Open Sans', Arial, Helvetica, sans-serif; font-style: normal; font-variant-ligatures: normal; font-variant-caps: normal; font-weight: 400; letter-spacing: normal; orphans: 2; text-indent: 0px; text-transform: none; widows: 2; word-spacing: 0px; -webkit-text-stroke-width: 0px; white-space: normal; background-color: #ffffff; text-decoration-thickness: initial; text-decoration-style: initial; text-decoration-color: initial; text-align: justify;\"><span style=\"list-style: none; vertical-align: baseline; margin: 0px; padding: 0px; font-size: 10pt; font-family: verdana, geneva;\">Como o uso de energia el\u00e9trica requer constante investimento no meio universit\u00e1rio, mesmo com utiliza\u00e7\u00e3o de recursos cada vez mais eficientes, para o Campus Sos\u00edgenes Costa (CSC) foi proposto um retrofit no sistema el\u00e9trico com duas novas subesta\u00e7\u00f5es e reforma de outras duas, por meio da\u00a0<a style=\"list-style: none; vertical-align: baseline; margin: 0px; padding: 0px; color: #0088cc; text-decoration: none; outline: none medium;\" href=\"https:\/\/pncp.gov.br\/app\/editais\/18560547000107\/2025\/22\" data-linkindex=\"1\">Concorr\u00eancia eletr\u00f4nica n. 90087\/2025<\/a>.<\/span><\/p>\n<p style=\"list-style: none; vertical-align: baseline; margin: 0px; padding: 0px; font-size: 14px; line-height: 1.75em; color: #000000; font-family: open_sansregular, 'Open Sans', Arial, Helvetica, sans-serif; font-style: normal; font-variant-ligatures: normal; font-variant-caps: normal; font-weight: 400; letter-spacing: normal; orphans: 2; text-indent: 0px; text-transform: none; widows: 2; word-spacing: 0px; -webkit-text-stroke-width: 0px; white-space: normal; background-color: #ffffff; text-decoration-thickness: initial; text-decoration-style: initial; text-decoration-color: initial; text-align: justify;\"><span style=\"list-style: none; vertical-align: baseline; margin: 0px; padding: 0px; font-size: 10pt; font-family: verdana, geneva;\">J\u00e1 a\u00a0<a style=\"list-style: none; vertical-align: baseline; margin: 0px; padding: 0px; color: #0088cc; text-decoration: none; outline: none medium;\" href=\"https:\/\/pncp.gov.br\/app\/editais\/18560547000107\/2025\/23\" data-linkindex=\"2\">Concorr\u00eancia eletr\u00f4nica n. 90104\/2025<\/a>\u00a0visa garantir a implanta\u00e7\u00e3o novo campus da UFSB em Jequi\u00e9, recentemente\u00a0<a style=\"list-style: none; vertical-align: baseline; margin: 0px; padding: 0px; color: #0088cc; text-decoration: none; outline: none medium;\" href=\"https:\/\/ufsb.edu.br\/ultimas-noticias\/5155-consuni-aprova-criacao-do-centro-multidisciplinar-ciencia-e-sociedade-em-jequie#:~:text=Nesta%20quarta%2Dfeira%2C%20dia%2027,e%20Sociedade%20em%20Jequi%C3%A9%2FBA.\" data-linkindex=\"3\">aprovado pelo Conselho Universit\u00e1rio da UFSB<\/a>, em agosto de 2025. A contrata\u00e7\u00e3o prev\u00ea a constru\u00e7\u00e3o do Pavilh\u00e3o de Aulas e toda infraestrutura para o novo campus (\u00e1rea externa, p\u00f3rtico, etc).<\/span><\/p>\n<p style=\"list-style: none; vertical-align: baseline; margin: 0px; padding: 0px; font-size: 14px; line-height: 1.75em; color: #000000; font-family: open_sansregular, 'Open Sans', Arial, Helvetica, sans-serif; font-style: normal; font-variant-ligatures: normal; font-variant-caps: normal; font-weight: 400; letter-spacing: normal; orphans: 2; text-indent: 0px; text-transform: none; widows: 2; word-spacing: 0px; -webkit-text-stroke-width: 0px; white-space: normal; background-color: #ffffff; text-decoration-thickness: initial; text-decoration-style: initial; text-decoration-color: initial; text-align: justify;\"><span style=\"list-style: none; vertical-align: baseline; margin: 0px; padding: 0px; font-size: 10pt; font-family: verdana, geneva;\">Com os dois editais de licita\u00e7\u00e3o publicados, a equipe t\u00e9cnica respons\u00e1vel agora segue as diretrizes e demais tr\u00e2mites das contrata\u00e7\u00f5es p\u00fablicas conforme a Lei n. 14.133\/2021 e demais regramentos, sendo que cada detalhe e etapa pode ser acompanhada pelo Portal Nacional de Contrata\u00e7\u00f5es P\u00fablicas &#8211; PNCP ou pela p\u00e1gina de\u00a0<a style=\"list-style: none; vertical-align: baseline; margin: 0px; padding: 0px; color: #0088cc; text-decoration: none; outline: none medium;\" href=\"https:\/\/ufsb.edu.br\/licitacoes-e-contratos\/licitacoes\/380-concorrencias\/396-2025\" data-linkindex=\"4\">Licita\u00e7\u00f5es e Contratos da UFSB<\/a>.<\/span><\/p>\n<p style=\"list-style: none; vertical-align: baseline; margin: 0px; padding: 0px; font-size: 14px; line-height: 1.75em; color: #000000; font-family: open_sansregular, 'Open Sans', Arial, Helvetica, sans-serif; font-style: normal; font-variant-ligatures: normal; font-variant-caps: normal; font-weight: 400; letter-spacing: normal; orphans: 2; text-indent: 0px; text-transform: none; widows: 2; word-spacing: 0px; -webkit-text-stroke-width: 0px; white-space: normal; background-color: #ffffff; text-decoration-thickness: initial; text-decoration-style: initial; text-decoration-color: initial; text-align: justify;\"><span style=\"list-style: none; vertical-align: baseline; margin: 0px; padding: 0px; font-size: 10pt; font-family: verdana, geneva;\">Vale lembrar que em 2024, a UFSB realizou o processo licitat\u00f3rio que possibilitou o in\u00edcio, j\u00e1 em 2025, da constru\u00e7\u00e3o dos Restaurantes Universit\u00e1rios (RUs) do Campus Jorge Amado (CJA) e Campus Paulo Freire (CPF), al\u00e9m da Reforma do Restaurante do Campus Sos\u00edgenes Costa (CSC), com foco em uma alimenta\u00e7\u00e3o de qualidade para a comunidade acad\u00eamica.<\/span><!--more--><\/p>\n<p style=\"list-style: none; vertical-align: baseline; margin: 0px; padding: 0px; font-size: 14px; line-height: 1.75em; color: #000000; font-family: open_sansregular, 'Open Sans', Arial, Helvetica, sans-serif; font-style: normal; font-variant-ligatures: normal; font-variant-caps: normal; font-weight: 400; letter-spacing: normal; orphans: 2; text-indent: 0px; text-transform: none; widows: 2; word-spacing: 0px; -webkit-text-stroke-width: 0px; white-space: normal; background-color: #ffffff; text-decoration-thickness: initial; text-decoration-style: initial; text-decoration-color: initial; text-align: justify;\"><span style=\"list-style: none; vertical-align: baseline; margin: 0px; padding: 0px; font-size: 10pt; font-family: verdana, geneva;\">Voltada para os ambientes de ensino, pesquisa e extens\u00e3o, em 2025 a UFSB tamb\u00e9m iniciou a constru\u00e7\u00e3o do Pavilh\u00e3o de Laborat\u00f3rio de Engenharia Civil do Centro de Forma\u00e7\u00e3o em Desenvolvimento Territorial do CPF e do Pavilh\u00e3o de Laborat\u00f3rios do CSC, em Porto Seguro. Todas essas obras foram licitadas em 2024 e\u00a0<a style=\"list-style: none; vertical-align: baseline; margin: 0px; padding: 0px; color: #0088cc; text-decoration: none; outline: none medium;\" href=\"https:\/\/ufsb.edu.br\/ultimas-noticias\/4907-novo-pac-na-ufsb-inicio-de-quatro-novas-obras-em-marco-de-2025\" data-linkindex=\"5\">seguem em ritmo acelerado<\/a>, de modo que toda a comunidade UFSB pode acompanhar o avan\u00e7o dos trabalhos em cada campus.<\/span><\/p>\n<p style=\"list-style: none; vertical-align: baseline; margin: 0px; padding: 0px; font-size: 14px; line-height: 1.75em; color: #000000; font-family: open_sansregular, 'Open Sans', Arial, Helvetica, sans-serif; font-style: normal; font-variant-ligatures: normal; font-variant-caps: normal; font-weight: 400; letter-spacing: normal; orphans: 2; text-indent: 0px; text-transform: none; widows: 2; word-spacing: 0px; -webkit-text-stroke-width: 0px; white-space: normal; background-color: #ffffff; text-decoration-thickness: initial; text-decoration-style: initial; text-decoration-color: initial; text-align: justify;\"><span style=\"list-style: none; vertical-align: baseline; margin: 0px; padding: 0px; font-size: 10pt; font-family: verdana, geneva;\">Ainda como parte da pactua\u00e7\u00e3o com o Governo Federal, a obra do N\u00facleo Pedag\u00f3gico do CSC \u2013 paralisada em 2019 e retomada em junho de 2024 \u2013 tamb\u00e9m est\u00e1 bem adiantada e com previs\u00e3o de inaugura\u00e7\u00e3o em 2026, assim como os RUs.<\/span><\/p>\n","protected":false},"excerpt":{"rendered":"<p>Com o objetivo de ampliar o acesso \u00e0 educa\u00e7\u00e3o superior p\u00fablica, gratuita e de qualidade, dando continuidade ao processo de consolida\u00e7\u00e3o institucional, a UFSB publicou, no dia 5 de novembro, mais duas licita\u00e7\u00f5es de obras previstas no Plano de Contrata\u00e7\u00f5es Anual &#8211; PCA da UFSB e no\u00a0Novo PAC\u00a0do Governo Federal. Como o uso de energia [&hellip;]<\/p>\n","protected":false},"author":2,"featured_media":131362,"comment_status":"open","ping_status":"open","sticky":false,"template":"","format":"standard","meta":{"_links_to":"","_links_to_target":""},"categories":[1],"tags":[],"_links":{"self":[{"href":"https:\/\/www.r2cpress.com.br\/v1\/wp-json\/wp\/v2\/posts\/131361"}],"collection":[{"href":"https:\/\/www.r2cpress.com.br\/v1\/wp-json\/wp\/v2\/posts"}],"about":[{"href":"https:\/\/www.r2cpress.com.br\/v1\/wp-json\/wp\/v2\/types\/post"}],"author":[{"embeddable":true,"href":"https:\/\/www.r2cpress.com.br\/v1\/wp-json\/wp\/v2\/users\/2"}],"replies":[{"embeddable":true,"href":"https:\/\/www.r2cpress.com.br\/v1\/wp-json\/wp\/v2\/comments?post=131361"}],"version-history":[{"count":2,"href":"https:\/\/www.r2cpress.com.br\/v1\/wp-json\/wp\/v2\/posts\/131361\/revisions"}],"predecessor-version":[{"id":131537,"href":"https:\/\/www.r2cpress.com.br\/v1\/wp-json\/wp\/v2\/posts\/131361\/revisions\/131537"}],"wp:featuredmedia":[{"embeddable":true,"href":"https:\/\/www.r2cpress.com.br\/v1\/wp-json\/wp\/v2\/media\/131362"}],"wp:attachment":[{"href":"https:\/\/www.r2cpress.com.br\/v1\/wp-json\/wp\/v2\/media?parent=131361"}],"wp:term":[{"taxonomy":"category","embeddable":true,"href":"https:\/\/www.r2cpress.com.br\/v1\/wp-json\/wp\/v2\/categories?post=131361"},{"taxonomy":"post_tag","embeddable":true,"href":"https:\/\/www.r2cpress.com.br\/v1\/wp-json\/wp\/v2\/tags?post=131361"}],"curies":[{"name":"wp","href":"https:\/\/api.w.org\/{rel}","templated":true}]}}