{"id":131432,"date":"2025-11-21T14:41:49","date_gmt":"2025-11-21T17:41:49","guid":{"rendered":"https:\/\/www.r2cpress.com.br\/v1\/?p=131432"},"modified":"2025-11-21T14:41:49","modified_gmt":"2025-11-21T17:41:49","slug":"estande-da-bahia-pesca-confere-toque-de-baianidade-a-fenacam-2","status":"publish","type":"post","link":"https:\/\/www.r2cpress.com.br\/v1\/2025\/11\/21\/estande-da-bahia-pesca-confere-toque-de-baianidade-a-fenacam-2\/","title":{"rendered":"Estande da Bahia Pesca confere toque de baianidade \u00e0 Fenacam"},"content":{"rendered":"<div class=\"elementToProof\"><a href=\"https:\/\/www.r2cpress.com.br\/v1\/wp-content\/uploads\/2025\/11\/1000441767.jpg\"><img loading=\"lazy\" class=\"aligncenter size-medium wp-image-131434\" src=\"https:\/\/www.r2cpress.com.br\/v1\/wp-content\/uploads\/2025\/11\/1000441767-300x169.jpg\" alt=\"\" width=\"300\" height=\"169\" srcset=\"https:\/\/www.r2cpress.com.br\/v1\/wp-content\/uploads\/2025\/11\/1000441767-300x169.jpg 300w, https:\/\/www.r2cpress.com.br\/v1\/wp-content\/uploads\/2025\/11\/1000441767.jpg 600w\" sizes=\"(max-width: 300px) 100vw, 300px\" \/><\/a>A Bahia Pesca participou, entre os dias 11 e 14 de novembro, da 21\u00aa edi\u00e7\u00e3o da Feira Nacional do Camar\u00e3o \u2013 Fenacam 2025, realizada no Centro de Conven\u00e7\u00f5es de Natal (RN), reafirmando a for\u00e7a da Bahia na aquicultura brasileira e apresentando ao p\u00fablico seus principais programas e projetos.<\/div>\n<div class=\"elementToProof\">Com um estande de 18 m\u00b2, a empresa levou sua equipe t\u00e9cnica para dialogar com produtores, investidores, pesquisadores e representantes do setor aqu\u00edcola de todo o pa\u00eds. Este ano, a participa\u00e7\u00e3o contou ainda com a presen\u00e7a especial de Cac\u00e1, o mascote camar\u00e3o, que atraiu visitantes de todas as idades e se tornou um dos destaques do espa\u00e7o.<\/div>\n<div class=\"elementToProof\">A Bahia Pesca tamb\u00e9m garantiu um toque de baianidade ao evento. Uma baiana caracterizada distribuiu fitinhas do Senhor do Bonfim e cocadas, aproximando o p\u00fablico da cultura e das tradi\u00e7\u00f5es do estado. Outra grande novidade foi a apresenta\u00e7\u00e3o de pratos t\u00edpicos da culin\u00e1ria baiana, preparados e servidos no pr\u00f3prio estande, como acaraj\u00e9, abar\u00e1, moqueca de chumbinho e de camar\u00e3o \u2014 todos muito elogiados pelo p\u00fablico.<\/div>\n<div class=\"elementToProof\">A a\u00e7\u00e3o ganhou ainda mais significado por ser executada por Itamara Oliveira e Priscila dos Santos, ex-alunas do programa Elas \u00e0 Frente da Pesca, que promove a capacita\u00e7\u00e3o e o empoderamento socioprodutivo de mulheres pescadoras e marisqueiras. As cozinheiras foram respons\u00e1veis pelo preparo e servi\u00e7o dos pratos, mostrando, na pr\u00e1tica, como a qualifica\u00e7\u00e3o oferecida pelo programa se transforma em oportunidades reais de trabalho e renda.<\/div>\n<div class=\"elementToProof\">Al\u00e9m da gastronomia, o estande apresentou ao p\u00fablico os projetos e programas estruturantes da Bahia Pesca, que hoje est\u00e3o presentes em todo o estado, fortalecendo a produ\u00e7\u00e3o de pescado, a inclus\u00e3o produtiva e o desenvolvimento das comunidades pesqueiras e aqu\u00edcolas.<br \/>\n<b><br \/>\nFOTOS:<\/b>\u00a0Vin\u00edcius Monteiro\/Ascom Bahia Pesca<\/div>\n","protected":false},"excerpt":{"rendered":"<p>A Bahia Pesca participou, entre os dias 11 e 14 de novembro, da 21\u00aa edi\u00e7\u00e3o da Feira Nacional do Camar\u00e3o \u2013 Fenacam 2025, realizada no Centro de Conven\u00e7\u00f5es de Natal (RN), reafirmando a for\u00e7a da Bahia na aquicultura brasileira e apresentando ao p\u00fablico seus principais programas e projetos. Com um estande de 18 m\u00b2, a [&hellip;]<\/p>\n","protected":false},"author":2,"featured_media":131434,"comment_status":"open","ping_status":"open","sticky":false,"template":"","format":"standard","meta":{"_links_to":"","_links_to_target":""},"categories":[1],"tags":[],"_links":{"self":[{"href":"https:\/\/www.r2cpress.com.br\/v1\/wp-json\/wp\/v2\/posts\/131432"}],"collection":[{"href":"https:\/\/www.r2cpress.com.br\/v1\/wp-json\/wp\/v2\/posts"}],"about":[{"href":"https:\/\/www.r2cpress.com.br\/v1\/wp-json\/wp\/v2\/types\/post"}],"author":[{"embeddable":true,"href":"https:\/\/www.r2cpress.com.br\/v1\/wp-json\/wp\/v2\/users\/2"}],"replies":[{"embeddable":true,"href":"https:\/\/www.r2cpress.com.br\/v1\/wp-json\/wp\/v2\/comments?post=131432"}],"version-history":[{"count":2,"href":"https:\/\/www.r2cpress.com.br\/v1\/wp-json\/wp\/v2\/posts\/131432\/revisions"}],"predecessor-version":[{"id":131435,"href":"https:\/\/www.r2cpress.com.br\/v1\/wp-json\/wp\/v2\/posts\/131432\/revisions\/131435"}],"wp:featuredmedia":[{"embeddable":true,"href":"https:\/\/www.r2cpress.com.br\/v1\/wp-json\/wp\/v2\/media\/131434"}],"wp:attachment":[{"href":"https:\/\/www.r2cpress.com.br\/v1\/wp-json\/wp\/v2\/media?parent=131432"}],"wp:term":[{"taxonomy":"category","embeddable":true,"href":"https:\/\/www.r2cpress.com.br\/v1\/wp-json\/wp\/v2\/categories?post=131432"},{"taxonomy":"post_tag","embeddable":true,"href":"https:\/\/www.r2cpress.com.br\/v1\/wp-json\/wp\/v2\/tags?post=131432"}],"curies":[{"name":"wp","href":"https:\/\/api.w.org\/{rel}","templated":true}]}}