{"id":131436,"date":"2025-11-21T14:48:56","date_gmt":"2025-11-21T17:48:56","guid":{"rendered":"https:\/\/www.r2cpress.com.br\/v1\/?p=131436"},"modified":"2025-11-21T14:48:56","modified_gmt":"2025-11-21T17:48:56","slug":"hemoba-celebra-a-semana-do-doador-com-a-participacao-do-cantor-tony-salles","status":"publish","type":"post","link":"https:\/\/www.r2cpress.com.br\/v1\/2025\/11\/21\/hemoba-celebra-a-semana-do-doador-com-a-participacao-do-cantor-tony-salles\/","title":{"rendered":"Hemoba celebra a Semana do Doador com a participa\u00e7\u00e3o do cantor Tony Salles"},"content":{"rendered":"<div><a href=\"https:\/\/www.r2cpress.com.br\/v1\/wp-content\/uploads\/2016\/05\/CORDEL_SANGUE.jpg\"><img loading=\"lazy\" class=\"aligncenter size-full wp-image-101177\" src=\"https:\/\/www.r2cpress.com.br\/v1\/wp-content\/uploads\/2016\/05\/CORDEL_SANGUE.jpg\" alt=\"\" width=\"300\" height=\"200\" \/><\/a>A Funda\u00e7\u00e3o Hemoba realiza, entre os dias 24 e 29 de novembro, a Semana do Doador em todas as suas unidades na capital e no interior do estado. Com o tema \u201cDoe sangue, entre no ritmo da vida\u201d, a campanha deste ano contar\u00e1 com a participa\u00e7\u00e3o especial do cantor Tony Salles, que ser\u00e1 o padrinho oficial da iniciativa. A a\u00e7\u00e3o ocorre simultaneamente em todos os hemocentros do pa\u00eds e tem como objetivo homenagear os doadores volunt\u00e1rios de sangue e conscientizar a popula\u00e7\u00e3o sobre a import\u00e2ncia da doa\u00e7\u00e3o regular, que ajuda manter os estoques e atender os pacientes em situa\u00e7\u00f5es de emerg\u00eancia, cirurgias, tratamentos oncol\u00f3gicos e doen\u00e7as hematol\u00f3gicas.<\/div>\n<div>Tony Salles afirmou sentir-se honrado em fazer parte dessa campanha e de poder divulgar atrav\u00e9s do seu trabalho uma causa t\u00e3o importante e necess\u00e1ria para a sociedade: \u201cPoder levar essa campanha mais longe ainda atrav\u00e9s do meu trabalho, dos meus f\u00e3s e das pessoas que curtem o meu trabalho \u00e9 pra mim muito especial. Estou muito feliz, honrado e agradecido pelo convite da Hemoba\u201d, declarou Tony.<\/div>\n<div>De acordo com o Minist\u00e9rio da Sa\u00fade, apenas 1,8% da popula\u00e7\u00e3o brasileira doa sangue regularmente \u2014 \u00edndice abaixo da m\u00e9dia ideal de 2% recomendada pela Organiza\u00e7\u00e3o Pan-Americana da Sa\u00fade (OPAS) e distante dos 3% a 5% registrados em alguns pa\u00edses europeus. &#8220;Mais do que uma campanha, a Semana do Doador \u00e9 uma oportunidade de reconhecer a generosidade dos nossos doadores e mobilizar novos volunt\u00e1rios para esse gesto que salva vidas. A presen\u00e7a do cantor Tony Salles como embaixador nos ajuda a ampliar essa mensagem essencial para toda a popula\u00e7\u00e3o, garantindo que nenhum paciente deixe de ser atendido por falta de sangue&#8221;, destacou Riv\u00e2nia Andrade, diretora de Hemoterapia da Hemoba.<\/div>\n<div><b>Onde doar &#8211;<\/b>\u00a0Em Salvador, o Posto Tempor\u00e1rio no Shopping Bela Vista funciona durante todo o m\u00eas de novembro, de segunda a s\u00e1bado, das 9h \u00e0s 18h. J\u00e1 as unidades fixas atendem com o seguinte hor\u00e1rio: o Hemocentro Coordenador (sede da Hemoba), de segunda a sexta-feira, das 7h30 \u00e0s 18h30, e aos s\u00e1bados, das 7h30 \u00e0s 16h30; o Hospital do Sub\u00farbio, de segunda a sexta-feira, das 7h30 \u00e0s 16h30; o Hospital Ana Nery, de ter\u00e7a a sexta-feira, das 7h30 \u00e0s 12h30; o Hospital Roberto Santos, de segunda a sexta-feira, das 8h \u00e0s 12h e das 13h \u00e0s 17h; e o Hospital Santo Ant\u00f4nio (OSID), de segunda a sexta-feira, das 7h10 \u00e0s 11h30 e das 13h \u00e0s 16h. Para informa\u00e7\u00f5es sobre os hor\u00e1rios de atendimento das 20 unidades de coleta no interior, consulte o site da Hemoba:\u00a0<a class=\"ms-outlook-linkify\" href=\"https:\/\/www.ba.gov.br\/hemoba\/onde-doar\">https:\/\/www.ba.gov.br\/hemoba\/onde-doar<\/a>.<\/div>\n<p><!--more--><\/p>\n<div><\/div>\n<div><b>Crit\u00e9rios para doa\u00e7\u00e3o &#8211;<\/b>\u00a0Para doar sangue, o candidato deve estar em boas condi\u00e7\u00f5es de sa\u00fade, pesar acima de 50 kg e ter idade entre 16 e 69 anos. Menores de 18 anos devem ir acompanhados dos pais ou respons\u00e1vel legal, e idosos acima de 60 anos s\u00f3 podem doar se j\u00e1 tiverem doado anteriormente. No dia da doa\u00e7\u00e3o, o volunt\u00e1rio n\u00e3o pode estar em jejum, nem ter ingerido bebida alco\u00f3lica nas 12 horas anteriores, al\u00e9m de n\u00e3o fumar por pelo menos duas horas antes do procedimento. \u00c9 necess\u00e1rio ter dormido, no m\u00ednimo, seis horas na noite anterior. Tamb\u00e9m \u00e9 recomend\u00e1vel evitar alimentos gordurosos nas quatro horas que antecedem a doa\u00e7\u00e3o. Para doar, \u00e9 necess\u00e1ria a apresenta\u00e7\u00e3o de um documento oficial com foto, v\u00e1lido em todo o territ\u00f3rio nacional.<\/div>\n","protected":false},"excerpt":{"rendered":"<p>A Funda\u00e7\u00e3o Hemoba realiza, entre os dias 24 e 29 de novembro, a Semana do Doador em todas as suas unidades na capital e no interior do estado. Com o tema \u201cDoe sangue, entre no ritmo da vida\u201d, a campanha deste ano contar\u00e1 com a participa\u00e7\u00e3o especial do cantor Tony Salles, que ser\u00e1 o padrinho [&hellip;]<\/p>\n","protected":false},"author":2,"featured_media":101177,"comment_status":"open","ping_status":"open","sticky":false,"template":"","format":"standard","meta":{"_links_to":"","_links_to_target":""},"categories":[1],"tags":[],"_links":{"self":[{"href":"https:\/\/www.r2cpress.com.br\/v1\/wp-json\/wp\/v2\/posts\/131436"}],"collection":[{"href":"https:\/\/www.r2cpress.com.br\/v1\/wp-json\/wp\/v2\/posts"}],"about":[{"href":"https:\/\/www.r2cpress.com.br\/v1\/wp-json\/wp\/v2\/types\/post"}],"author":[{"embeddable":true,"href":"https:\/\/www.r2cpress.com.br\/v1\/wp-json\/wp\/v2\/users\/2"}],"replies":[{"embeddable":true,"href":"https:\/\/www.r2cpress.com.br\/v1\/wp-json\/wp\/v2\/comments?post=131436"}],"version-history":[{"count":1,"href":"https:\/\/www.r2cpress.com.br\/v1\/wp-json\/wp\/v2\/posts\/131436\/revisions"}],"predecessor-version":[{"id":131437,"href":"https:\/\/www.r2cpress.com.br\/v1\/wp-json\/wp\/v2\/posts\/131436\/revisions\/131437"}],"wp:featuredmedia":[{"embeddable":true,"href":"https:\/\/www.r2cpress.com.br\/v1\/wp-json\/wp\/v2\/media\/101177"}],"wp:attachment":[{"href":"https:\/\/www.r2cpress.com.br\/v1\/wp-json\/wp\/v2\/media?parent=131436"}],"wp:term":[{"taxonomy":"category","embeddable":true,"href":"https:\/\/www.r2cpress.com.br\/v1\/wp-json\/wp\/v2\/categories?post=131436"},{"taxonomy":"post_tag","embeddable":true,"href":"https:\/\/www.r2cpress.com.br\/v1\/wp-json\/wp\/v2\/tags?post=131436"}],"curies":[{"name":"wp","href":"https:\/\/api.w.org\/{rel}","templated":true}]}}