{"id":131438,"date":"2025-11-21T14:54:11","date_gmt":"2025-11-21T17:54:11","guid":{"rendered":"https:\/\/www.r2cpress.com.br\/v1\/?p=131438"},"modified":"2025-11-21T14:54:11","modified_gmt":"2025-11-21T17:54:11","slug":"3a-edicao-do-festival-reconcavo-instrumental-e-marcada-por-grande-sucesso-e-segue-com-programacao-especial-no-dia-21-de-novembro","status":"publish","type":"post","link":"https:\/\/www.r2cpress.com.br\/v1\/2025\/11\/21\/3a-edicao-do-festival-reconcavo-instrumental-e-marcada-por-grande-sucesso-e-segue-com-programacao-especial-no-dia-21-de-novembro\/","title":{"rendered":"3\u00aa edi\u00e7\u00e3o do Festival Rec\u00f4ncavo Instrumental \u00e9 marcada por grande sucesso e segue com programa\u00e7\u00e3o especial no dia 21 de novembro"},"content":{"rendered":"<p style=\"font-weight: 400;\"><a href=\"https:\/\/www.r2cpress.com.br\/v1\/wp-content\/uploads\/2023\/07\/Screenshot_2023-03-24-17-30-00-765_com.miui_.screenshot-edit-1-300x121-1.jpg\"><img loading=\"lazy\" class=\"aligncenter size-full wp-image-127471\" src=\"https:\/\/www.r2cpress.com.br\/v1\/wp-content\/uploads\/2023\/07\/Screenshot_2023-03-24-17-30-00-765_com.miui_.screenshot-edit-1-300x121-1.jpg\" alt=\"\" width=\"300\" height=\"121\" \/><\/a>A terceira edi\u00e7\u00e3o do Festival Rec\u00f4ncavo Instrumental confirmou seu lugar como um dos mais importantes eventos de m\u00fasica instrumental do pa\u00eds, atraindo p\u00fablico expressivo, fortalecendo o interc\u00e2mbio cultural e reafirmando o potencial criativo do Rec\u00f4ncavo Baiano no cen\u00e1rio musical internacional. Realizado entre os dias 10 e 15 de novembro, o festival movimentou cidades do Rec\u00f4ncavo e Salvador com shows, a\u00e7\u00f5es formativas e encontros in\u00e9ditos entre artistas brasileiros e estrangeiros, celebrando diversidade, inova\u00e7\u00e3o e conex\u00e3o entre diferentes linguagens musicais.<\/p>\n<p style=\"font-weight: 400;\">Sob dire\u00e7\u00e3o art\u00edstica e curadoria da pianista Simone Leit\u00e3o, o evento promoveu experi\u00eancias que dialogam entre o erudito e o popular, reunindo nomes reconhecidos da cena instrumental e talentos em ascens\u00e3o. Com participa\u00e7\u00f5es de artistas da Bahia, de outras regi\u00f5es do Brasil, e de pa\u00edses como Argentina e Esc\u00f3cia, o festival mais uma vez cumpriu seu papel de ponte cultural entre territ\u00f3rios, idiomas e est\u00e9ticas.<\/p>\n<p style=\"font-weight: 400;\">Ap\u00f3s uma programa\u00e7\u00e3o intensa, o festival segue com sua \u00faltima data oficial, no dia 21 de novembro, na cidade de Cachoeira, com concerto \u00e0s 19h no Cine Theatro Cachoeirano, reunindo Jana Vasconcelos, Gel Barbosa e o Quinteto de Sopros Aliseos. No mesmo dia, \u00e0s 10h30, a Sede da Filarm\u00f4nica Minerva Cachoeirana recebe uma a\u00e7\u00e3o formativa com o Quinteto de Sopros Aliseos, refor\u00e7ando a miss\u00e3o pedag\u00f3gica e de qualifica\u00e7\u00e3o art\u00edstica do evento.<!--more--><\/p>\n<p style=\"font-weight: 400;\">O Festival Rec\u00f4ncavo Instrumental \u00e9 realizado pelo Instituto Popular do Rec\u00f4ncavo (IPR) e conta com patroc\u00ednio da Acelen e da Bahiagas \u2013 Governo da Bahia.<\/p>\n<p style=\"font-weight: 400;\">Mais uma vez, o festival celebra o Rec\u00f4ncavo como territ\u00f3rio vivo de cria\u00e7\u00e3o, mem\u00f3ria e futuro, onde a m\u00fasica instrumental se torna linguagem de pertencimento, resist\u00eancia e pot\u00eancia global.<\/p>\n","protected":false},"excerpt":{"rendered":"<p>A terceira edi\u00e7\u00e3o do Festival Rec\u00f4ncavo Instrumental confirmou seu lugar como um dos mais importantes eventos de m\u00fasica instrumental do pa\u00eds, atraindo p\u00fablico expressivo, fortalecendo o interc\u00e2mbio cultural e reafirmando o potencial criativo do Rec\u00f4ncavo Baiano no cen\u00e1rio musical internacional. Realizado entre os dias 10 e 15 de novembro, o festival movimentou cidades do Rec\u00f4ncavo [&hellip;]<\/p>\n","protected":false},"author":2,"featured_media":127471,"comment_status":"open","ping_status":"open","sticky":false,"template":"","format":"standard","meta":{"_links_to":"","_links_to_target":""},"categories":[1],"tags":[],"_links":{"self":[{"href":"https:\/\/www.r2cpress.com.br\/v1\/wp-json\/wp\/v2\/posts\/131438"}],"collection":[{"href":"https:\/\/www.r2cpress.com.br\/v1\/wp-json\/wp\/v2\/posts"}],"about":[{"href":"https:\/\/www.r2cpress.com.br\/v1\/wp-json\/wp\/v2\/types\/post"}],"author":[{"embeddable":true,"href":"https:\/\/www.r2cpress.com.br\/v1\/wp-json\/wp\/v2\/users\/2"}],"replies":[{"embeddable":true,"href":"https:\/\/www.r2cpress.com.br\/v1\/wp-json\/wp\/v2\/comments?post=131438"}],"version-history":[{"count":1,"href":"https:\/\/www.r2cpress.com.br\/v1\/wp-json\/wp\/v2\/posts\/131438\/revisions"}],"predecessor-version":[{"id":131439,"href":"https:\/\/www.r2cpress.com.br\/v1\/wp-json\/wp\/v2\/posts\/131438\/revisions\/131439"}],"wp:featuredmedia":[{"embeddable":true,"href":"https:\/\/www.r2cpress.com.br\/v1\/wp-json\/wp\/v2\/media\/127471"}],"wp:attachment":[{"href":"https:\/\/www.r2cpress.com.br\/v1\/wp-json\/wp\/v2\/media?parent=131438"}],"wp:term":[{"taxonomy":"category","embeddable":true,"href":"https:\/\/www.r2cpress.com.br\/v1\/wp-json\/wp\/v2\/categories?post=131438"},{"taxonomy":"post_tag","embeddable":true,"href":"https:\/\/www.r2cpress.com.br\/v1\/wp-json\/wp\/v2\/tags?post=131438"}],"curies":[{"name":"wp","href":"https:\/\/api.w.org\/{rel}","templated":true}]}}