{"id":131440,"date":"2025-11-21T14:56:15","date_gmt":"2025-11-21T17:56:15","guid":{"rendered":"https:\/\/www.r2cpress.com.br\/v1\/?p=131440"},"modified":"2025-11-21T14:56:15","modified_gmt":"2025-11-21T17:56:15","slug":"programacao-musical-na-hemoba-celebra-semana-do-doador-de-sangue","status":"publish","type":"post","link":"https:\/\/www.r2cpress.com.br\/v1\/2025\/11\/21\/programacao-musical-na-hemoba-celebra-semana-do-doador-de-sangue\/","title":{"rendered":"Programa\u00e7\u00e3o musical na Hemoba celebra Semana do Doador de Sangue"},"content":{"rendered":"<div class=\"elementToProof\"><a href=\"https:\/\/www.r2cpress.com.br\/v1\/wp-content\/uploads\/2025\/11\/1000441791.jpg\"><img loading=\"lazy\" class=\"aligncenter size-medium wp-image-131441\" src=\"https:\/\/www.r2cpress.com.br\/v1\/wp-content\/uploads\/2025\/11\/1000441791-300x200.jpg\" alt=\"\" width=\"300\" height=\"200\" srcset=\"https:\/\/www.r2cpress.com.br\/v1\/wp-content\/uploads\/2025\/11\/1000441791-300x200.jpg 300w, https:\/\/www.r2cpress.com.br\/v1\/wp-content\/uploads\/2025\/11\/1000441791.jpg 600w\" sizes=\"(max-width: 300px) 100vw, 300px\" \/><\/a>Com o tema \u201cDoe sangue, entre no ritmo da vida\u201d, a Semana Nacional do Doador de Sangue na Hemoba, que acontecer\u00e1 entre os dias 24 e 29 de novembro, contar\u00e1 com a participa\u00e7\u00e3o de diversos m\u00fasicos e a presen\u00e7a especial do cantor Tony Salles, padrinho oficial da campanha. A a\u00e7\u00e3o ocorre simultaneamente em todos os hemocentros do pa\u00eds e tem como objetivo homenagear os doadores volunt\u00e1rios e conscientizar a popula\u00e7\u00e3o sobre a import\u00e2ncia da doa\u00e7\u00e3o regular de sangue para manter os estoques e atender \u00e0 demanda das unidades hospitalares.<\/div>\n<div class=\"elementToProof\">Durante a Semana do Doador, na sede da Hemoba, em Salvador, haver\u00e1 uma programa\u00e7\u00e3o especial com apresenta\u00e7\u00f5es musicais. No dia 24 de novembro, Tiri e Uel se apresentam \u00e0s 10h. J\u00e1 em 26 de novembro, quem anima o p\u00fablico \u00e9 Morango, \u00e0s 10h30. No dia 27, a m\u00fasica fica por conta de Pedro Manuel, \u00e0s 9h, e em 28 de novembro, J\u00fanior Machado se apresenta \u00e0s 10h30. Na ter\u00e7a-feira, 25 de novembro, quando se celebra o Dia Nacional do Doador de Sangue, o cantor Tony Salles far\u00e1 uma visita ao Hemocentro, entre 11h e 12h, para prestigiar os volunt\u00e1rios da doa\u00e7\u00e3o de sangue.<\/div>\n<div class=\"elementToProof\">Em 2024, a Hemoba registrou 190.235 candidatos \u00e0 doa\u00e7\u00e3o, resultando em 143.812 bolsas coletadas na capital e no interior do estado. Neste ano, entre janeiro e outubro, j\u00e1 foram contabilizados 170.121 candidatos, com 131.242 bolsas coletadas. Segundo o Minist\u00e9rio da Sa\u00fade, apenas 1,8% da popula\u00e7\u00e3o brasileira doa sangue regularmente \u2014 \u00edndice abaixo da m\u00e9dia ideal de 2% recomendada pela Organiza\u00e7\u00e3o Pan-Americana da Sa\u00fade (OPAS) e distante dos 3% a 5% registrados em alguns pa\u00edses europeus.<\/div>\n<p><!--more--><\/p>\n<div class=\"elementToProof\"><\/div>\n<div class=\"elementToProof\"><b>Onde doar \u2013<\/b>\u00a0Em Salvador, na Semana do Doador, a unidade de coleta m\u00f3vel (hem\u00f3vel) estar\u00e1 no SENAC Aquidab\u00e3, no dia 26\/11, e na Parvi\/Bremen (Barros Reis), em 27 e 28\/11. O Posto Tempor\u00e1rio no Shopping Bela Vista funciona durante todo o m\u00eas de novembro, de segunda a s\u00e1bado, das 9h \u00e0s 18h. J\u00e1 as unidades fixas atendem com o seguinte hor\u00e1rio: o Hemocentro Coordenador (sede da Hemoba), de segunda a sexta-feira, das 7h30 \u00e0s 18h30, e aos s\u00e1bados, das 7h30 \u00e0s 16h30; o Hospital do Sub\u00farbio, de segunda a sexta-feira, das 7h30 \u00e0s 16h30; o Hospital Ana Nery, de ter\u00e7a a sexta-feira, das 7h30 \u00e0s 12h30; o Hospital Roberto Santos, de segunda a sexta-feira, das 8h \u00e0s 12h e das 13h \u00e0s 17h; e o Hospital Santo Ant\u00f4nio (OSID), de segunda a sexta-feira, das 7h10 \u00e0s 11h30 e das 13h \u00e0s 16h. Para informa\u00e7\u00f5es sobre os hor\u00e1rios de atendimento das 20 unidades de coleta no interior, consulte o site da Hemoba:\u00a0<a class=\"ms-outlook-linkify\" href=\"https:\/\/www.ba.gov.br\/hemoba\/onde-doar\">https:\/\/www.ba.gov.br\/hemoba\/onde-doar<\/a>.<\/div>\n<div class=\"elementToProof\"><b>Crit\u00e9rios para doa\u00e7\u00e3o &#8211;<\/b>\u00a0Para doar sangue, o candidato deve estar em boas condi\u00e7\u00f5es de sa\u00fade, pesar acima de 50 kg e ter idade entre 16 e 69 anos. Menores de 18 anos devem ir acompanhados dos pais ou respons\u00e1vel legal, e idosos acima de 60 anos s\u00f3 podem doar se j\u00e1 tiverem doado anteriormente. No dia da doa\u00e7\u00e3o, o volunt\u00e1rio n\u00e3o pode estar em jejum, nem ter ingerido bebida alco\u00f3lica nas 12 horas anteriores, al\u00e9m de n\u00e3o fumar por pelo menos duas horas antes do procedimento. \u00c9 necess\u00e1rio ter dormido, no m\u00ednimo, seis horas na noite anterior. Tamb\u00e9m \u00e9 recomend\u00e1vel evitar alimentos gordurosos nas quatro horas que antecedem a doa\u00e7\u00e3o. Para doar, \u00e9 necess\u00e1ria a apresenta\u00e7\u00e3o de um documento oficial com foto, v\u00e1lido em todo o territ\u00f3rio nacional.<\/div>\n<div class=\"elementToProof\"><\/div>\n","protected":false},"excerpt":{"rendered":"<p>Com o tema \u201cDoe sangue, entre no ritmo da vida\u201d, a Semana Nacional do Doador de Sangue na Hemoba, que acontecer\u00e1 entre os dias 24 e 29 de novembro, contar\u00e1 com a participa\u00e7\u00e3o de diversos m\u00fasicos e a presen\u00e7a especial do cantor Tony Salles, padrinho oficial da campanha. A a\u00e7\u00e3o ocorre simultaneamente em todos os [&hellip;]<\/p>\n","protected":false},"author":2,"featured_media":131441,"comment_status":"open","ping_status":"open","sticky":false,"template":"","format":"standard","meta":{"_links_to":"","_links_to_target":""},"categories":[1],"tags":[],"_links":{"self":[{"href":"https:\/\/www.r2cpress.com.br\/v1\/wp-json\/wp\/v2\/posts\/131440"}],"collection":[{"href":"https:\/\/www.r2cpress.com.br\/v1\/wp-json\/wp\/v2\/posts"}],"about":[{"href":"https:\/\/www.r2cpress.com.br\/v1\/wp-json\/wp\/v2\/types\/post"}],"author":[{"embeddable":true,"href":"https:\/\/www.r2cpress.com.br\/v1\/wp-json\/wp\/v2\/users\/2"}],"replies":[{"embeddable":true,"href":"https:\/\/www.r2cpress.com.br\/v1\/wp-json\/wp\/v2\/comments?post=131440"}],"version-history":[{"count":1,"href":"https:\/\/www.r2cpress.com.br\/v1\/wp-json\/wp\/v2\/posts\/131440\/revisions"}],"predecessor-version":[{"id":131442,"href":"https:\/\/www.r2cpress.com.br\/v1\/wp-json\/wp\/v2\/posts\/131440\/revisions\/131442"}],"wp:featuredmedia":[{"embeddable":true,"href":"https:\/\/www.r2cpress.com.br\/v1\/wp-json\/wp\/v2\/media\/131441"}],"wp:attachment":[{"href":"https:\/\/www.r2cpress.com.br\/v1\/wp-json\/wp\/v2\/media?parent=131440"}],"wp:term":[{"taxonomy":"category","embeddable":true,"href":"https:\/\/www.r2cpress.com.br\/v1\/wp-json\/wp\/v2\/categories?post=131440"},{"taxonomy":"post_tag","embeddable":true,"href":"https:\/\/www.r2cpress.com.br\/v1\/wp-json\/wp\/v2\/tags?post=131440"}],"curies":[{"name":"wp","href":"https:\/\/api.w.org\/{rel}","templated":true}]}}