{"id":131443,"date":"2025-11-21T15:30:18","date_gmt":"2025-11-21T18:30:18","guid":{"rendered":"https:\/\/www.r2cpress.com.br\/v1\/?p=131443"},"modified":"2025-11-21T15:30:18","modified_gmt":"2025-11-21T18:30:18","slug":"do-fundo-do-bau-de-jose-leite-643","status":"publish","type":"post","link":"https:\/\/www.r2cpress.com.br\/v1\/2025\/11\/21\/do-fundo-do-bau-de-jose-leite-643\/","title":{"rendered":"DO FUNDO DO BA\u00da DE JOS\u00c9 LEITE."},"content":{"rendered":"<p><a href=\"https:\/\/www.r2cpress.com.br\/v1\/wp-content\/uploads\/2022\/02\/bau-1-300x214-1.jpg\"><img loading=\"lazy\" class=\"aligncenter size-full wp-image-125385\" src=\"https:\/\/www.r2cpress.com.br\/v1\/wp-content\/uploads\/2022\/02\/bau-1-300x214-1.jpg\" alt=\"\" width=\"300\" height=\"214\" \/><\/a><\/p>\n<p style=\"text-align: center;\"><strong>1) 65 ANOS DE JOS\u00c9 LEITE EM ILH\u00c9US. <\/strong><\/p>\n<p style=\"text-align: center;\"><strong>2) ACONTECEU EM ILH\u00c9US \u00c1 MAIS DE 40 ANOS. <\/strong><\/p>\n<p style=\"text-align: center;\"><strong>3) AS FOTOS DESTAQUES DA SEMANA. <\/strong><!--more--><\/p>\n<p style=\"text-align: center;\"><strong>1) 65 ANOS DE JOS\u00c9 LEITE EM ILH\u00c9US.<a href=\"https:\/\/www.r2cpress.com.br\/v1\/wp-content\/uploads\/2025\/11\/1000430453.jpg\"><img loading=\"lazy\" class=\"aligncenter size-medium wp-image-131417\" src=\"https:\/\/www.r2cpress.com.br\/v1\/wp-content\/uploads\/2025\/11\/1000430453-300x136.jpg\" alt=\"\" width=\"300\" height=\"136\" srcset=\"https:\/\/www.r2cpress.com.br\/v1\/wp-content\/uploads\/2025\/11\/1000430453-300x136.jpg 300w, https:\/\/www.r2cpress.com.br\/v1\/wp-content\/uploads\/2025\/11\/1000430453.jpg 600w\" sizes=\"(max-width: 300px) 100vw, 300px\" \/><\/a> <\/strong><\/p>\n<p>Meus amigos de ILH\u00c9US, JUAZEIRO DO NORTE e de todo o BRASIL, gra\u00e7as ao meu BOM DEUS e ao PADRE C\u00cdCERO DO JUAZEIRO e S\u00c3O JORGE DOS ILH\u00c9US, conseguimos chegar em 2025 com SA\u00daDE. Essa coluna \u00e9 a quadrag\u00e9sima sexta edi\u00e7\u00e3o desse ano. Vamos pedir a DEUS que tenhamos um ano de muita sa\u00fade para todos n\u00f3s, o resto, com ajuda do TODO PODEROSO, vamos conseguir.<a href=\"https:\/\/www.r2cpress.com.br\/v1\/wp-content\/uploads\/2025\/11\/1000441792.jpg\"><img loading=\"lazy\" class=\"aligncenter size-medium wp-image-131444\" src=\"https:\/\/www.r2cpress.com.br\/v1\/wp-content\/uploads\/2025\/11\/1000441792-132x300.jpg\" alt=\"\" width=\"132\" height=\"300\" srcset=\"https:\/\/www.r2cpress.com.br\/v1\/wp-content\/uploads\/2025\/11\/1000441792-132x300.jpg 132w, https:\/\/www.r2cpress.com.br\/v1\/wp-content\/uploads\/2025\/11\/1000441792.jpg 263w\" sizes=\"(max-width: 132px) 100vw, 132px\" \/><\/a><\/p>\n<p>ESSE JOVEM ASPIRANTE NAQUELA \u00c9POCA, ATUALMENTE \u00c9 UM GRANDE GENERAL DO EX\u00c9RCITO BRASILEIRO, e que n\u00f3s Ilheenses sentimos muito orgulho. General LUIZ MOURA BARRETO, amigo de JOS\u00c9 LEITE gra\u00e7as ao meu bom DEUS! Mat\u00e9ria do Jornal DI\u00c1RIO DA TARDE, edi\u00e7\u00e3o de 03-03-1966. Clique na foto para ampliar.<\/p>\n<p style=\"text-align: center;\"><strong>2) ACONTECEU EM ILH\u00c9US A MAIS DE 40 ANOS.<a href=\"https:\/\/www.r2cpress.com.br\/v1\/wp-content\/uploads\/2025\/11\/1000441846.jpg\"><img loading=\"lazy\" class=\"aligncenter size-medium wp-image-131446\" src=\"https:\/\/www.r2cpress.com.br\/v1\/wp-content\/uploads\/2025\/11\/1000441846-300x272.jpg\" alt=\"\" width=\"300\" height=\"272\" srcset=\"https:\/\/www.r2cpress.com.br\/v1\/wp-content\/uploads\/2025\/11\/1000441846-300x272.jpg 300w, https:\/\/www.r2cpress.com.br\/v1\/wp-content\/uploads\/2025\/11\/1000441846.jpg 600w\" sizes=\"(max-width: 300px) 100vw, 300px\" \/><\/a> <\/strong><\/p>\n<p>A C\u00c2MARA MUNICIPAL DE ILH\u00c9US no ano de 1959 funcionava numa das salas do PAL\u00c1CIO PARANAGU\u00c1. Observe nessa foto os participantes da se\u00e7\u00e3o no ano de 1959. Da esquerda para direita, de palet\u00f3 branco: O Vereador H\u00c9LIO MELO. Na mesa principal, de palet\u00f3 branco e \u00f3culos escuros, WALTER MARON, JOS\u00c9 LOUREN\u00c7O, o Prefeito HERVAL SOLEDADE, o Presidente da C\u00e2mara, DOMINGOS ROSA, JORGE MARON e o \u00faltimo do lado direito PONCIONE DE NOVAES MIRANDA. Clique na foto para ampliar.<a href=\"https:\/\/www.r2cpress.com.br\/v1\/wp-content\/uploads\/2025\/11\/1000441844.jpg\"><img loading=\"lazy\" class=\"aligncenter size-medium wp-image-131445\" src=\"https:\/\/www.r2cpress.com.br\/v1\/wp-content\/uploads\/2025\/11\/1000441844-300x207.jpg\" alt=\"\" width=\"300\" height=\"207\" srcset=\"https:\/\/www.r2cpress.com.br\/v1\/wp-content\/uploads\/2025\/11\/1000441844-300x207.jpg 300w, https:\/\/www.r2cpress.com.br\/v1\/wp-content\/uploads\/2025\/11\/1000441844.jpg 600w\" sizes=\"(max-width: 300px) 100vw, 300px\" \/><\/a><\/p>\n<p>Nessa foto aparecem dois ex. Prefeitos de ILH\u00c9US: JO\u00c3O ALFREDO (o primeiro da direita para esquerda) e o segundo AFRO DE BARROS LEAL (o terceiro da esquerda para direita). AFRO LEAL era Cearense. Foto: 1969. Clique na foto para ampliar.<a href=\"https:\/\/www.r2cpress.com.br\/v1\/wp-content\/uploads\/2025\/11\/1000441845.jpg\"><img loading=\"lazy\" class=\"aligncenter size-medium wp-image-131447\" src=\"https:\/\/www.r2cpress.com.br\/v1\/wp-content\/uploads\/2025\/11\/1000441845-300x190.jpg\" alt=\"\" width=\"300\" height=\"190\" srcset=\"https:\/\/www.r2cpress.com.br\/v1\/wp-content\/uploads\/2025\/11\/1000441845-300x190.jpg 300w, https:\/\/www.r2cpress.com.br\/v1\/wp-content\/uploads\/2025\/11\/1000441845.jpg 600w\" sizes=\"(max-width: 300px) 100vw, 300px\" \/><\/a><\/p>\n<p>Foto do dia que JOS\u00c9 LEITE entrou na MA\u00c7ONARIA com mais quatro irm\u00e3os. Da esquerda para direita: JOS\u00c9 LEITE, ANT\u00d4NIO OCKE, FERNANDO ALBUQUERQUE (Vener\u00e1vel), ANT\u00d4NIO GUIMAR\u00c3ES, HEITOR CONCEI\u00c7\u00c3O, NORALDO MENDON\u00c7A e SEU COUTINHO. Desses, s\u00f3 est\u00e3o vivos os dois primeiros, em nome de JESUS! Foto: 27-10-1972. Clique na foto para ampliar.<a href=\"https:\/\/www.r2cpress.com.br\/v1\/wp-content\/uploads\/2025\/11\/1000441847.jpg\"><img loading=\"lazy\" class=\"aligncenter size-medium wp-image-131448\" src=\"https:\/\/www.r2cpress.com.br\/v1\/wp-content\/uploads\/2025\/11\/1000441847-300x225.jpg\" alt=\"\" width=\"300\" height=\"225\" srcset=\"https:\/\/www.r2cpress.com.br\/v1\/wp-content\/uploads\/2025\/11\/1000441847-300x225.jpg 300w, https:\/\/www.r2cpress.com.br\/v1\/wp-content\/uploads\/2025\/11\/1000441847.jpg 600w\" sizes=\"(max-width: 300px) 100vw, 300px\" \/><\/a><\/p>\n<p>OLHA ELE A\u00cd! JOS\u00c9 LEITE com 41 anos curtindo o RIO DE JANEIRO, precisamente no P\u00c3O DE A\u00c7UCAR. Foto: Junho\/1984. Clique na foto para ampliar.<a href=\"https:\/\/www.r2cpress.com.br\/v1\/wp-content\/uploads\/2025\/11\/1000441848.jpg\"><img loading=\"lazy\" class=\"aligncenter size-medium wp-image-131449\" src=\"https:\/\/www.r2cpress.com.br\/v1\/wp-content\/uploads\/2025\/11\/1000441848-249x300.jpg\" alt=\"\" width=\"249\" height=\"300\" srcset=\"https:\/\/www.r2cpress.com.br\/v1\/wp-content\/uploads\/2025\/11\/1000441848-249x300.jpg 249w, https:\/\/www.r2cpress.com.br\/v1\/wp-content\/uploads\/2025\/11\/1000441848.jpg 498w\" sizes=\"(max-width: 249px) 100vw, 249px\" \/><\/a><\/p>\n<p>Na Casa de Praia (quando existia) no Bairro S\u00c3O MIGUEL a 40 anos atr\u00e1s. Da direita para esquerda: JOS\u00c9 LEITE, Cel. CLEBERLITO e o primo GET\u00daLIO. Clique na foto para ampliar.<a href=\"https:\/\/www.r2cpress.com.br\/v1\/wp-content\/uploads\/2025\/11\/1000441849.jpg\"><img loading=\"lazy\" class=\"aligncenter size-medium wp-image-131450\" src=\"https:\/\/www.r2cpress.com.br\/v1\/wp-content\/uploads\/2025\/11\/1000441849-300x227.jpg\" alt=\"\" width=\"300\" height=\"227\" srcset=\"https:\/\/www.r2cpress.com.br\/v1\/wp-content\/uploads\/2025\/11\/1000441849-300x227.jpg 300w, https:\/\/www.r2cpress.com.br\/v1\/wp-content\/uploads\/2025\/11\/1000441849.jpg 600w\" sizes=\"(max-width: 300px) 100vw, 300px\" \/><\/a><\/p>\n<p>No S\u00edtio Juazeiro do PADRE C\u00cdCERO, no distrito do COUTO, SEU JOCA (Pai de JOS\u00c9 LEITE) e seu Cavalo. Foto: 40 anos atr\u00e1s. Clique na foto para ampliar.<\/p>\n<p style=\"text-align: center;\"><strong>3) AS FOTOS DESTAQUES DA SEMANA.<a href=\"https:\/\/www.r2cpress.com.br\/v1\/wp-content\/uploads\/2025\/11\/1000441850.jpg\"><img loading=\"lazy\" class=\"aligncenter size-full wp-image-131451\" src=\"https:\/\/www.r2cpress.com.br\/v1\/wp-content\/uploads\/2025\/11\/1000441850.jpg\" alt=\"\" width=\"275\" height=\"184\" \/><\/a> <\/strong><\/p>\n<p>Lembrando que nesse s\u00e1bado (22-11-2025) est\u00e1 fazendo 11 anos que SEU LUNGA faleceu (22-11-2014) e foi sepultado em JUAZEIRO DO NORTE. DESCANSE EM PAZ, MEU AMIGO SEU LUNGA! Voc\u00ea jamais ser\u00e1 esquecido. O dia que SEU LUNGA faleceu aconteceu num dia de s\u00e1bado. Clique na foto para ampliar.<a href=\"https:\/\/www.r2cpress.com.br\/v1\/wp-content\/uploads\/2025\/11\/1000441851.jpg\"><img loading=\"lazy\" class=\"aligncenter size-medium wp-image-131452\" src=\"https:\/\/www.r2cpress.com.br\/v1\/wp-content\/uploads\/2025\/11\/1000441851-225x300.jpg\" alt=\"\" width=\"225\" height=\"300\" srcset=\"https:\/\/www.r2cpress.com.br\/v1\/wp-content\/uploads\/2025\/11\/1000441851-225x300.jpg 225w, https:\/\/www.r2cpress.com.br\/v1\/wp-content\/uploads\/2025\/11\/1000441851.jpg 450w\" sizes=\"(max-width: 225px) 100vw, 225px\" \/><\/a><\/p>\n<p>Muito linda a loja TOPADA P\u00c9 DE SOL inaugurada na \u00faltima semana pelo amigo e empres\u00e1rio DUDU DA TOPADA no cal\u00e7ad\u00e3o da Marqu\u00eas de Paranagu\u00e1. Na foto: DUDU ladeado pelo Presidente da ACI, PAULO C\u00c9U (Lado esquerdo) e ANT\u00d4NIO COSTA (Presidente do SICOM\u00c9RCIO), e tamb\u00e9m aparece na foto JOS\u00c9 LEITE. Clique na foto para ampliar.<a href=\"https:\/\/www.r2cpress.com.br\/v1\/wp-content\/uploads\/2025\/11\/1000441852.jpg\"><img loading=\"lazy\" class=\"aligncenter size-medium wp-image-131453\" src=\"https:\/\/www.r2cpress.com.br\/v1\/wp-content\/uploads\/2025\/11\/1000441852-225x300.jpg\" alt=\"\" width=\"225\" height=\"300\" srcset=\"https:\/\/www.r2cpress.com.br\/v1\/wp-content\/uploads\/2025\/11\/1000441852-225x300.jpg 225w, https:\/\/www.r2cpress.com.br\/v1\/wp-content\/uploads\/2025\/11\/1000441852.jpg 450w\" sizes=\"(max-width: 225px) 100vw, 225px\" \/><\/a><\/p>\n<p>Com muita alegria comunicamos a recupera\u00e7\u00e3o do companheiro Lojista CL\u00d3VIS J\u00daNIOR. DEUS TE ABEN\u00c7OE AMIG\u00c3O! Clique na foto para ampliar.<a href=\"https:\/\/www.r2cpress.com.br\/v1\/wp-content\/uploads\/2025\/11\/1000441853.jpg\"><img loading=\"lazy\" class=\"aligncenter size-medium wp-image-131454\" src=\"https:\/\/www.r2cpress.com.br\/v1\/wp-content\/uploads\/2025\/11\/1000441853-199x300.jpg\" alt=\"\" width=\"199\" height=\"300\" srcset=\"https:\/\/www.r2cpress.com.br\/v1\/wp-content\/uploads\/2025\/11\/1000441853-199x300.jpg 199w, https:\/\/www.r2cpress.com.br\/v1\/wp-content\/uploads\/2025\/11\/1000441853.jpg 397w\" sizes=\"(max-width: 199px) 100vw, 199px\" \/><\/a><\/p>\n<p>Imperd\u00edvel esse 11\u00ba PASSEIO CICL\u00cdSTICO!<\/p>\n<p>JOS\u00c9 LEITE vai acompanhar (de carro).<\/p>\n<p style=\"padding-left: 40px;\">Clique na foto para ampliar.<a href=\"https:\/\/www.r2cpress.com.br\/v1\/wp-content\/uploads\/2025\/11\/1000441855.jpg\"><img loading=\"lazy\" class=\"aligncenter size-medium wp-image-131455\" src=\"https:\/\/www.r2cpress.com.br\/v1\/wp-content\/uploads\/2025\/11\/1000441855-300x239.jpg\" alt=\"\" width=\"300\" height=\"239\" srcset=\"https:\/\/www.r2cpress.com.br\/v1\/wp-content\/uploads\/2025\/11\/1000441855-300x239.jpg 300w, https:\/\/www.r2cpress.com.br\/v1\/wp-content\/uploads\/2025\/11\/1000441855.jpg 600w\" sizes=\"(max-width: 300px) 100vw, 300px\" \/><\/a><\/p>\n<p>Lembrando que em 2006 a ASSOCIA\u00c7\u00c3O COMERCIAL DE ILH\u00c9US distribuiu 2000 Presentes (diversos brinquedos) para as crian\u00e7as do bairro S\u00c3O MIGUEL. Na foto, da esquerda para direita: VANDERLEIA, JOS\u00c9 LEITE, o saudoso TREMEND\u00c3O (Papai Noel), o saudoso GILSON SERAFIM e ROQUE FRAGA. Clique na foto para ampliar.<a href=\"https:\/\/www.r2cpress.com.br\/v1\/wp-content\/uploads\/2025\/11\/1000441854.jpg\"><img loading=\"lazy\" class=\"aligncenter size-medium wp-image-131457\" src=\"https:\/\/www.r2cpress.com.br\/v1\/wp-content\/uploads\/2025\/11\/1000441854-300x236.jpg\" alt=\"\" width=\"300\" height=\"236\" srcset=\"https:\/\/www.r2cpress.com.br\/v1\/wp-content\/uploads\/2025\/11\/1000441854-300x236.jpg 300w, https:\/\/www.r2cpress.com.br\/v1\/wp-content\/uploads\/2025\/11\/1000441854.jpg 600w\" sizes=\"(max-width: 300px) 100vw, 300px\" \/><\/a><\/p>\n<p>Quando JOS\u00c9 LEITE v\u00ea essa foto, se emociona. Sua saudosa mam\u00e3e DONA JOSEFA e seu querido filho ZEZINHO. Foto: 12-04-1997 comemora\u00e7\u00e3o dos 3 anos de JOS\u00c9 LEITE DE SOUZA FILHO. Clique na foto para ampliar.<\/p>\n<p style=\"text-align: center;\"><strong>E NO MAIS&#8230;<a href=\"https:\/\/www.r2cpress.com.br\/v1\/wp-content\/uploads\/2025\/11\/1000441856.jpg\"><img loading=\"lazy\" class=\"aligncenter size-medium wp-image-131456\" src=\"https:\/\/www.r2cpress.com.br\/v1\/wp-content\/uploads\/2025\/11\/1000441856-300x209.jpg\" alt=\"\" width=\"300\" height=\"209\" srcset=\"https:\/\/www.r2cpress.com.br\/v1\/wp-content\/uploads\/2025\/11\/1000441856-300x209.jpg 300w, https:\/\/www.r2cpress.com.br\/v1\/wp-content\/uploads\/2025\/11\/1000441856.jpg 599w\" sizes=\"(max-width: 300px) 100vw, 300px\" \/><\/a> <\/strong><\/p>\n<p>No dia 21 de abril de 1926 a ASSOCIA\u00c7\u00c3O COMERCIAL DE ILH\u00c9US fez a doa\u00e7\u00e3o de um BUSTO de RUI BARBOSA, que foi colocado na Pra\u00e7a com seu nome. Acontece que j\u00e1 est\u00e1 com v\u00e1rios meses que esse Busto caiu e at\u00e9 agora n\u00e3o foi colocado no lugar. Ser\u00e1 que em ILH\u00c9US, n\u00e3o existe uma pessoa competente para fazer esse trabalho? Lembrando que em 2026, ser\u00e1 comemorado seu centen\u00e1rio. Clique na foto para ampliar.<\/p>\n<p style=\"text-align: center;\"><strong>PARA CONFERIR O BA\u00da ANTERIOR CLIQUE <a href=\"https:\/\/www.r2cpress.com.br\/v1\/2025\/11\/14\/do-fundo-do-bau-de-jose-leite-642\/\"><span style=\"color: #ff0000;\">AQUI<\/span><\/a>\u00a0<\/strong><\/p>\n<p>Texto e fotos: Jos\u00e9 Leite de Souza<\/p>\n<p>jleitesouza@hotmail.com<\/p>\n<p>(73) 3634-3134.<\/p>\n<p>&nbsp;<\/p>\n<p>&nbsp;<\/p>\n<p>&nbsp;<\/p>\n<p>&nbsp;<\/p>\n<p>&nbsp;<\/p>\n<p>&nbsp;<\/p>\n<p>&nbsp;<\/p>\n<p>&nbsp;<\/p>\n<p>&nbsp;<\/p>\n<p>&nbsp;<\/p>\n<p>&nbsp;<\/p>\n<p>&nbsp;<\/p>\n<p>&nbsp;<\/p>\n<p>&nbsp;<\/p>\n<p>&nbsp;<\/p>\n<p>&nbsp;<\/p>\n<p>&nbsp;<\/p>\n<p>&nbsp;<\/p>\n<p>&nbsp;<\/p>\n<p>&nbsp;<\/p>\n<p>&nbsp;<\/p>\n<p>&nbsp;<\/p>\n<p>&nbsp;<\/p>\n<p>&nbsp;<\/p>\n<p>&nbsp;<\/p>\n<p>&nbsp;<\/p>\n<p>&nbsp;<\/p>\n<p>&nbsp;<\/p>\n<p>&nbsp;<\/p>\n<p>&nbsp;<\/p>\n<p>&nbsp;<\/p>\n<p>&nbsp;<\/p>\n<p>&nbsp;<\/p>\n<p>&nbsp;<\/p>\n<p>&nbsp;<\/p>\n<p>&nbsp;<\/p>\n<p>&nbsp;<\/p>\n<p>&nbsp;<\/p>\n<p>&nbsp;<\/p>\n<p>&nbsp;<\/p>\n<p>&nbsp;<\/p>\n<p>&nbsp;<\/p>\n<p>&nbsp;<\/p>\n<p>&nbsp;<\/p>\n<p>&nbsp;<\/p>\n<p>&nbsp;<\/p>\n<p>&nbsp;<\/p>\n<p>&nbsp;<\/p>\n<p>&nbsp;<\/p>\n<p>&nbsp;<\/p>\n<p>&nbsp;<\/p>\n<p>&nbsp;<\/p>\n<p>&nbsp;<\/p>\n<p>&nbsp;<\/p>\n<p>&nbsp;<\/p>\n<p>&nbsp;<\/p>\n<p>&nbsp;<\/p>\n<p>&nbsp;<\/p>\n<p>&nbsp;<\/p>\n<p>&nbsp;<\/p>\n<p>&nbsp;<\/p>\n<p>&nbsp;<\/p>\n<p>&nbsp;<\/p>\n","protected":false},"excerpt":{"rendered":"<p>1) 65 ANOS DE JOS\u00c9 LEITE EM ILH\u00c9US. 2) ACONTECEU EM ILH\u00c9US \u00c1 MAIS DE 40 ANOS. 3) AS FOTOS DESTAQUES DA SEMANA.<\/p>\n","protected":false},"author":2,"featured_media":125385,"comment_status":"open","ping_status":"open","sticky":false,"template":"","format":"standard","meta":{"_links_to":"","_links_to_target":""},"categories":[1],"tags":[],"_links":{"self":[{"href":"https:\/\/www.r2cpress.com.br\/v1\/wp-json\/wp\/v2\/posts\/131443"}],"collection":[{"href":"https:\/\/www.r2cpress.com.br\/v1\/wp-json\/wp\/v2\/posts"}],"about":[{"href":"https:\/\/www.r2cpress.com.br\/v1\/wp-json\/wp\/v2\/types\/post"}],"author":[{"embeddable":true,"href":"https:\/\/www.r2cpress.com.br\/v1\/wp-json\/wp\/v2\/users\/2"}],"replies":[{"embeddable":true,"href":"https:\/\/www.r2cpress.com.br\/v1\/wp-json\/wp\/v2\/comments?post=131443"}],"version-history":[{"count":1,"href":"https:\/\/www.r2cpress.com.br\/v1\/wp-json\/wp\/v2\/posts\/131443\/revisions"}],"predecessor-version":[{"id":131458,"href":"https:\/\/www.r2cpress.com.br\/v1\/wp-json\/wp\/v2\/posts\/131443\/revisions\/131458"}],"wp:featuredmedia":[{"embeddable":true,"href":"https:\/\/www.r2cpress.com.br\/v1\/wp-json\/wp\/v2\/media\/125385"}],"wp:attachment":[{"href":"https:\/\/www.r2cpress.com.br\/v1\/wp-json\/wp\/v2\/media?parent=131443"}],"wp:term":[{"taxonomy":"category","embeddable":true,"href":"https:\/\/www.r2cpress.com.br\/v1\/wp-json\/wp\/v2\/categories?post=131443"},{"taxonomy":"post_tag","embeddable":true,"href":"https:\/\/www.r2cpress.com.br\/v1\/wp-json\/wp\/v2\/tags?post=131443"}],"curies":[{"name":"wp","href":"https:\/\/api.w.org\/{rel}","templated":true}]}}