{"id":131460,"date":"2025-11-28T20:39:54","date_gmt":"2025-11-28T23:39:54","guid":{"rendered":"https:\/\/www.r2cpress.com.br\/v1\/?p=131460"},"modified":"2025-11-28T20:39:54","modified_gmt":"2025-11-28T23:39:54","slug":"feira-da-agricultura-familiar-realizada-pela-bracell-movimenta-alagoinhas-neste-sabado","status":"publish","type":"post","link":"https:\/\/www.r2cpress.com.br\/v1\/2025\/11\/28\/feira-da-agricultura-familiar-realizada-pela-bracell-movimenta-alagoinhas-neste-sabado\/","title":{"rendered":"Feira da Agricultura Familiar realizada pela Bracell movimenta Alagoinhas neste s\u00e1bado"},"content":{"rendered":"<p><a href=\"https:\/\/www.r2cpress.com.br\/v1\/wp-content\/uploads\/2025\/11\/1000455485.jpg\"><img loading=\"lazy\" class=\"aligncenter size-medium wp-image-131461\" src=\"https:\/\/www.r2cpress.com.br\/v1\/wp-content\/uploads\/2025\/11\/1000455485-300x240.jpg\" alt=\"\" width=\"300\" height=\"240\" srcset=\"https:\/\/www.r2cpress.com.br\/v1\/wp-content\/uploads\/2025\/11\/1000455485-300x240.jpg 300w, https:\/\/www.r2cpress.com.br\/v1\/wp-content\/uploads\/2025\/11\/1000455485.jpg 600w\" sizes=\"(max-width: 300px) 100vw, 300px\" \/><\/a>Evento gratuito ocorrer\u00e1 no estacionamento da prefeitura, das 7h \u00e0s 14h, e reunir\u00e1 agricultores familiares de Alagoinhas, Itanagra, Mata de S\u00e3o Jo\u00e3o e Esplanada<\/p>\n<p dir=\"ltr\">A cidade de Alagoinhas receber\u00e1 neste s\u00e1bado, 22, mais uma edi\u00e7\u00e3o da Feira da Agricultura Familiar N\u00f3s do Campo, iniciativa aberta ao p\u00fablico realizada pelo Bracell Social, programa de investimento social da Bracell, em parceria t\u00e9cnica com a Humana Brasil e apoio da Prefeitura Municipal de Alagoinhas. O evento tem como objetivo fortalecer a agricultura familiar, incentivar a economia regional e aproximar pequenos produtores da comunidade local.<\/p>\n<p dir=\"ltr\">A feira ocorrer\u00e1, das 7h \u00e0s 14h, no estacionamento da prefeitura, que ser\u00e1 transformado em um grande espa\u00e7o de conviv\u00eancia, com\u00e9rcio e servi\u00e7os gratuitos. O p\u00fablico encontrar\u00e1 produtos frescos, direto das m\u00e3os de agricultores familiares, artesanatos, itens naturais e diversas op\u00e7\u00f5es produzidas de forma sustent\u00e1vel pelas comunidades apoiadas pela Bracell na Bahia: Cachoeira do Ninizio e Boa Vista III, ambas do munic\u00edpio de Esplanada; Top Verde (Itanagra); Mucambo do Rio Azul (Rio Real), Mucug\u00ea (Mata de S\u00e3o Jo\u00e3o); e do Cangula, Catuzinho e Tombador (Alagoinhas).<\/p>\n<p dir=\"ltr\">A programa\u00e7\u00e3o incluir\u00e1 tamb\u00e9m servi\u00e7os de sa\u00fade, como testes r\u00e1pidos e aferi\u00e7\u00e3o de press\u00e3o arterial, al\u00e9m de massagem relaxante e atra\u00e7\u00f5es culturais e musicais, como o grupo de capoeira Arte Baiana, o samba de roda AQXNIZIO e os cantores Jorginho dos Teclados e Cl\u00e1udio do Forr\u00f3, garantindo um ambiente acolhedor e atrativo para toda a fam\u00edlia.<\/p>\n<p dir=\"ltr\">\n","protected":false},"excerpt":{"rendered":"<p>Evento gratuito ocorrer\u00e1 no estacionamento da prefeitura, das 7h \u00e0s 14h, e reunir\u00e1 agricultores familiares de Alagoinhas, Itanagra, Mata de S\u00e3o Jo\u00e3o e Esplanada A cidade de Alagoinhas receber\u00e1 neste s\u00e1bado, 22, mais uma edi\u00e7\u00e3o da Feira da Agricultura Familiar N\u00f3s do Campo, iniciativa aberta ao p\u00fablico realizada pelo Bracell Social, programa de investimento social [&hellip;]<\/p>\n","protected":false},"author":2,"featured_media":131461,"comment_status":"open","ping_status":"open","sticky":false,"template":"","format":"standard","meta":{"_links_to":"","_links_to_target":""},"categories":[1],"tags":[],"_links":{"self":[{"href":"https:\/\/www.r2cpress.com.br\/v1\/wp-json\/wp\/v2\/posts\/131460"}],"collection":[{"href":"https:\/\/www.r2cpress.com.br\/v1\/wp-json\/wp\/v2\/posts"}],"about":[{"href":"https:\/\/www.r2cpress.com.br\/v1\/wp-json\/wp\/v2\/types\/post"}],"author":[{"embeddable":true,"href":"https:\/\/www.r2cpress.com.br\/v1\/wp-json\/wp\/v2\/users\/2"}],"replies":[{"embeddable":true,"href":"https:\/\/www.r2cpress.com.br\/v1\/wp-json\/wp\/v2\/comments?post=131460"}],"version-history":[{"count":1,"href":"https:\/\/www.r2cpress.com.br\/v1\/wp-json\/wp\/v2\/posts\/131460\/revisions"}],"predecessor-version":[{"id":131462,"href":"https:\/\/www.r2cpress.com.br\/v1\/wp-json\/wp\/v2\/posts\/131460\/revisions\/131462"}],"wp:featuredmedia":[{"embeddable":true,"href":"https:\/\/www.r2cpress.com.br\/v1\/wp-json\/wp\/v2\/media\/131461"}],"wp:attachment":[{"href":"https:\/\/www.r2cpress.com.br\/v1\/wp-json\/wp\/v2\/media?parent=131460"}],"wp:term":[{"taxonomy":"category","embeddable":true,"href":"https:\/\/www.r2cpress.com.br\/v1\/wp-json\/wp\/v2\/categories?post=131460"},{"taxonomy":"post_tag","embeddable":true,"href":"https:\/\/www.r2cpress.com.br\/v1\/wp-json\/wp\/v2\/tags?post=131460"}],"curies":[{"name":"wp","href":"https:\/\/api.w.org\/{rel}","templated":true}]}}