{"id":131463,"date":"2025-11-28T20:42:47","date_gmt":"2025-11-28T23:42:47","guid":{"rendered":"https:\/\/www.r2cpress.com.br\/v1\/?p=131463"},"modified":"2025-11-28T20:42:47","modified_gmt":"2025-11-28T23:42:47","slug":"reitora-fala-sobre-encaminhamentos-da-viagem-a-china-e-possibilidades-de-parcerias","status":"publish","type":"post","link":"https:\/\/www.r2cpress.com.br\/v1\/2025\/11\/28\/reitora-fala-sobre-encaminhamentos-da-viagem-a-china-e-possibilidades-de-parcerias\/","title":{"rendered":"Reitora fala sobre encaminhamentos da viagem \u00e0 China e possibilidades de parcerias"},"content":{"rendered":"<div><span style=\"font-family: verdana, geneva; font-size: 10pt; color: #000000; text-align: justify;\"><a href=\"https:\/\/www.r2cpress.com.br\/v1\/wp-content\/uploads\/2025\/11\/1000455486.jpg\"><img loading=\"lazy\" class=\"aligncenter size-medium wp-image-131464\" src=\"https:\/\/www.r2cpress.com.br\/v1\/wp-content\/uploads\/2025\/11\/1000455486-225x300.jpg\" alt=\"\" width=\"225\" height=\"300\" srcset=\"https:\/\/www.r2cpress.com.br\/v1\/wp-content\/uploads\/2025\/11\/1000455486-225x300.jpg 225w, https:\/\/www.r2cpress.com.br\/v1\/wp-content\/uploads\/2025\/11\/1000455486.jpg 360w\" sizes=\"(max-width: 225px) 100vw, 225px\" \/><\/a>A reitora da Universidade Federal do Sul da Bahia (UFSB), professora Joana Ang\u00e9lica Guimar\u00e3es da Luz, integrou comitiva composta por 18 gestores de institui\u00e7\u00f5es federais de ensino superior do Brasil em visita a universidades e institui\u00e7\u00f5es de pesquisa da China, no per\u00edodo de 14 a 21 de novembro de 2025. A programa\u00e7\u00e3o desenvolvida teve como objetivos o estabelecimento de parcerias internacionais e a aproxima\u00e7\u00e3o de institui\u00e7\u00f5es em projetos conjuntos, com intera\u00e7\u00e3o do Grupo de Coopera\u00e7\u00e3o Internacional de Universidades Brasileiras (GCUB) com institui\u00e7\u00f5es chinesas. A comitiva foi chefiada pela professora Rossana Val\u00e9ria de Souza e Silva e pela professora Qiao Jianzhen.<\/span><\/div>\n<div>\n<p style=\"list-style: none; vertical-align: baseline; margin: 0px; padding: 0px; font-size: 14px; line-height: 1.75em; color: #000000; font-family: open_sansregular, 'Open Sans', Arial, Helvetica, sans-serif; font-style: normal; font-variant-ligatures: normal; font-variant-caps: normal; font-weight: 400; letter-spacing: normal; orphans: 2; text-indent: 0px; text-transform: none; widows: 2; word-spacing: 0px; -webkit-text-stroke-width: 0px; white-space: normal; background-color: #ffffff; text-decoration-thickness: initial; text-decoration-style: initial; text-decoration-color: initial; text-align: justify;\">\n<p style=\"list-style: none; vertical-align: baseline; margin: 0px; padding: 0px; font-size: 14px; line-height: 1.75em; color: #000000; font-family: open_sansregular, 'Open Sans', Arial, Helvetica, sans-serif; font-style: normal; font-variant-ligatures: normal; font-variant-caps: normal; font-weight: 400; letter-spacing: normal; orphans: 2; text-indent: 0px; text-transform: none; widows: 2; word-spacing: 0px; -webkit-text-stroke-width: 0px; white-space: normal; background-color: #ffffff; text-decoration-thickness: initial; text-decoration-style: initial; text-decoration-color: initial; text-align: justify;\"><span style=\"list-style: none; vertical-align: baseline; margin: 0px; padding: 0px; font-size: 10pt; font-family: verdana, geneva;\">De 14 a 16, a comitiva participou da atividades tem\u00e1ticas sobre o Instituto Conf\u00facio em confer\u00eancia\u00a0organizada pela\u00a0<em style=\"list-style: none; vertical-align: baseline; margin: 0px; padding: 0px; font-style: italic;\">Chinese International Education Foundation<\/em>. O Instituto Conf\u00facio promove o aprendizado do idioma mandarim e da cultura chinesa no mundo. A reitora conta que no Brasil h\u00e1 14 unidades dessa rede, presente em mais de 120 pa\u00edses. A possibilidade \u00e9 de pleitear uma unidade do Instituto Conf\u00facio ou uma\u00a0<em style=\"list-style: none; vertical-align: baseline; margin: 0px; padding: 0px; font-style: italic;\">classroom<\/em>\u00a0para a universidade.<\/span><\/p>\n<p style=\"list-style: none; vertical-align: baseline; margin: 0px; padding: 0px; font-size: 14px; line-height: 1.75em; color: #000000; font-family: open_sansregular, 'Open Sans', Arial, Helvetica, sans-serif; font-style: normal; font-variant-ligatures: normal; font-variant-caps: normal; font-weight: 400; letter-spacing: normal; orphans: 2; text-indent: 0px; text-transform: none; widows: 2; word-spacing: 0px; -webkit-text-stroke-width: 0px; white-space: normal; background-color: #ffffff; text-decoration-thickness: initial; text-decoration-style: initial; text-decoration-color: initial; text-align: justify;\">\n<p style=\"list-style: none; vertical-align: baseline; margin: 0px; padding: 0px; font-size: 14px; line-height: 1.75em; color: #000000; font-family: open_sansregular, 'Open Sans', Arial, Helvetica, sans-serif; font-style: normal; font-variant-ligatures: normal; font-variant-caps: normal; font-weight: 400; letter-spacing: normal; orphans: 2; text-indent: 0px; text-transform: none; widows: 2; word-spacing: 0px; -webkit-text-stroke-width: 0px; white-space: normal; background-color: #ffffff; text-decoration-thickness: initial; text-decoration-style: initial; text-decoration-color: initial; text-align: justify;\"><span style=\"list-style: none; vertical-align: baseline; margin: 0px; padding: 0px; font-size: 10pt; font-family: verdana, geneva;\">J\u00e1 no per\u00edodo de 17 a 21 de novembro, a comitiva realizou a programa\u00e7\u00e3o da Miss\u00e3o \u00e0 China, oferecida pelo\u00a0<em style=\"list-style: none; vertical-align: baseline; margin: 0px; padding: 0px; font-style: italic;\">Center for Language, Education and Cooperation<\/em>\u00a0(CLEC) do Minist\u00e9rio da Educa\u00e7\u00e3o da Rep\u00fablica Popular da China em conjunto com o GCUB. No dia 17,\u00a0a comitiva visitou a Embaixada do Brasil em Pequim pela manh\u00e3. \u00c0 tarde, a comitiva brasileira visitou o CLEC.\u00a0Na visita \u00e0 embaixada brasileira em Pequim, houve a oportunidade de gestores brasileiros e chineses abrirem tratativas de parcerias.<\/span><\/p>\n<p style=\"list-style: none; vertical-align: baseline; margin: 0px; padding: 0px; font-size: 14px; line-height: 1.75em; color: #000000; font-family: open_sansregular, 'Open Sans', Arial, Helvetica, sans-serif; font-style: normal; font-variant-ligatures: normal; font-variant-caps: normal; font-weight: 400; letter-spacing: normal; orphans: 2; text-indent: 0px; text-transform: none; widows: 2; word-spacing: 0px; -webkit-text-stroke-width: 0px; white-space: normal; background-color: #ffffff; text-decoration-thickness: initial; text-decoration-style: initial; text-decoration-color: initial; text-align: justify;\">\n<p style=\"list-style: none; vertical-align: baseline; margin: 0px; padding: 0px; font-size: 14px; line-height: 1.75em; color: #000000; font-family: open_sansregular, 'Open Sans', Arial, Helvetica, sans-serif; font-style: normal; font-variant-ligatures: normal; font-variant-caps: normal; font-weight: 400; letter-spacing: normal; orphans: 2; text-indent: 0px; text-transform: none; widows: 2; word-spacing: 0px; -webkit-text-stroke-width: 0px; white-space: normal; background-color: #ffffff; text-decoration-thickness: initial; text-decoration-style: initial; text-decoration-color: initial; text-align: justify;\"><span style=\"list-style: none; vertical-align: baseline; margin: 0px; padding: 0px; font-size: 10pt; font-family: verdana, geneva;\">No dia seguinte, gestoras e gestores conheceram a Universidade de Beihang e a Universidade Normal de Pequim durante a manh\u00e3. A tarde foi reservada para uma visita cultural \u00e0 Cidade Proibida.\u00a0O dia 19 foi marcado pela visita \u00e0 Grande Muralha da China e pelo deslocamento \u00e0 cidade de Shijiazhuang, na qual a comitiva brasileira visitou, no dia seguinte (20), o Museu da Universidade Normal de Hebei pela parte da manh\u00e3. A Universidade Normal de Hebei sediou o\u00a0F\u00f3rum de Reitores Brasileiros-Chineses, no qual reitores e reitoras puderam apresentar suas institui\u00e7\u00f5es e iniciar tratativas de parcerias.\u00a0<\/span><\/p>\n<p style=\"list-style: none; vertical-align: baseline; margin: 0px; padding: 0px; font-size: 14px; line-height: 1.75em; color: #000000; font-family: open_sansregular, 'Open Sans', Arial, Helvetica, sans-serif; font-style: normal; font-variant-ligatures: normal; font-variant-caps: normal; font-weight: 400; letter-spacing: normal; orphans: 2; text-indent: 0px; text-transform: none; widows: 2; word-spacing: 0px; -webkit-text-stroke-width: 0px; white-space: normal; background-color: #ffffff; text-decoration-thickness: initial; text-decoration-style: initial; text-decoration-color: initial; text-align: justify;\">\n<p style=\"list-style: none; vertical-align: baseline; margin: 0px; padding: 0px; font-size: 14px; line-height: 1.75em; color: #000000; font-family: open_sansregular, 'Open Sans', Arial, Helvetica, sans-serif; font-style: normal; font-variant-ligatures: normal; font-variant-caps: normal; font-weight: 400; letter-spacing: normal; orphans: 2; text-indent: 0px; text-transform: none; widows: 2; word-spacing: 0px; -webkit-text-stroke-width: 0px; white-space: normal; background-color: #ffffff; text-decoration-thickness: initial; text-decoration-style: initial; text-decoration-color: initial; text-align: justify;\"><span style=\"list-style: none; vertical-align: baseline; margin: 0px; padding: 0px; font-size: 10pt; font-family: verdana, geneva;\">A professora Joana destaca a assinatura de um memorando de entendimento entre a UFSB e a Universidade Normal de Hebei. Esse documento abre caminho para outras parcerias, incluindo a\u00e7\u00f5es do Instituto Conf\u00facio, gerido pela universidade chinesa, e a\u00e7\u00f5es de pesquisa em colabora\u00e7\u00e3o entre as duas institui\u00e7\u00f5es. Ela conta que h\u00e1 interesse de interc\u00e2mbio acad\u00eamico em muitas \u00e1reas, inclundo ensino de mandarim e portugu\u00eas. A Universidade Normal de Hebei oferece um\u00a0<em style=\"list-style: none; vertical-align: baseline; margin: 0px; padding: 0px; font-style: italic;\">summer camp<\/em>, no qual estudantes estrangeiros passam um m\u00eas convivendo e aprendendo, com custos pagos pela institui\u00e7\u00e3o chinesa. H\u00e1 interesse de acad\u00eamicos chineses em aprender o portugu\u00eas e em conhecer um pouco do Brasil.<\/span><\/p>\n<p style=\"list-style: none; vertical-align: baseline; margin: 0px; padding: 0px; font-size: 14px; line-height: 1.75em; color: #000000; font-family: open_sansregular, 'Open Sans', Arial, Helvetica, sans-serif; font-style: normal; font-variant-ligatures: normal; font-variant-caps: normal; font-weight: 400; letter-spacing: normal; orphans: 2; text-indent: 0px; text-transform: none; widows: 2; word-spacing: 0px; -webkit-text-stroke-width: 0px; white-space: normal; background-color: #ffffff; text-decoration-thickness: initial; text-decoration-style: initial; text-decoration-color: initial; text-align: justify;\">\n<p style=\"list-style: none; vertical-align: baseline; margin: 0px; padding: 0px; font-size: 14px; line-height: 1.75em; color: #000000; font-family: open_sansregular, 'Open Sans', Arial, Helvetica, sans-serif; font-style: normal; font-variant-ligatures: normal; font-variant-caps: normal; font-weight: 400; letter-spacing: normal; orphans: 2; text-indent: 0px; text-transform: none; widows: 2; word-spacing: 0px; -webkit-text-stroke-width: 0px; white-space: normal; background-color: #ffffff; text-decoration-thickness: initial; text-decoration-style: initial; text-decoration-color: initial; text-align: justify;\"><span style=\"list-style: none; vertical-align: baseline; margin: 0px; padding: 0px; font-size: 10pt; font-family: verdana, geneva;\">O \u00faltimo dia de atividades (21) da viagem \u00e0 China teve na agenda a visita \u00e0 Universidade de Medicina de Hebei, durante a manh\u00e3. \u00c0 tarde, o grupo conheceu o Museu de Hebei.\u00a0\u00a0No s\u00e1bado (22) a comitiva iniciou a viagem de retorno ao Brasil.<\/span><\/p>\n<\/div>\n","protected":false},"excerpt":{"rendered":"<p>A reitora da Universidade Federal do Sul da Bahia (UFSB), professora Joana Ang\u00e9lica Guimar\u00e3es da Luz, integrou comitiva composta por 18 gestores de institui\u00e7\u00f5es federais de ensino superior do Brasil em visita a universidades e institui\u00e7\u00f5es de pesquisa da China, no per\u00edodo de 14 a 21 de novembro de 2025. A programa\u00e7\u00e3o desenvolvida teve como [&hellip;]<\/p>\n","protected":false},"author":2,"featured_media":131464,"comment_status":"open","ping_status":"open","sticky":false,"template":"","format":"standard","meta":{"_links_to":"","_links_to_target":""},"categories":[1],"tags":[],"_links":{"self":[{"href":"https:\/\/www.r2cpress.com.br\/v1\/wp-json\/wp\/v2\/posts\/131463"}],"collection":[{"href":"https:\/\/www.r2cpress.com.br\/v1\/wp-json\/wp\/v2\/posts"}],"about":[{"href":"https:\/\/www.r2cpress.com.br\/v1\/wp-json\/wp\/v2\/types\/post"}],"author":[{"embeddable":true,"href":"https:\/\/www.r2cpress.com.br\/v1\/wp-json\/wp\/v2\/users\/2"}],"replies":[{"embeddable":true,"href":"https:\/\/www.r2cpress.com.br\/v1\/wp-json\/wp\/v2\/comments?post=131463"}],"version-history":[{"count":1,"href":"https:\/\/www.r2cpress.com.br\/v1\/wp-json\/wp\/v2\/posts\/131463\/revisions"}],"predecessor-version":[{"id":131465,"href":"https:\/\/www.r2cpress.com.br\/v1\/wp-json\/wp\/v2\/posts\/131463\/revisions\/131465"}],"wp:featuredmedia":[{"embeddable":true,"href":"https:\/\/www.r2cpress.com.br\/v1\/wp-json\/wp\/v2\/media\/131464"}],"wp:attachment":[{"href":"https:\/\/www.r2cpress.com.br\/v1\/wp-json\/wp\/v2\/media?parent=131463"}],"wp:term":[{"taxonomy":"category","embeddable":true,"href":"https:\/\/www.r2cpress.com.br\/v1\/wp-json\/wp\/v2\/categories?post=131463"},{"taxonomy":"post_tag","embeddable":true,"href":"https:\/\/www.r2cpress.com.br\/v1\/wp-json\/wp\/v2\/tags?post=131463"}],"curies":[{"name":"wp","href":"https:\/\/api.w.org\/{rel}","templated":true}]}}