{"id":131466,"date":"2025-11-28T20:44:19","date_gmt":"2025-11-28T23:44:19","guid":{"rendered":"https:\/\/www.r2cpress.com.br\/v1\/?p=131466"},"modified":"2025-11-28T20:44:19","modified_gmt":"2025-11-28T23:44:19","slug":"ministerio-da-saude-anuncia-em-salvador-a-ampliacao-da-producao-de-hemoderivados-no-pais","status":"publish","type":"post","link":"https:\/\/www.r2cpress.com.br\/v1\/2025\/11\/28\/ministerio-da-saude-anuncia-em-salvador-a-ampliacao-da-producao-de-hemoderivados-no-pais\/","title":{"rendered":"Minist\u00e9rio da Sa\u00fade anuncia em Salvador a amplia\u00e7\u00e3o da produ\u00e7\u00e3o de hemoderivados no pa\u00eds"},"content":{"rendered":"<div class=\"elementToProof\"><a href=\"https:\/\/www.r2cpress.com.br\/v1\/wp-content\/uploads\/2025\/11\/1000455487.jpg\"><img loading=\"lazy\" class=\"aligncenter size-medium wp-image-131467\" src=\"https:\/\/www.r2cpress.com.br\/v1\/wp-content\/uploads\/2025\/11\/1000455487-300x180.jpg\" alt=\"\" width=\"300\" height=\"180\" srcset=\"https:\/\/www.r2cpress.com.br\/v1\/wp-content\/uploads\/2025\/11\/1000455487-300x180.jpg 300w, https:\/\/www.r2cpress.com.br\/v1\/wp-content\/uploads\/2025\/11\/1000455487.jpg 600w\" sizes=\"(max-width: 300px) 100vw, 300px\" \/><\/a>O Minist\u00e9rio da Sa\u00fade apresenta, nesta sexta-feira (28\/11), \u00e0s 10h, na Funda\u00e7\u00e3o Hemoba, em Salvador, a moderniza\u00e7\u00e3o do parque tecnol\u00f3gico da Hemorrede P\u00fablica brasileira. A iniciativa, que integra o Novo PAC Sa\u00fade, recebeu investimento de R$ 116 milh\u00f5es e tem como objetivo qualificar os servi\u00e7os de hemoterapia em todo o pa\u00eds e ampliar a capacidade nacional de produzir hemoderivados essenciais para o Sistema \u00danico de Sa\u00fade (SUS).<\/div>\n<div class=\"elementToProof\">Durante o evento, a superintendente estadual do Minist\u00e9rio da Sa\u00fade na Bahia (SEMS\/BA), Joanna Paroli, apresenta os novos equipamentos de alta tecnologia destinados \u00e0 Hemorrede, com a presen\u00e7a do diretor geral da Hemoba, Luiz Catto. Os aparelhos representam um avan\u00e7o significativo em termos de efici\u00eancia, seguran\u00e7a e moderniza\u00e7\u00e3o, contribuindo para fortalecer a rede p\u00fablica e garantir maior autonomia ao Brasil na produ\u00e7\u00e3o de medicamentos estrat\u00e9gicos.<\/div>\n<div class=\"elementToProof\">A a\u00e7\u00e3o est\u00e1 alinhada \u00e0s diretrizes do programa Agora Tem Especialistas, que busca fortalecer os servi\u00e7os especializados, reduzir a depend\u00eancia de importa\u00e7\u00f5es e ampliar o acesso a tratamentos fundamentais para a popula\u00e7\u00e3o. Com a moderniza\u00e7\u00e3o, o pa\u00eds d\u00e1 um passo importante rumo \u00e0 consolida\u00e7\u00e3o da soberania sanit\u00e1ria, assegurando mais seguran\u00e7a e agilidade no processamento de plasma e na produ\u00e7\u00e3o de hemoderivados utilizados no tratamento de diversas doen\u00e7as.<\/div>\n<div class=\"elementToProof\">Al\u00e9m de ser realizada em Salvador (BA), a entrega dos equipamentos ser\u00e1 realizada em outros 12 estados em eventos simult\u00e2neos, com participa\u00e7\u00e3o de representantes do Minist\u00e9rio da Sa\u00fade, incluindo o ministro da Sa\u00fade, Alexandre Padilha, da Hemobr\u00e1s e da Hemorrede. A imprensa ser\u00e1 recebida na sede da Hemoba para a cobertura da atividade.<\/div>\n<div class=\"elementToProof\"><\/div>\n<div class=\"elementToProof\"><b>SERVI\u00c7O<\/b><\/div>\n<div class=\"elementToProof\">Fortalecimento da Hemorrede e da produ\u00e7\u00e3o nacional de medicamentos estrat\u00e9gicos para o SUS<\/div>\n<div class=\"elementToProof\">Com Joanna Paroli, superintendente Estadual do Minist\u00e9rio da Sa\u00fade na Bahia (SEMS\/BA)<\/div>\n<div class=\"elementToProof\"><\/div>\n<ul>\n<li>Data: Sexta-feira (28\/11)<\/li>\n<li>Hor\u00e1rio: 10h<\/li>\n<li>Local: Funda\u00e7\u00e3o de Hematologia e Hemoterapia da Bahia (Hemoba) \/ Ladeira do Hospital Geral, s\/n\u00ba \u2013 Brotas, Salvador (BA)<\/li>\n<\/ul>\n<div class=\"elementToProof\"><\/div>\n<div id=\"Signature\">\n<div><\/div>\n<\/div>\n","protected":false},"excerpt":{"rendered":"<p>O Minist\u00e9rio da Sa\u00fade apresenta, nesta sexta-feira (28\/11), \u00e0s 10h, na Funda\u00e7\u00e3o Hemoba, em Salvador, a moderniza\u00e7\u00e3o do parque tecnol\u00f3gico da Hemorrede P\u00fablica brasileira. A iniciativa, que integra o Novo PAC Sa\u00fade, recebeu investimento de R$ 116 milh\u00f5es e tem como objetivo qualificar os servi\u00e7os de hemoterapia em todo o pa\u00eds e ampliar a capacidade [&hellip;]<\/p>\n","protected":false},"author":2,"featured_media":131467,"comment_status":"open","ping_status":"open","sticky":false,"template":"","format":"standard","meta":{"_links_to":"","_links_to_target":""},"categories":[1],"tags":[],"_links":{"self":[{"href":"https:\/\/www.r2cpress.com.br\/v1\/wp-json\/wp\/v2\/posts\/131466"}],"collection":[{"href":"https:\/\/www.r2cpress.com.br\/v1\/wp-json\/wp\/v2\/posts"}],"about":[{"href":"https:\/\/www.r2cpress.com.br\/v1\/wp-json\/wp\/v2\/types\/post"}],"author":[{"embeddable":true,"href":"https:\/\/www.r2cpress.com.br\/v1\/wp-json\/wp\/v2\/users\/2"}],"replies":[{"embeddable":true,"href":"https:\/\/www.r2cpress.com.br\/v1\/wp-json\/wp\/v2\/comments?post=131466"}],"version-history":[{"count":1,"href":"https:\/\/www.r2cpress.com.br\/v1\/wp-json\/wp\/v2\/posts\/131466\/revisions"}],"predecessor-version":[{"id":131468,"href":"https:\/\/www.r2cpress.com.br\/v1\/wp-json\/wp\/v2\/posts\/131466\/revisions\/131468"}],"wp:featuredmedia":[{"embeddable":true,"href":"https:\/\/www.r2cpress.com.br\/v1\/wp-json\/wp\/v2\/media\/131467"}],"wp:attachment":[{"href":"https:\/\/www.r2cpress.com.br\/v1\/wp-json\/wp\/v2\/media?parent=131466"}],"wp:term":[{"taxonomy":"category","embeddable":true,"href":"https:\/\/www.r2cpress.com.br\/v1\/wp-json\/wp\/v2\/categories?post=131466"},{"taxonomy":"post_tag","embeddable":true,"href":"https:\/\/www.r2cpress.com.br\/v1\/wp-json\/wp\/v2\/tags?post=131466"}],"curies":[{"name":"wp","href":"https:\/\/api.w.org\/{rel}","templated":true}]}}