{"id":131570,"date":"2025-12-19T17:16:41","date_gmt":"2025-12-19T20:16:41","guid":{"rendered":"https:\/\/www.r2cpress.com.br\/v1\/?p=131570"},"modified":"2025-12-19T17:16:41","modified_gmt":"2025-12-19T20:16:41","slug":"campanha-de-natal-da-hemoba-mobiliza-doadores-para-reforcar-estoque-de-sangue","status":"publish","type":"post","link":"https:\/\/www.r2cpress.com.br\/v1\/2025\/12\/19\/campanha-de-natal-da-hemoba-mobiliza-doadores-para-reforcar-estoque-de-sangue\/","title":{"rendered":"Campanha de Natal da Hemoba mobiliza doadores para refor\u00e7ar estoque de sangue"},"content":{"rendered":"<div class=\"elementToProof\"><a href=\"https:\/\/www.r2cpress.com.br\/v1\/wp-content\/uploads\/2025\/12\/1000494104.jpg\"><img loading=\"lazy\" class=\"aligncenter size-medium wp-image-131571\" src=\"https:\/\/www.r2cpress.com.br\/v1\/wp-content\/uploads\/2025\/12\/1000494104-240x300.jpg\" alt=\"\" width=\"240\" height=\"300\" srcset=\"https:\/\/www.r2cpress.com.br\/v1\/wp-content\/uploads\/2025\/12\/1000494104-240x300.jpg 240w, https:\/\/www.r2cpress.com.br\/v1\/wp-content\/uploads\/2025\/12\/1000494104.jpg 600w\" sizes=\"(max-width: 240px) 100vw, 240px\" \/><\/a>Para refor\u00e7ar o estoque de sangue durante o per\u00edodo de final de ano, a Hemoba lan\u00e7a a campanha \u201cNeste Natal, fa\u00e7a o bem circular. Doe sangue!\u201d, com o objetivo de conscientizar e mobilizar os doadores a participarem do ciclo da solidariedade que ajuda a salvar vidas. Em dezembro, por causa dos feriados, festas natalinas, f\u00e9rias escolares e viagens, h\u00e1 uma queda no n\u00famero de doadores e, consequentemente, uma diminui\u00e7\u00e3o na capacidade de atender \u00e0 demanda das unidades hospitalares na capital e no interior do estado.<\/div>\n<div class=\"elementToProof\">Al\u00e9m disso, o fluxo nas estradas e o risco de acidentes de tr\u00e2nsito aumentam neste per\u00edodo, elevando a necessidade de transfus\u00f5es sangu\u00edneas. No momento, a Hemoba est\u00e1 com quase todos os tipos sangu\u00edneos em estoque cr\u00edtico (n\u00edveis inferiores a tr\u00eas dias de atendimento), com exce\u00e7\u00e3o dos tipos B positivo e AB positivo e negativo. \u201cHistoricamente, o per\u00edodo de final de ano \u00e9 um dos mais desafiadores para a manuten\u00e7\u00e3o dos estoques de sangue, em raz\u00e3o da redu\u00e7\u00e3o no n\u00famero de doadores, mas tamb\u00e9m somos convidados a refletir sobre solidariedade, cuidado e amor ao pr\u00f3ximo. Cada bolsa doada representa esperan\u00e7a para pacientes que lutam pela vida. \u00c9 um presente que n\u00e3o se compra\u201d, ressalta Riv\u00e2nia Andrade, diretora de Hemoterapia da Hemoba.<\/div>\n<div class=\"elementToProof\"><b>Onde doar \u2013\u00a0<\/b>Em Salvador, a unidade m\u00f3vel de coleta (Hem\u00f3vel) estar\u00e1 no Salvador Shopping, de 18 a 30 de dezembro, das 8h \u00e0s 17h (com uma hora de intervalo para o almo\u00e7o), exceto aos domingos e nos dias 24, 25 e 31 de dezembro e 1\u00ba de janeiro de 2026. O posto tempor\u00e1rio no Shopping Bela Vista funciona durante o m\u00eas de dezembro, exceto nos dias 25 de dezembro e 1\u00ba de janeiro de 2026, das 9h \u00e0s 18h (com uma hora de intervalo para o almo\u00e7o). Nos dias 24 e 31 de dezembro, na capital baiana funcionar\u00e3o apenas a sede da Hemoba, das 7h30 \u00e0s 12h30, e o posto tempor\u00e1rio, das 9h \u00e0s 14h. No interior do estado, as unidades estar\u00e3o fechadas apenas em 25 de dezembro e 1o\u00a0janeiro de 2026, nos demais dias funcionar\u00e3o no hor\u00e1rio habitual.<\/div>\n<div class=\"elementToProof\">O Hemocentro Coordenador funciona de segunda-feira a sexta-feira, das 7h30 \u00e0s 18h30, e aos s\u00e1bados, das 7h30 \u00e0s 16h30; Hospital do Sub\u00farbio, de segunda a sexta-feira, das 7h30 \u00e0s 16h30; Hospital Ana Nery, de ter\u00e7a a sexta-feira, das 7h30 \u00e0s 12h30; Hospital Roberto Santos, de segunda a sexta-feira, das 8h \u00e0s 12h e das 13h \u00e0s 17h; Hospital Santo Ant\u00f4nio (OSID), de segunda a sexta-feira, das 7h10 \u00e0s 11h30 e das 13h \u00e0s 16h. Para informa\u00e7\u00f5es sobre os hor\u00e1rios de atendimento das 21 unidades de coleta no interior, consultar o site da Hemoba:\u00a0<u><a id=\"OWAad56eee3-8b90-5cd1-ac0a-0508d3c62db0\" class=\"OWAAutoLink\" href=\"https:\/\/www.ba.gov.br\/hemoba\/onde-doar\" data-linkindex=\"0\">https:\/\/www.ba.gov.br\/hemoba\/onde-doar<\/a><\/u>.<\/div>\n<p><!--more--><\/p>\n<div class=\"elementToProof\"><b>Crit\u00e9rios para doa\u00e7\u00e3o &#8211;<\/b>\u00a0Para doar sangue, o candidato tem que estar em boas condi\u00e7\u00f5es de sa\u00fade, pesar acima de 50 kg e ter idade entre 16 e 69 anos. Lembrando que menores de 18 anos devem ir acompanhados dos pais ou respons\u00e1vel legal, e idosos acima de 60 anos s\u00f3 podem doar se j\u00e1 tiverem doado anteriormente. No dia da doa\u00e7\u00e3o, o volunt\u00e1rio n\u00e3o pode estar em jejum, n\u00e3o ter ingerido bebida alco\u00f3lica nas 12 horas anteriores \u00e0 doa\u00e7\u00e3o e n\u00e3o ter fumado por pelo menos duas horas antes do procedimento, al\u00e9m de ter dormido por no m\u00ednimo seis horas na noite anterior. Tamb\u00e9m \u00e9 recomend\u00e1vel que evite alimentos gordurosos nas \u00faltimas 4 horas anteriores ao procedimento.<\/div>\n","protected":false},"excerpt":{"rendered":"<p>Para refor\u00e7ar o estoque de sangue durante o per\u00edodo de final de ano, a Hemoba lan\u00e7a a campanha \u201cNeste Natal, fa\u00e7a o bem circular. Doe sangue!\u201d, com o objetivo de conscientizar e mobilizar os doadores a participarem do ciclo da solidariedade que ajuda a salvar vidas. Em dezembro, por causa dos feriados, festas natalinas, f\u00e9rias [&hellip;]<\/p>\n","protected":false},"author":2,"featured_media":131571,"comment_status":"open","ping_status":"open","sticky":false,"template":"","format":"standard","meta":{"_links_to":"","_links_to_target":""},"categories":[1],"tags":[],"_links":{"self":[{"href":"https:\/\/www.r2cpress.com.br\/v1\/wp-json\/wp\/v2\/posts\/131570"}],"collection":[{"href":"https:\/\/www.r2cpress.com.br\/v1\/wp-json\/wp\/v2\/posts"}],"about":[{"href":"https:\/\/www.r2cpress.com.br\/v1\/wp-json\/wp\/v2\/types\/post"}],"author":[{"embeddable":true,"href":"https:\/\/www.r2cpress.com.br\/v1\/wp-json\/wp\/v2\/users\/2"}],"replies":[{"embeddable":true,"href":"https:\/\/www.r2cpress.com.br\/v1\/wp-json\/wp\/v2\/comments?post=131570"}],"version-history":[{"count":1,"href":"https:\/\/www.r2cpress.com.br\/v1\/wp-json\/wp\/v2\/posts\/131570\/revisions"}],"predecessor-version":[{"id":131572,"href":"https:\/\/www.r2cpress.com.br\/v1\/wp-json\/wp\/v2\/posts\/131570\/revisions\/131572"}],"wp:featuredmedia":[{"embeddable":true,"href":"https:\/\/www.r2cpress.com.br\/v1\/wp-json\/wp\/v2\/media\/131571"}],"wp:attachment":[{"href":"https:\/\/www.r2cpress.com.br\/v1\/wp-json\/wp\/v2\/media?parent=131570"}],"wp:term":[{"taxonomy":"category","embeddable":true,"href":"https:\/\/www.r2cpress.com.br\/v1\/wp-json\/wp\/v2\/categories?post=131570"},{"taxonomy":"post_tag","embeddable":true,"href":"https:\/\/www.r2cpress.com.br\/v1\/wp-json\/wp\/v2\/tags?post=131570"}],"curies":[{"name":"wp","href":"https:\/\/api.w.org\/{rel}","templated":true}]}}