{"id":131573,"date":"2025-12-19T17:20:30","date_gmt":"2025-12-19T20:20:30","guid":{"rendered":"https:\/\/www.r2cpress.com.br\/v1\/?p=131573"},"modified":"2025-12-19T17:20:30","modified_gmt":"2025-12-19T20:20:30","slug":"concurso-docente-da-ufsb-abre-inscricoes-hoje-19","status":"publish","type":"post","link":"https:\/\/www.r2cpress.com.br\/v1\/2025\/12\/19\/concurso-docente-da-ufsb-abre-inscricoes-hoje-19\/","title":{"rendered":"Concurso Docente da UFSB abre inscri\u00e7\u00f5es hoje (19)"},"content":{"rendered":"<p style=\"text-align: justify; margin: 0px;\"><span style=\"font-size: 10pt; font-family: verdana, geneva;\"><a href=\"https:\/\/www.r2cpress.com.br\/v1\/wp-content\/uploads\/2025\/12\/1000494115.jpg\"><img loading=\"lazy\" class=\"aligncenter size-medium wp-image-131574\" src=\"https:\/\/www.r2cpress.com.br\/v1\/wp-content\/uploads\/2025\/12\/1000494115-240x300.jpg\" alt=\"\" width=\"240\" height=\"300\" srcset=\"https:\/\/www.r2cpress.com.br\/v1\/wp-content\/uploads\/2025\/12\/1000494115-240x300.jpg 240w, https:\/\/www.r2cpress.com.br\/v1\/wp-content\/uploads\/2025\/12\/1000494115.jpg 600w\" sizes=\"(max-width: 240px) 100vw, 240px\" \/><\/a>Est\u00e3o abertas as inscri\u00e7\u00f5es para Concurso P\u00fablico Docente da Universidade Federal do Sul da Bahia. O concurso visa ao ingresso de 49 docentes na institui\u00e7\u00e3o. As vagas contemplam diversas \u00e1reas do conhecimento, distribu\u00eddas entre os campi Ilh\u00e9us, Jequi\u00e9, Porto Seguro e Teixeira de Freitas.<\/span><\/p>\n<p style=\"text-align: justify; margin: 0px;\">\n<p style=\"text-align: justify; margin: 0px;\"><span style=\"font-size: 10pt; font-family: verdana, geneva;\">A remunera\u00e7\u00e3o varia conforme titula\u00e7\u00e3o e regime de trabalho (Dedica\u00e7\u00e3o Exclusiva ou 20 horas). Os valores podem chegar a\u00a0R$ 14.463,85.<\/span><\/p>\n<p style=\"text-align: justify; margin: 0px;\">\n<p style=\"text-align: justify; margin: 0px;\"><span style=\"font-size: 10pt; font-family: verdana, geneva;\">O concurso ser\u00e1 composto pelas seguintes etapas:<\/span><\/p>\n<ul style=\"text-align: justify;\">\n<li><span style=\"font-size: 10pt; font-family: verdana, geneva;\">1) Prova Escrita (PE) \u2013 eliminat\u00f3ria e classificat\u00f3ria;<\/span><\/li>\n<li><span style=\"font-size: 10pt; font-family: verdana, geneva;\">2) Prova Did\u00e1tica (PD) \u2013 eliminat\u00f3ria e classificat\u00f3ria;<\/span><\/li>\n<li><span style=\"font-size: 10pt; font-family: verdana, geneva;\">3) Prova de T\u00edtulos (PTI) \u2013 classificat\u00f3ria;<\/span><\/li>\n<li><span style=\"font-size: 10pt; font-family: verdana, geneva;\">4) Prova de Plano de Atua\u00e7\u00e3o Profissional (PPAP) \u2013 classificat\u00f3ria, quando prevista para a \u00e1rea.<\/span><\/li>\n<\/ul>\n<p style=\"text-align: justify; margin: 0px;\"><span style=\"font-size: 10pt; font-family: verdana, geneva;\">As inscri\u00e7\u00f5es come\u00e7am hoje e se encerrar\u00e3o no dia 12 de janeiro de 2026, exclusivamente pela internet, por meio do Portal P\u00fablico do SIGRH. Para se inscrever, a\/o candidata\/o deve acessar:<a href=\"https:\/\/sig.ufsb.edu.br\/sigrh\/public\/\" data-linkindex=\"1\">https:\/\/sig.ufsb.edu.br\/sigrh\/public\/<\/a>\u00a0 (Menu \u00e0 esquerda \u2192\u00a0<em>Concursos<\/em>\u00a0\u2192\u00a0<em>Concursos Abertos).<\/em>O valor da taxa de inscri\u00e7\u00e3o \u00e9 de R$ 250,00, a ser paga por Guia de Recolhimento da Uni\u00e3o (GRU).\u00a0<\/span><\/p>\n<p style=\"text-align: justify; margin: 0px;\">\n<p style=\"text-align: justify; margin: 0px;\"><span style=\"font-size: 10pt; font-family: verdana, geneva;\">Para identificar em qual campus a vaga ser\u00e1 ofertada, basta verificar a unidade acad\u00eamica \u00e0 qual ela est\u00e1 vinculada.\u00a0<\/span><span style=\"font-size: 10pt; font-family: verdana, geneva;\">No campus de Ilh\u00e9us, est\u00e3o localizadas as seguintes unidades acad\u00eamicas: IHAC CJA, CFCAF, CFTCI e CFPPTS.\u00a0<\/span><span style=\"font-size: 10pt; font-family: verdana, geneva;\">No campus de Jequi\u00e9, encontra-se o CMUCS.\u00a0<\/span><span style=\"font-size: 10pt; font-family: verdana, geneva;\">No campus de Porto Seguro, est\u00e3o as unidades IHAC CSC, CFCHS, CFAC e CFCAM.\u00a0<\/span><span style=\"font-size: 10pt; font-family: verdana, geneva;\">J\u00e1 no campus de Teixeira de Freitas, est\u00e3o sediadas as unidades IHAC CPF, CFS e CFDT.<\/span><!--more--><\/p>\n<p style=\"text-align: justify; margin: 0px;\">\n<p style=\"text-align: justify; margin: 0px;\"><span style=\"font-size: 10pt; font-family: verdana, geneva;\">\u00c9 importante salientar que houve retifica\u00e7\u00e3o do edital e que os itens 2, 6 e 7 e os anexos I, II e III sofreram altera\u00e7\u00e3o.<a href=\"https:\/\/concursos.ufsb.edu.br\/processos-seletivos\/17\/concurso-publico-para-professor-do-magisterio-superior-\/17\" data-linkindex=\"2\">\u00a0Para conferir as mudan\u00e7as, acesse o Edital retificado.<\/a><\/span><\/p>\n<p style=\"text-align: justify; margin: 0px;\">\n<p style=\"text-align: justify; margin: 0px;\"><span style=\"font-size: 10pt; font-family: verdana, geneva;\"><strong>Cronograma<\/strong><\/span><\/p>\n<ul style=\"text-align: justify;\">\n<li style=\"text-align: justify;\"><span style=\"font-size: 10pt; font-family: verdana, geneva;\">Isen\u00e7\u00e3o: 19\/12 a 29\/12\/2025<\/span><\/li>\n<li style=\"text-align: justify;\"><span style=\"font-size: 10pt; font-family: verdana, geneva;\">Inscri\u00e7\u00e3o: 19\/12\/2025 a 12\/01\/2026<\/span><\/li>\n<li style=\"text-align: justify;\"><span style=\"font-size: 10pt; font-family: verdana, geneva;\">Pagamento da GRU: at\u00e9 12\/01\/2026<\/span><\/li>\n<li style=\"text-align: justify;\"><span style=\"font-size: 10pt; font-family: verdana, geneva;\">Per\u00edodo das provas: 02\/02 a 13\/02\/2026<\/span><\/li>\n<li><span style=\"font-size: 10pt; font-family: verdana, geneva;\">Resultado final (previs\u00e3o): 23\/02\/2026<\/span><\/li>\n<\/ul>\n<p style=\"margin: 0px;\">\n<p style=\"text-align: justify; margin: 0px;\"><span style=\"font-size: 10pt; font-family: verdana, geneva;\">O edital completo, com a rela\u00e7\u00e3o de \u00e1reas, n\u00famero de vagas, requisitos e demais orienta\u00e7\u00f5es, est\u00e1 dispon\u00edvel no\u00a0link:\u00a0<a href=\"https:\/\/concursos.ufsb.edu.br\/processos-seletivos\/17\/concurso-publico-para-professor-do-magisterio-superior-\/17\" data-linkindex=\"3\">https:\/\/concursos.ufsb.edu.br\/processos-seletivos\/17\/concurso-publico-para-professor-do-magisterio-superior-\/17<\/a><\/span><\/p>\n","protected":false},"excerpt":{"rendered":"<p>Est\u00e3o abertas as inscri\u00e7\u00f5es para Concurso P\u00fablico Docente da Universidade Federal do Sul da Bahia. O concurso visa ao ingresso de 49 docentes na institui\u00e7\u00e3o. As vagas contemplam diversas \u00e1reas do conhecimento, distribu\u00eddas entre os campi Ilh\u00e9us, Jequi\u00e9, Porto Seguro e Teixeira de Freitas. A remunera\u00e7\u00e3o varia conforme titula\u00e7\u00e3o e regime de trabalho (Dedica\u00e7\u00e3o Exclusiva [&hellip;]<\/p>\n","protected":false},"author":2,"featured_media":131574,"comment_status":"open","ping_status":"open","sticky":false,"template":"","format":"standard","meta":{"_links_to":"","_links_to_target":""},"categories":[1],"tags":[],"_links":{"self":[{"href":"https:\/\/www.r2cpress.com.br\/v1\/wp-json\/wp\/v2\/posts\/131573"}],"collection":[{"href":"https:\/\/www.r2cpress.com.br\/v1\/wp-json\/wp\/v2\/posts"}],"about":[{"href":"https:\/\/www.r2cpress.com.br\/v1\/wp-json\/wp\/v2\/types\/post"}],"author":[{"embeddable":true,"href":"https:\/\/www.r2cpress.com.br\/v1\/wp-json\/wp\/v2\/users\/2"}],"replies":[{"embeddable":true,"href":"https:\/\/www.r2cpress.com.br\/v1\/wp-json\/wp\/v2\/comments?post=131573"}],"version-history":[{"count":1,"href":"https:\/\/www.r2cpress.com.br\/v1\/wp-json\/wp\/v2\/posts\/131573\/revisions"}],"predecessor-version":[{"id":131575,"href":"https:\/\/www.r2cpress.com.br\/v1\/wp-json\/wp\/v2\/posts\/131573\/revisions\/131575"}],"wp:featuredmedia":[{"embeddable":true,"href":"https:\/\/www.r2cpress.com.br\/v1\/wp-json\/wp\/v2\/media\/131574"}],"wp:attachment":[{"href":"https:\/\/www.r2cpress.com.br\/v1\/wp-json\/wp\/v2\/media?parent=131573"}],"wp:term":[{"taxonomy":"category","embeddable":true,"href":"https:\/\/www.r2cpress.com.br\/v1\/wp-json\/wp\/v2\/categories?post=131573"},{"taxonomy":"post_tag","embeddable":true,"href":"https:\/\/www.r2cpress.com.br\/v1\/wp-json\/wp\/v2\/tags?post=131573"}],"curies":[{"name":"wp","href":"https:\/\/api.w.org\/{rel}","templated":true}]}}