{"id":131603,"date":"2025-12-22T18:01:00","date_gmt":"2025-12-22T21:01:00","guid":{"rendered":"https:\/\/www.r2cpress.com.br\/v1\/?p=131603"},"modified":"2025-12-22T18:01:00","modified_gmt":"2025-12-22T21:01:00","slug":"itacare-samba-festival-encerra-a-sua-1a-edicao-com-sucesso-de-publico-e-encontro-entre-grandes-nomes-da-musica","status":"publish","type":"post","link":"https:\/\/www.r2cpress.com.br\/v1\/2025\/12\/22\/itacare-samba-festival-encerra-a-sua-1a-edicao-com-sucesso-de-publico-e-encontro-entre-grandes-nomes-da-musica\/","title":{"rendered":"Itacar\u00e9 Samba Festival encerra a sua 1\u00aa edi\u00e7\u00e3o com sucesso de p\u00fablico e encontro entre grandes nomes da m\u00fasica"},"content":{"rendered":"<p dir=\"ltr\"><a href=\"https:\/\/www.r2cpress.com.br\/v1\/wp-content\/uploads\/2025\/12\/1000499707.jpg\"><img loading=\"lazy\" class=\"aligncenter size-medium wp-image-131604\" src=\"https:\/\/www.r2cpress.com.br\/v1\/wp-content\/uploads\/2025\/12\/1000499707-225x300.jpg\" alt=\"\" width=\"225\" height=\"300\" srcset=\"https:\/\/www.r2cpress.com.br\/v1\/wp-content\/uploads\/2025\/12\/1000499707-225x300.jpg 225w, https:\/\/www.r2cpress.com.br\/v1\/wp-content\/uploads\/2025\/12\/1000499707.jpg 600w\" sizes=\"(max-width: 225px) 100vw, 225px\" \/><\/a>Com 10h de shows e 10 mil pessoas por noites, o evento se consagra como um dos grandes projetos de ver\u00e3o do munic\u00edpio baiano<\/p>\n<p dir=\"ltr\">Mundialmente conhecida por suas belezas naturais, a cidade de Itacar\u00e9 \u2013 a cerca de 250 Km de Salvador, provou que tamb\u00e9m \u00e9 um dos principais polos culturais e musicais do estado com a realiza\u00e7\u00e3o da primeira edi\u00e7\u00e3o do Itacar\u00e9 Samba Festival, evento gratuito que abra\u00e7ou diversas vertentes do g\u00eanero e promoveu um encontro especial entre artistas nacionais, regionais e os apaixonados pelo ritmo na Orla da Praia da Coroinha.<\/p>\n<p dir=\"ltr\">A segunda e \u00faltima noite da Festa de Bamba come\u00e7ou no s\u00e1bado (20) e se estendeu at\u00e9 a madrugada deste domingo (21) ao som dos sambistas Ronara Criola, Diogo Nogueira e Marcelinho do Samba.<\/p>\n<p dir=\"ltr\">O cantor e compositor carioca Diogo Nogueira foi a atra\u00e7\u00e3o mais aguardada do evento e trouxe um repert\u00f3rio comemorativo dos seus 20 anos de carreira. Aclamado pelo p\u00fablico, o artista entoou hits eternizados em sua voz, como \u201cP\u00e9 na Areia\u201d e \u201cClareou\u201d, que o consagrou como um dos maiores representantes do samba e pagode da atualidade. No palco, Nogueira destacou a import\u00e2ncia de festivais como esse.<\/p>\n<p dir=\"ltr\">\u201cItacar\u00e9 sabe sambar, sabe receber, sabe ser feliz. \u00c9 um para\u00edso!\u201d<\/p>\n<p dir=\"ltr\">Donos da casa, Ronara Criola e Marcelinho do Samba tamb\u00e9m comandaram a festa. Nascida no Rec\u00f4ncavo Baiano e radicada em Itacar\u00e9, Criola homenageou as ra\u00edzes do samba de roda e a ancestralidade feminina na m\u00fasica. Marcelinho fechou a edi\u00e7\u00e3o com chave de ouro, promovendo um arrast\u00e3o com os grandes cl\u00e1ssicos do cancioneiro.<\/p>\n<p dir=\"ltr\">Com duas noites de festa, seis atra\u00e7\u00f5es (duas nacionais), 10h de m\u00fasica e uma m\u00e9dia de p\u00fablico por dia de 10 mil pessoas, o Itacar\u00e9 Samba Festival foi considerado um sucesso pela administra\u00e7\u00e3o municipal. De acordo com a Secretaria de Turismo, o projeto impactou positivamente o trade, com alta na ocupa\u00e7\u00e3o hoteleira, e marcou o in\u00edcio do ver\u00e3o na cidade.<\/p>\n<p dir=\"ltr\">\u201cO evento cumpriu seu papel e o resultado foi de total alcance \u00e0s nossas expectativas\u201d, comemorou Patr\u00edcia Veras, secret\u00e1ria de turismo em exerc\u00edcio\u201d<\/p>\n<p dir=\"ltr\">O Itacar\u00e9 Samba Festival foi uma realiza\u00e7\u00e3o da Prefeitura Municipal, por meio Secretaria de Turismo de Itacar\u00e9, com apoio da C\u00e2mara Municipal, Setur Bahia e Minist\u00e9rio do Turismo.<\/p>\n","protected":false},"excerpt":{"rendered":"<p>Com 10h de shows e 10 mil pessoas por noites, o evento se consagra como um dos grandes projetos de ver\u00e3o do munic\u00edpio baiano Mundialmente conhecida por suas belezas naturais, a cidade de Itacar\u00e9 \u2013 a cerca de 250 Km de Salvador, provou que tamb\u00e9m \u00e9 um dos principais polos culturais e musicais do estado [&hellip;]<\/p>\n","protected":false},"author":2,"featured_media":131604,"comment_status":"open","ping_status":"open","sticky":false,"template":"","format":"standard","meta":{"_links_to":"","_links_to_target":""},"categories":[1],"tags":[],"_links":{"self":[{"href":"https:\/\/www.r2cpress.com.br\/v1\/wp-json\/wp\/v2\/posts\/131603"}],"collection":[{"href":"https:\/\/www.r2cpress.com.br\/v1\/wp-json\/wp\/v2\/posts"}],"about":[{"href":"https:\/\/www.r2cpress.com.br\/v1\/wp-json\/wp\/v2\/types\/post"}],"author":[{"embeddable":true,"href":"https:\/\/www.r2cpress.com.br\/v1\/wp-json\/wp\/v2\/users\/2"}],"replies":[{"embeddable":true,"href":"https:\/\/www.r2cpress.com.br\/v1\/wp-json\/wp\/v2\/comments?post=131603"}],"version-history":[{"count":1,"href":"https:\/\/www.r2cpress.com.br\/v1\/wp-json\/wp\/v2\/posts\/131603\/revisions"}],"predecessor-version":[{"id":131605,"href":"https:\/\/www.r2cpress.com.br\/v1\/wp-json\/wp\/v2\/posts\/131603\/revisions\/131605"}],"wp:featuredmedia":[{"embeddable":true,"href":"https:\/\/www.r2cpress.com.br\/v1\/wp-json\/wp\/v2\/media\/131604"}],"wp:attachment":[{"href":"https:\/\/www.r2cpress.com.br\/v1\/wp-json\/wp\/v2\/media?parent=131603"}],"wp:term":[{"taxonomy":"category","embeddable":true,"href":"https:\/\/www.r2cpress.com.br\/v1\/wp-json\/wp\/v2\/categories?post=131603"},{"taxonomy":"post_tag","embeddable":true,"href":"https:\/\/www.r2cpress.com.br\/v1\/wp-json\/wp\/v2\/tags?post=131603"}],"curies":[{"name":"wp","href":"https:\/\/api.w.org\/{rel}","templated":true}]}}